{"id":997784,"date":"2025-03-11T19:42:34","date_gmt":"2025-03-11T18:42:34","guid":{"rendered":"https:\/\/ekonomik.opole.pl\/eko3\/?p=997784"},"modified":"2025-03-11T19:42:36","modified_gmt":"2025-03-11T18:42:36","slug":"sukces-naszych-uczniow-w-olimpiadzie-informatycznej","status":"publish","type":"post","link":"http:\/\/ekonomik.opole.pl\/eko3\/sukces-naszych-uczniow-w-olimpiadzie-informatycznej\/","title":{"rendered":"Sukces naszych uczni\u00f3w w Olimpiadzie Informatycznej!"},"content":{"rendered":"<div class=\"vgblk-rw-wrapper limit-wrapper\">\n<p>Z dum\u0105 informujemy, \u017ce&nbsp;<strong>Jacek Dombrowski<\/strong>&nbsp;i&nbsp;<strong>\u0141ukasz Piechaczek<\/strong>, uczniowie klasy&nbsp;<strong>3A<\/strong>&nbsp;kszta\u0142c\u0105cy si\u0119 w zawodzie&nbsp;<strong>technik programista<\/strong>, otrzymali&nbsp;<strong>wyr\u00f3\u017cnienie<\/strong>&nbsp;w zawodach I stopnia&nbsp;<strong>XXXII Olimpiady Informatycznej<\/strong>&nbsp;w wojew\u00f3dztwie opolskim!&nbsp;\ud83c\udfc6\ud83d\udc4f<\/p>\n\n\n\n<p>Serdecznie gratulujemy Jackowi i \u0141ukaszowi oraz ich opiekunowi merytorycznemu,&nbsp;<strong>dr. in\u017c. Piotrowi Dzierwie<\/strong>, za przygotowanie do zawod\u00f3w!&nbsp;\ud83c\udf93<\/p>\n\n\n\n<p>\ud83d\udccc&nbsp;<strong>Olimpiada Informatyczna<\/strong>&nbsp;to presti\u017cowy konkurs dla uczni\u00f3w szk\u00f3\u0142 \u015brednich, kt\u00f3ry od lat wy\u0142ania najlepszych m\u0142odych programist\u00f3w w Polsce. Uczestnicy mierz\u0105 si\u0119 z zaawansowanymi zadaniami algorytmicznymi, wymagaj\u0105cymi logicznego my\u015blenia i umiej\u0119tno\u015bci kodowania. Wi\u0119cej informacji znajdziecie na stronie:&nbsp;\ud83d\udc49&nbsp;<a href=\"https:\/\/www.oi.edu.pl\/\" target=\"_blank\" rel=\"noreferrer noopener\">www.oi.edu.pl<\/a><\/p>\n\n\n\n<p>Jeszcze raz gratulujemy i trzymamy kciuki za kolejne sukcesy naszych uczni\u00f3w!&nbsp;\ud83d\udcaa\ud83d\ude80<\/p>\n\n\n\n<p>#ekonomikopole #OlimpiadaInformatyczna #Sukces #TechnikProgramista #DumaSzko\u0142y #Informatyka&nbsp;<\/p>\n<\/div><!-- .vgblk-rw-wrapper -->","protected":false},"excerpt":{"rendered":"<p>Z dum\u0105 informujemy, \u017ce&nbsp;Jacek Dombrowski&nbsp;i&nbsp;\u0141ukasz Piechaczek, uczniowie klasy&nbsp;3A&nbsp;kszta\u0142c\u0105cy si\u0119 w zawodzie&nbsp;technik programista, otrzymali&nbsp;wyr\u00f3\u017cnienie&nbsp;w zawodach I stopnia&nbsp;XXXII Olimpiady Informatycznej&nbsp;w wojew\u00f3dztwie opolskim!&nbsp;\ud83c\udfc6\ud83d\udc4f Serdecznie gratulujemy Jackowi i \u0141ukaszowi oraz ich opiekunowi merytorycznemu,&nbsp;dr. in\u017c. Piotrowi Dzierwie, za przygotowanie do zawod\u00f3w!&nbsp;\ud83c\udf93 \ud83d\udccc&nbsp;Olimpiada Informatyczna&nbsp;to presti\u017cowy konkurs dla uczni\u00f3w szk\u00f3\u0142 \u015brednich, kt\u00f3ry od lat wy\u0142ania najlepszych m\u0142odych programist\u00f3w w Polsce. Uczestnicy mierz\u0105&#8230;<\/p>\n","protected":false},"author":6,"featured_media":997785,"comment_status":"open","ping_status":"open","sticky":false,"template":"","format":"standard","meta":{"inline_featured_image":false},"categories":[171,186,90],"tags":[],"_links":{"self":[{"href":"http:\/\/ekonomik.opole.pl\/eko3\/wp-json\/wp\/v2\/posts\/997784"}],"collection":[{"href":"http:\/\/ekonomik.opole.pl\/eko3\/wp-json\/wp\/v2\/posts"}],"about":[{"href":"http:\/\/ekonomik.opole.pl\/eko3\/wp-json\/wp\/v2\/types\/post"}],"author":[{"embeddable":true,"href":"http:\/\/ekonomik.opole.pl\/eko3\/wp-json\/wp\/v2\/users\/6"}],"replies":[{"embeddable":true,"href":"http:\/\/ekonomik.opole.pl\/eko3\/wp-json\/wp\/v2\/comments?post=997784"}],"version-history":[{"count":1,"href":"http:\/\/ekonomik.opole.pl\/eko3\/wp-json\/wp\/v2\/posts\/997784\/revisions"}],"predecessor-version":[{"id":997786,"href":"http:\/\/ekonomik.opole.pl\/eko3\/wp-json\/wp\/v2\/posts\/997784\/revisions\/997786"}],"wp:featuredmedia":[{"embeddable":true,"href":"http:\/\/ekonomik.opole.pl\/eko3\/wp-json\/wp\/v2\/media\/997785"}],"wp:attachment":[{"href":"http:\/\/ekonomik.opole.pl\/eko3\/wp-json\/wp\/v2\/media?parent=997784"}],"wp:term":[{"taxonomy":"category","embeddable":true,"href":"http:\/\/ekonomik.opole.pl\/eko3\/wp-json\/wp\/v2\/categories?post=997784"},{"taxonomy":"post_tag","embeddable":true,"href":"http:\/\/ekonomik.opole.pl\/eko3\/wp-json\/wp\/v2\/tags?post=997784"}],"curies":[{"name":"wp","href":"https:\/\/api.w.org\/{rel}","templated":true}]}}