{"id":997810,"date":"2025-03-14T19:02:00","date_gmt":"2025-03-14T18:02:00","guid":{"rendered":"https:\/\/ekonomik.opole.pl\/eko3\/?p=997810"},"modified":"2025-03-16T19:06:06","modified_gmt":"2025-03-16T18:06:06","slug":"ekonomik-z-sukcesem-na-olimpiadzie-przedsiebiorczosci","status":"publish","type":"post","link":"http:\/\/ekonomik.opole.pl\/eko3\/ekonomik-z-sukcesem-na-olimpiadzie-przedsiebiorczosci\/","title":{"rendered":"Ekonomik z sukcesem na Olimpiadzie Przedsi\u0119biorczo\u015bci"},"content":{"rendered":"<div class=\"vgblk-rw-wrapper limit-wrapper\">\n<p>Troje uczni\u00f3w z naszej szko\u0142y 06 marca 2025 r. bra\u0142o udzia\u0142 w <strong>etapie okr\u0119gowym XX Olimpiady Przedsi\u0119biorczo\u015bci<\/strong>, kt\u00f3rego organizatorem by\u0142 <strong>Uniwersytet Ekonomiczny we Wroc\u0142awiu. <\/strong>Byli to:<\/p>\n\n\n\n<ol type=\"1\"><li><strong>Bartosz Drobisz<\/strong> z klasy 5c<\/li><li><strong>Kacper Brzozowski<\/strong> z klasy 2a<\/li><li><strong>Wiktoria Tischbierek<\/strong> z klasy 3b<\/li><\/ol>\n\n\n\n<p><strong>Ca\u0142a tr\u00f3jka naszych uczni\u00f3w wykaza\u0142a si\u0119 ponadprzeci\u0119tn\u0105 wiedz\u0105 z zakresu zarz\u0105dzania, finans\u00f3w, zagadnie\u0144 og\u00f3lnoekonomicznych i gospodarczych, ale tak\u017ce umiej\u0119tno\u015bci\u0105 pracy zespo\u0142owej czy analiz\u0105 konkretnego przypadku biznesowego tzw. case study. <\/strong><strong><\/strong><\/p>\n\n\n\n<p><strong>Ostatecznie Bartosz Drobisz zakwalifikowa\u0142 si\u0119 do kolejnego III etapu tej olimpiady \u2013 etapu centralnego, kt\u00f3ry odb\u0119dzie si\u0119 w Szkole G\u0142\u00f3wnej Handlowej w Warszawie i b\u0119dzie walczy\u0142 o tytu\u0142 finalisty \/ laureata tej presti\u017cowej olimpiady. Dodajmy, \u017ce dla Bartosza to kolejny etap centralny og\u00f3lnopolskiej olimpiady o tematyce ekonomicznej, gdy\u017c podobny sukces odni\u00f3s\u0142 w <\/strong>XXXVIII Olimpiadzie Wiedzy Ekonomicznej.<strong><\/strong><\/p>\n\n\n\n<p><strong>Olimpiada Przedsi\u0119biorczo\u015bci to wsp\u00f3lna inicjatywa Fundacji Promocji i Akredytacji Kierunk\u00f3w Ekonomicznych oraz pi\u0119ciu najwi\u0119kszych polskich uczelni ekonomicznych, ma status jednej z najwi\u0119kszych olimpiad dla uczni\u00f3w szk\u00f3\u0142 \u015brednich, gromadz\u0105c rokrocznie kilkana\u015bcie tysi\u0119cy uczestnik\u00f3w z ponad 1000 szk\u00f3\u0142 z ca\u0142ej Polski. Partnerami g\u0142\u00f3wnymi tego projektu jest<\/strong>&nbsp;<strong>Narodowy Bank Polski<\/strong>&nbsp;oraz&nbsp;<strong>Polsko-Ameryka\u0144ska Fundacja Wolno\u015bci<\/strong>, ale tak\u017ce wiele innych podmiot\u00f3w gospodarczych i spo\u0142ecznych, olimpiada dofinansowywana jest tak\u017ce z dotacji&nbsp;<strong>Ministerstwa Edukacji i Nauki<\/strong>.<strong> Jej celem jest <\/strong>rozbudzanie i wzmacnianie w\u015br\u00f3d m\u0142odzie\u017cy postaw przedsi\u0119biorczych, doskonalenie umiej\u0119tno\u015bci analizy zjawisk zachodz\u0105cych w gospodarce, rozwi\u0105zywania w spos\u00f3b tw\u00f3rczy problem\u00f3w, lepsze przygotowanie do wyzwa\u0144 wsp\u00f3\u0142czesnego \u015bwiata. Tematem przewodnim tegorocznej olimpiady by\u0142a <strong><em>transformacja cyfrowa przedsi\u0119biorstw.<\/em><\/strong><\/p>\n\n\n\n<p>Opiekun merytoryczny uczni\u00f3w w tej olimpiadzie: <strong>Pani Ma\u0142gorzata Radziszewska<\/strong> Gratulujemy ca\u0142ej tr\u00f3jce uczni\u00f3w a za Bartosza trzymamy dalej kciuki!<\/p>\n\n\n\n<div style=\"height:42px\" aria-hidden=\"true\" class=\"wp-block-spacer\"><\/div>\n\n\n\n<figure class=\"wp-block-gallery columns-2 is-cropped\"><ul class=\"blocks-gallery-grid\"><li class=\"blocks-gallery-item\"><figure><a href=\"http:\/\/ekonomik.opole.pl\/eko3\/wp-content\/uploads\/2025\/03\/Bartosz-Drobisz.jpg\"><img loading=\"lazy\" width=\"768\" height=\"1024\" src=\"http:\/\/ekonomik.opole.pl\/eko3\/wp-content\/uploads\/2025\/03\/Bartosz-Drobisz-768x1024.jpg\" alt=\"\" data-id=\"997811\" data-full-url=\"http:\/\/ekonomik.opole.pl\/eko3\/wp-content\/uploads\/2025\/03\/Bartosz-Drobisz.jpg\" data-link=\"https:\/\/ekonomik.opole.pl\/eko3\/?attachment_id=997811\" class=\"wp-image-997811\" srcset=\"http:\/\/ekonomik.opole.pl\/eko3\/wp-content\/uploads\/2025\/03\/Bartosz-Drobisz-768x1024.jpg 768w, http:\/\/ekonomik.opole.pl\/eko3\/wp-content\/uploads\/2025\/03\/Bartosz-Drobisz-225x300.jpg 225w, http:\/\/ekonomik.opole.pl\/eko3\/wp-content\/uploads\/2025\/03\/Bartosz-Drobisz-1152x1536.jpg 1152w, http:\/\/ekonomik.opole.pl\/eko3\/wp-content\/uploads\/2025\/03\/Bartosz-Drobisz-680x907.jpg 680w, http:\/\/ekonomik.opole.pl\/eko3\/wp-content\/uploads\/2025\/03\/Bartosz-Drobisz.jpg 1200w\" sizes=\"(max-width: 768px) 100vw, 768px\" \/><\/a><\/figure><\/li><li class=\"blocks-gallery-item\"><figure><a href=\"http:\/\/ekonomik.opole.pl\/eko3\/wp-content\/uploads\/2025\/03\/Kacper-i-Wiktoria-scaled.jpg\"><img loading=\"lazy\" width=\"768\" height=\"1024\" src=\"http:\/\/ekonomik.opole.pl\/eko3\/wp-content\/uploads\/2025\/03\/Kacper-i-Wiktoria-768x1024.jpg\" alt=\"\" data-id=\"997812\" data-full-url=\"http:\/\/ekonomik.opole.pl\/eko3\/wp-content\/uploads\/2025\/03\/Kacper-i-Wiktoria-scaled.jpg\" data-link=\"https:\/\/ekonomik.opole.pl\/eko3\/?attachment_id=997812\" class=\"wp-image-997812\" srcset=\"http:\/\/ekonomik.opole.pl\/eko3\/wp-content\/uploads\/2025\/03\/Kacper-i-Wiktoria-768x1024.jpg 768w, http:\/\/ekonomik.opole.pl\/eko3\/wp-content\/uploads\/2025\/03\/Kacper-i-Wiktoria-225x300.jpg 225w, http:\/\/ekonomik.opole.pl\/eko3\/wp-content\/uploads\/2025\/03\/Kacper-i-Wiktoria-1152x1536.jpg 1152w, http:\/\/ekonomik.opole.pl\/eko3\/wp-content\/uploads\/2025\/03\/Kacper-i-Wiktoria-1536x2048.jpg 1536w, http:\/\/ekonomik.opole.pl\/eko3\/wp-content\/uploads\/2025\/03\/Kacper-i-Wiktoria-1360x1813.jpg 1360w, http:\/\/ekonomik.opole.pl\/eko3\/wp-content\/uploads\/2025\/03\/Kacper-i-Wiktoria-680x907.jpg 680w, http:\/\/ekonomik.opole.pl\/eko3\/wp-content\/uploads\/2025\/03\/Kacper-i-Wiktoria-scaled.jpg 1920w\" sizes=\"(max-width: 768px) 100vw, 768px\" \/><\/a><\/figure><\/li><\/ul><\/figure>\n<\/div><!-- .vgblk-rw-wrapper -->","protected":false},"excerpt":{"rendered":"<p>Troje uczni\u00f3w z naszej szko\u0142y 06 marca 2025 r. bra\u0142o udzia\u0142 w etapie okr\u0119gowym XX Olimpiady Przedsi\u0119biorczo\u015bci, kt\u00f3rego organizatorem by\u0142 Uniwersytet Ekonomiczny we Wroc\u0142awiu. Byli to: Bartosz Drobisz z klasy 5c Kacper Brzozowski z klasy 2a Wiktoria Tischbierek z klasy 3b Ca\u0142a tr\u00f3jka naszych uczni\u00f3w wykaza\u0142a si\u0119 ponadprzeci\u0119tn\u0105 wiedz\u0105 z zakresu zarz\u0105dzania, finans\u00f3w, zagadnie\u0144 og\u00f3lnoekonomicznych&#8230;<\/p>\n","protected":false},"author":6,"featured_media":997814,"comment_status":"open","ping_status":"open","sticky":false,"template":"","format":"standard","meta":{"inline_featured_image":false},"categories":[171,186],"tags":[],"_links":{"self":[{"href":"http:\/\/ekonomik.opole.pl\/eko3\/wp-json\/wp\/v2\/posts\/997810"}],"collection":[{"href":"http:\/\/ekonomik.opole.pl\/eko3\/wp-json\/wp\/v2\/posts"}],"about":[{"href":"http:\/\/ekonomik.opole.pl\/eko3\/wp-json\/wp\/v2\/types\/post"}],"author":[{"embeddable":true,"href":"http:\/\/ekonomik.opole.pl\/eko3\/wp-json\/wp\/v2\/users\/6"}],"replies":[{"embeddable":true,"href":"http:\/\/ekonomik.opole.pl\/eko3\/wp-json\/wp\/v2\/comments?post=997810"}],"version-history":[{"count":1,"href":"http:\/\/ekonomik.opole.pl\/eko3\/wp-json\/wp\/v2\/posts\/997810\/revisions"}],"predecessor-version":[{"id":997813,"href":"http:\/\/ekonomik.opole.pl\/eko3\/wp-json\/wp\/v2\/posts\/997810\/revisions\/997813"}],"wp:featuredmedia":[{"embeddable":true,"href":"http:\/\/ekonomik.opole.pl\/eko3\/wp-json\/wp\/v2\/media\/997814"}],"wp:attachment":[{"href":"http:\/\/ekonomik.opole.pl\/eko3\/wp-json\/wp\/v2\/media?parent=997810"}],"wp:term":[{"taxonomy":"category","embeddable":true,"href":"http:\/\/ekonomik.opole.pl\/eko3\/wp-json\/wp\/v2\/categories?post=997810"},{"taxonomy":"post_tag","embeddable":true,"href":"http:\/\/ekonomik.opole.pl\/eko3\/wp-json\/wp\/v2\/tags?post=997810"}],"curies":[{"name":"wp","href":"https:\/\/api.w.org\/{rel}","templated":true}]}}