{"id":997816,"date":"2025-03-14T17:15:00","date_gmt":"2025-03-14T16:15:00","guid":{"rendered":"https:\/\/ekonomik.opole.pl\/eko3\/?p=997816"},"modified":"2025-03-17T21:26:18","modified_gmt":"2025-03-17T20:26:18","slug":"iv-edycja-programu-edukacyjno-stypendialnego-akcelerator","status":"publish","type":"post","link":"http:\/\/ekonomik.opole.pl\/eko3\/iv-edycja-programu-edukacyjno-stypendialnego-akcelerator\/","title":{"rendered":"IV edycja Programu edukacyjno-stypendialnego Akcelerator"},"content":{"rendered":"<div class=\"vgblk-rw-wrapper limit-wrapper\">\n<p>Informujemy, \u017ce rozpocz\u0105\u0142 si\u0119 nab\u00f3r (do 31 marca 2025r.) do czwartej edycji&nbsp;<strong>Programu edukacyjno-stypendialnego Akcelerator<\/strong>&nbsp;Fundacji Inter Cars. Program ten jest dedykowany utalentowanym uczniom i uczennicom szk\u00f3\u0142 technicznych oraz bran\u017cowych. Celem Programu jest zapewnienie wsparcia rozwojowego, edukacyjnego oraz finansowego m\u0142odzie\u017cy, kt\u00f3ra swoj\u0105 przysz\u0142o\u015b\u0107 wi\u0105\u017ce z bran\u017c\u0105 motoryzacyjn\u0105 i logistyczn\u0105.&nbsp;<\/p>\n\n\n\n<p>Laureaci i laureatki stypendium b\u0119d\u0105 mieli mo\u017cliwo\u015b\u0107 rozwijania swoich umiej\u0119tno\u015bci poprzez uczestnictwo w profesjonalnych szkoleniach i warsztatach organizowanych przez Fundacj\u0119 Inter Cars. Ponadto, otrzymaj\u0105 wsparcie mentorskie od ekspert\u00f3w z Inter Cars S.A. oraz wezm\u0105 udzia\u0142 w letnim obozie edukacyjnym. Spo\u015br\u00f3d zg\u0142oszonych kandydat\u00f3w, komisja konkursowa wybierze dwudziestu stypendyst\u00f3w, kt\u00f3rzy zostan\u0105 zaproszeni do Programu w roku szkolnym 2025\/2026.<\/p>\n\n\n\n<p>\u00a0Szczeg\u00f3\u0142owe informacje dotycz\u0105ce programu oraz procesu rekrutacji mo\u017cna znale\u017a\u0107 \u00a0na stronie internetowej:\u00a0<a rel=\"noreferrer noopener\" href=\"https:\/\/fundacja.intercars.eu\/programy\/program-akcelerator-napedzamy-twoje-marzenia\/\" target=\"_blank\"><strong><span class=\"has-inline-color has-luminous-vivid-orange-color\">https:\/\/fundacja.intercars.eu\/programy\/program-akcelerator-napedzamy-twoje-marzenia\/<\/span><\/strong><\/a>.<\/p>\n<\/div><!-- .vgblk-rw-wrapper -->","protected":false},"excerpt":{"rendered":"<p>Informujemy, \u017ce rozpocz\u0105\u0142 si\u0119 nab\u00f3r (do 31 marca 2025r.) do czwartej edycji&nbsp;Programu edukacyjno-stypendialnego Akcelerator&nbsp;Fundacji Inter Cars. Program ten jest dedykowany utalentowanym uczniom i uczennicom szk\u00f3\u0142 technicznych oraz bran\u017cowych. Celem Programu jest zapewnienie wsparcia rozwojowego, edukacyjnego oraz finansowego m\u0142odzie\u017cy, kt\u00f3ra swoj\u0105 przysz\u0142o\u015b\u0107 wi\u0105\u017ce z bran\u017c\u0105 motoryzacyjn\u0105 i logistyczn\u0105.&nbsp; Laureaci i laureatki stypendium b\u0119d\u0105 mieli mo\u017cliwo\u015b\u0107 rozwijania&#8230;<\/p>\n","protected":false},"author":6,"featured_media":997817,"comment_status":"open","ping_status":"open","sticky":false,"template":"","format":"standard","meta":{"inline_featured_image":false},"categories":[322,188],"tags":[],"_links":{"self":[{"href":"http:\/\/ekonomik.opole.pl\/eko3\/wp-json\/wp\/v2\/posts\/997816"}],"collection":[{"href":"http:\/\/ekonomik.opole.pl\/eko3\/wp-json\/wp\/v2\/posts"}],"about":[{"href":"http:\/\/ekonomik.opole.pl\/eko3\/wp-json\/wp\/v2\/types\/post"}],"author":[{"embeddable":true,"href":"http:\/\/ekonomik.opole.pl\/eko3\/wp-json\/wp\/v2\/users\/6"}],"replies":[{"embeddable":true,"href":"http:\/\/ekonomik.opole.pl\/eko3\/wp-json\/wp\/v2\/comments?post=997816"}],"version-history":[{"count":2,"href":"http:\/\/ekonomik.opole.pl\/eko3\/wp-json\/wp\/v2\/posts\/997816\/revisions"}],"predecessor-version":[{"id":997820,"href":"http:\/\/ekonomik.opole.pl\/eko3\/wp-json\/wp\/v2\/posts\/997816\/revisions\/997820"}],"wp:featuredmedia":[{"embeddable":true,"href":"http:\/\/ekonomik.opole.pl\/eko3\/wp-json\/wp\/v2\/media\/997817"}],"wp:attachment":[{"href":"http:\/\/ekonomik.opole.pl\/eko3\/wp-json\/wp\/v2\/media?parent=997816"}],"wp:term":[{"taxonomy":"category","embeddable":true,"href":"http:\/\/ekonomik.opole.pl\/eko3\/wp-json\/wp\/v2\/categories?post=997816"},{"taxonomy":"post_tag","embeddable":true,"href":"http:\/\/ekonomik.opole.pl\/eko3\/wp-json\/wp\/v2\/tags?post=997816"}],"curies":[{"name":"wp","href":"https:\/\/api.w.org\/{rel}","templated":true}]}}