{"id":997821,"date":"2025-03-17T16:40:00","date_gmt":"2025-03-17T15:40:00","guid":{"rendered":"https:\/\/ekonomik.opole.pl\/eko3\/?p=997821"},"modified":"2025-03-17T21:43:23","modified_gmt":"2025-03-17T20:43:23","slug":"wielki-sukces-uczniow-klasy-4a-w-ogolnopolskim-konkursie-poligraficznym","status":"publish","type":"post","link":"http:\/\/ekonomik.opole.pl\/eko3\/wielki-sukces-uczniow-klasy-4a-w-ogolnopolskim-konkursie-poligraficznym\/","title":{"rendered":"Wielki sukces uczni\u00f3w klasy 4A w Og\u00f3lnopolskim Konkursie Poligraficznym!"},"content":{"rendered":"<div class=\"vgblk-rw-wrapper limit-wrapper\">\n<p>Z ogromn\u0105 dum\u0105 informujemy, \u017ce\u00a0<strong>Marta Pater i Piotr Lis<\/strong>, uczniowie klasy 4A, odnie\u015bli wielki sukces w\u00a0<strong>IX edycji Og\u00f3lnopolskiego Konkursu Poligraficznego<\/strong>! <\/p>\n\n\n\n<p><strong>Fina\u0142 konkursu<\/strong>\u00a0odby\u0142 si\u0119\u00a0<strong>14 marca 2025 r.<\/strong>\u00a0w\u00a0<strong>Zak\u0142adzie Technologii Poligraficznych Politechniki Warszawskiej<\/strong>. W rywalizacji wzi\u0119\u0142o udzia\u0142 a\u017c\u00a0<strong>1039 uczestnik\u00f3w z ca\u0142ej Polski<\/strong>, a nasi uczniowie wywalczyli\u00a0<strong>tytu\u0142 finalist\u00f3w oraz indeksy Politechniki Warszawskiej<\/strong>! <\/p>\n\n\n\n<p>To ogromne osi\u0105gni\u0119cie, kt\u00f3re jest efektem ich ci\u0119\u017ckiej pracy oraz wsparcia nauczycieli przedmiot\u00f3w zawodowych.&nbsp;<strong>Opiekunem merytorycznym&nbsp;<\/strong>by\u0142&nbsp;<strong>dr in\u017c. Piotr Dzierwa<\/strong>, a podczas fina\u0142u uczniom towarzyszy\u0142a&nbsp;<strong>mgr in\u017c. Izabela Tkocz<\/strong>.<\/p>\n\n\n\n<p>Serdecznie\u00a0<strong>gratulujemy<\/strong>\u00a0i \u017cyczymy dalszych sukces\u00f3w na drodze do kariery w \u015bwiecie poligrafii! <\/p>\n\n\n\n<div style=\"height:40px\" aria-hidden=\"true\" class=\"wp-block-spacer\"><\/div>\n\n\n\n<figure class=\"wp-block-gallery columns-6 is-cropped\"><ul class=\"blocks-gallery-grid\"><li class=\"blocks-gallery-item\"><figure><a href=\"http:\/\/ekonomik.opole.pl\/eko3\/wp-content\/uploads\/2025\/03\/2.jpeg\"><img loading=\"lazy\" width=\"768\" height=\"1024\" src=\"http:\/\/ekonomik.opole.pl\/eko3\/wp-content\/uploads\/2025\/03\/2-768x1024.jpeg\" alt=\"\" data-id=\"997824\" data-full-url=\"http:\/\/ekonomik.opole.pl\/eko3\/wp-content\/uploads\/2025\/03\/2.jpeg\" data-link=\"https:\/\/ekonomik.opole.pl\/eko3\/?attachment_id=997824\" class=\"wp-image-997824\" srcset=\"http:\/\/ekonomik.opole.pl\/eko3\/wp-content\/uploads\/2025\/03\/2-768x1024.jpeg 768w, http:\/\/ekonomik.opole.pl\/eko3\/wp-content\/uploads\/2025\/03\/2-225x300.jpeg 225w, http:\/\/ekonomik.opole.pl\/eko3\/wp-content\/uploads\/2025\/03\/2-680x907.jpeg 680w, http:\/\/ekonomik.opole.pl\/eko3\/wp-content\/uploads\/2025\/03\/2.jpeg 960w\" sizes=\"(max-width: 768px) 100vw, 768px\" \/><\/a><\/figure><\/li><li class=\"blocks-gallery-item\"><figure><a href=\"http:\/\/ekonomik.opole.pl\/eko3\/wp-content\/uploads\/2025\/03\/1.jpeg\"><img loading=\"lazy\" width=\"768\" height=\"1024\" src=\"http:\/\/ekonomik.opole.pl\/eko3\/wp-content\/uploads\/2025\/03\/1-768x1024.jpeg\" alt=\"\" data-id=\"997823\" data-full-url=\"http:\/\/ekonomik.opole.pl\/eko3\/wp-content\/uploads\/2025\/03\/1.jpeg\" data-link=\"https:\/\/ekonomik.opole.pl\/eko3\/?attachment_id=997823\" class=\"wp-image-997823\" srcset=\"http:\/\/ekonomik.opole.pl\/eko3\/wp-content\/uploads\/2025\/03\/1-768x1024.jpeg 768w, http:\/\/ekonomik.opole.pl\/eko3\/wp-content\/uploads\/2025\/03\/1-225x300.jpeg 225w, http:\/\/ekonomik.opole.pl\/eko3\/wp-content\/uploads\/2025\/03\/1-680x907.jpeg 680w, http:\/\/ekonomik.opole.pl\/eko3\/wp-content\/uploads\/2025\/03\/1.jpeg 960w\" sizes=\"(max-width: 768px) 100vw, 768px\" \/><\/a><\/figure><\/li><li class=\"blocks-gallery-item\"><figure><a href=\"http:\/\/ekonomik.opole.pl\/eko3\/wp-content\/uploads\/2025\/03\/3.jpeg\"><img loading=\"lazy\" width=\"768\" height=\"1024\" src=\"http:\/\/ekonomik.opole.pl\/eko3\/wp-content\/uploads\/2025\/03\/3-768x1024.jpeg\" alt=\"\" data-id=\"997825\" data-full-url=\"http:\/\/ekonomik.opole.pl\/eko3\/wp-content\/uploads\/2025\/03\/3.jpeg\" data-link=\"https:\/\/ekonomik.opole.pl\/eko3\/?attachment_id=997825\" class=\"wp-image-997825\" srcset=\"http:\/\/ekonomik.opole.pl\/eko3\/wp-content\/uploads\/2025\/03\/3-768x1024.jpeg 768w, http:\/\/ekonomik.opole.pl\/eko3\/wp-content\/uploads\/2025\/03\/3-225x300.jpeg 225w, http:\/\/ekonomik.opole.pl\/eko3\/wp-content\/uploads\/2025\/03\/3-680x907.jpeg 680w, http:\/\/ekonomik.opole.pl\/eko3\/wp-content\/uploads\/2025\/03\/3.jpeg 960w\" sizes=\"(max-width: 768px) 100vw, 768px\" \/><\/a><\/figure><\/li><li class=\"blocks-gallery-item\"><figure><a href=\"http:\/\/ekonomik.opole.pl\/eko3\/wp-content\/uploads\/2025\/03\/Unknown-2.jpeg\"><img loading=\"lazy\" width=\"768\" height=\"1024\" src=\"http:\/\/ekonomik.opole.pl\/eko3\/wp-content\/uploads\/2025\/03\/Unknown-2-768x1024.jpeg\" alt=\"\" data-id=\"997828\" data-full-url=\"http:\/\/ekonomik.opole.pl\/eko3\/wp-content\/uploads\/2025\/03\/Unknown-2.jpeg\" data-link=\"https:\/\/ekonomik.opole.pl\/eko3\/?attachment_id=997828\" class=\"wp-image-997828\" srcset=\"http:\/\/ekonomik.opole.pl\/eko3\/wp-content\/uploads\/2025\/03\/Unknown-2-768x1024.jpeg 768w, http:\/\/ekonomik.opole.pl\/eko3\/wp-content\/uploads\/2025\/03\/Unknown-2-225x300.jpeg 225w, http:\/\/ekonomik.opole.pl\/eko3\/wp-content\/uploads\/2025\/03\/Unknown-2-680x907.jpeg 680w, http:\/\/ekonomik.opole.pl\/eko3\/wp-content\/uploads\/2025\/03\/Unknown-2.jpeg 960w\" sizes=\"(max-width: 768px) 100vw, 768px\" \/><\/a><\/figure><\/li><li class=\"blocks-gallery-item\"><figure><a href=\"http:\/\/ekonomik.opole.pl\/eko3\/wp-content\/uploads\/2025\/03\/4.jpeg\"><img loading=\"lazy\" width=\"1024\" height=\"643\" src=\"http:\/\/ekonomik.opole.pl\/eko3\/wp-content\/uploads\/2025\/03\/4-1024x643.jpeg\" alt=\"\" data-id=\"997826\" data-full-url=\"http:\/\/ekonomik.opole.pl\/eko3\/wp-content\/uploads\/2025\/03\/4.jpeg\" data-link=\"https:\/\/ekonomik.opole.pl\/eko3\/?attachment_id=997826\" class=\"wp-image-997826\" srcset=\"http:\/\/ekonomik.opole.pl\/eko3\/wp-content\/uploads\/2025\/03\/4-1024x643.jpeg 1024w, http:\/\/ekonomik.opole.pl\/eko3\/wp-content\/uploads\/2025\/03\/4-300x188.jpeg 300w, http:\/\/ekonomik.opole.pl\/eko3\/wp-content\/uploads\/2025\/03\/4-768x482.jpeg 768w, http:\/\/ekonomik.opole.pl\/eko3\/wp-content\/uploads\/2025\/03\/4-680x427.jpeg 680w, http:\/\/ekonomik.opole.pl\/eko3\/wp-content\/uploads\/2025\/03\/4.jpeg 1280w\" sizes=\"(max-width: 1024px) 100vw, 1024px\" \/><\/a><\/figure><\/li><li class=\"blocks-gallery-item\"><figure><a href=\"http:\/\/ekonomik.opole.pl\/eko3\/wp-content\/uploads\/2025\/03\/Unknown-3.jpeg\"><img loading=\"lazy\" width=\"768\" height=\"1024\" src=\"http:\/\/ekonomik.opole.pl\/eko3\/wp-content\/uploads\/2025\/03\/Unknown-3-768x1024.jpeg\" alt=\"\" data-id=\"997822\" data-full-url=\"http:\/\/ekonomik.opole.pl\/eko3\/wp-content\/uploads\/2025\/03\/Unknown-3.jpeg\" data-link=\"https:\/\/ekonomik.opole.pl\/eko3\/?attachment_id=997822\" class=\"wp-image-997822\" srcset=\"http:\/\/ekonomik.opole.pl\/eko3\/wp-content\/uploads\/2025\/03\/Unknown-3-768x1024.jpeg 768w, http:\/\/ekonomik.opole.pl\/eko3\/wp-content\/uploads\/2025\/03\/Unknown-3-225x300.jpeg 225w, http:\/\/ekonomik.opole.pl\/eko3\/wp-content\/uploads\/2025\/03\/Unknown-3-680x907.jpeg 680w, http:\/\/ekonomik.opole.pl\/eko3\/wp-content\/uploads\/2025\/03\/Unknown-3.jpeg 960w\" sizes=\"(max-width: 768px) 100vw, 768px\" \/><\/a><\/figure><\/li><\/ul><\/figure>\n<\/div><!-- .vgblk-rw-wrapper -->","protected":false},"excerpt":{"rendered":"<p>Z ogromn\u0105 dum\u0105 informujemy, \u017ce\u00a0Marta Pater i Piotr Lis, uczniowie klasy 4A, odnie\u015bli wielki sukces w\u00a0IX edycji Og\u00f3lnopolskiego Konkursu Poligraficznego! Fina\u0142 konkursu\u00a0odby\u0142 si\u0119\u00a014 marca 2025 r.\u00a0w\u00a0Zak\u0142adzie Technologii Poligraficznych Politechniki Warszawskiej. W rywalizacji wzi\u0119\u0142o udzia\u0142 a\u017c\u00a01039 uczestnik\u00f3w z ca\u0142ej Polski, a nasi uczniowie wywalczyli\u00a0tytu\u0142 finalist\u00f3w oraz indeksy Politechniki Warszawskiej! To ogromne osi\u0105gni\u0119cie, kt\u00f3re jest efektem ich&#8230;<\/p>\n","protected":false},"author":6,"featured_media":997827,"comment_status":"open","ping_status":"open","sticky":false,"template":"","format":"standard","meta":{"inline_featured_image":false},"categories":[88,171,186],"tags":[],"_links":{"self":[{"href":"http:\/\/ekonomik.opole.pl\/eko3\/wp-json\/wp\/v2\/posts\/997821"}],"collection":[{"href":"http:\/\/ekonomik.opole.pl\/eko3\/wp-json\/wp\/v2\/posts"}],"about":[{"href":"http:\/\/ekonomik.opole.pl\/eko3\/wp-json\/wp\/v2\/types\/post"}],"author":[{"embeddable":true,"href":"http:\/\/ekonomik.opole.pl\/eko3\/wp-json\/wp\/v2\/users\/6"}],"replies":[{"embeddable":true,"href":"http:\/\/ekonomik.opole.pl\/eko3\/wp-json\/wp\/v2\/comments?post=997821"}],"version-history":[{"count":1,"href":"http:\/\/ekonomik.opole.pl\/eko3\/wp-json\/wp\/v2\/posts\/997821\/revisions"}],"predecessor-version":[{"id":997829,"href":"http:\/\/ekonomik.opole.pl\/eko3\/wp-json\/wp\/v2\/posts\/997821\/revisions\/997829"}],"wp:featuredmedia":[{"embeddable":true,"href":"http:\/\/ekonomik.opole.pl\/eko3\/wp-json\/wp\/v2\/media\/997827"}],"wp:attachment":[{"href":"http:\/\/ekonomik.opole.pl\/eko3\/wp-json\/wp\/v2\/media?parent=997821"}],"wp:term":[{"taxonomy":"category","embeddable":true,"href":"http:\/\/ekonomik.opole.pl\/eko3\/wp-json\/wp\/v2\/categories?post=997821"},{"taxonomy":"post_tag","embeddable":true,"href":"http:\/\/ekonomik.opole.pl\/eko3\/wp-json\/wp\/v2\/tags?post=997821"}],"curies":[{"name":"wp","href":"https:\/\/api.w.org\/{rel}","templated":true}]}}