{"id":997833,"date":"2025-03-19T18:15:00","date_gmt":"2025-03-19T17:15:00","guid":{"rendered":"https:\/\/ekonomik.opole.pl\/eko3\/?p=997833"},"modified":"2025-03-20T12:31:31","modified_gmt":"2025-03-20T11:31:31","slug":"film-wizerunkowy-ekonomika-do-przodu","status":"publish","type":"post","link":"http:\/\/ekonomik.opole.pl\/eko3\/film-wizerunkowy-ekonomika-do-przodu\/","title":{"rendered":"Film wizerunkowy EKONOMIKA \u2013 do przodu!"},"content":{"rendered":"<div class=\"vgblk-rw-wrapper limit-wrapper\">\n<figure class=\"wp-block-embed is-type-video is-provider-youtube wp-block-embed-youtube wp-embed-aspect-16-9 wp-has-aspect-ratio\"><div class=\"wp-block-embed__wrapper\">\n<iframe loading=\"lazy\" title=\"Ekonomik.OPOLE 2025 | TECHNIKUM NR 3\" width=\"1360\" height=\"765\" src=\"https:\/\/www.youtube.com\/embed\/Br5sZF0nWqY?start=5&#038;feature=oembed\" frameborder=\"0\" allow=\"accelerometer; autoplay; clipboard-write; encrypted-media; gyroscope; picture-in-picture; web-share\" referrerpolicy=\"strict-origin-when-cross-origin\" allowfullscreen><\/iframe>\n<\/div><\/figure>\n\n\n\n<p>Film wizerunkowy EKONOMIKA \u2013 do przodu!<br>Z dum\u0105 prezentujemy efekt pracy naszych uczni\u00f3w! Motywem przewodnim filmu jest droga \u2013 metafora \u017cycia, dojrzewania, przemiany i poszukiwania sensu &#8211; tak czuj\u0105 m\u0142odzi ludzie &#8211; tw\u00f3rcy obrazu.<br>Na tej drodze spotykamy inspiruj\u0105cych ludzi, zawieramy nowe znajomo\u015bci, uczymy si\u0119 nowych kompetencji. \ud835\uddde\ud835\uddf9\ud835\uddf6\ud835\uddfa\ud835\uddee\ud835\ude01 \ud835\ude04 \ud835\uddf3\ud835\uddf6\ud835\uddf9\ud835\uddfa\ud835\uddf6\ud835\uddf2 \ud835\ude01\ud835\uddfc \ud835\uddf4\u0142\ud835\uddfc\ud835\ude00 \ud835\uddfd\ud835\uddfc\ud835\uddf8\ud835\uddfc\ud835\uddf9\ud835\uddf2\ud835\uddfb\ud835\uddf6\ud835\uddee! Jak m\u00f3wi g\u0142\u00f3wny tw\u00f3rca &#8211; \ud835\uddd5\ud835\uddee\ud835\uddff\ud835\ude01\ud835\uddfc\ud835\ude00\ud835\ude07 \ud835\uddea\ud835\uddf6\ud835\uddf2\ud835\uddff\ud835\ude07\ud835\uddef\ud835\uddf6\ud835\uddf0\ud835\uddf8\ud835\uddf6 [technik reklamy] &#8211; film trzeba odbiera\u0107 sercem i emocjami. To My! We ARE<br>Zapraszamy do obejrzenia i wsp\u00f3lnego prze\u017cywania tej podr\u00f3\u017cy!<br>RE\u017bYSERIA \/ ZDJ\u0118CIA \/ MONTA\u017b: Bartosz Wierzbicki<br>SCENARIUSZ: Bartosz Wierzbicki, Karolina Nowak, Hanna Wi\u0119c\u0142aw, Lucas Obst, Victoria Grabelus, Jagoda \u0141ukasik, Julia Wiench<br>KONCEPCJA KREATYWNA \/ OPIEKUN MERYTORYCZNY: mgr Piotr W\u00f3jcik<\/p>\n\n\n\n<p><\/p>\n<\/div><!-- .vgblk-rw-wrapper -->","protected":false},"excerpt":{"rendered":"<p>Film wizerunkowy EKONOMIKA \u2013 do przodu!Z dum\u0105 prezentujemy efekt pracy naszych uczni\u00f3w! Motywem przewodnim filmu jest droga \u2013 metafora \u017cycia, dojrzewania, przemiany i poszukiwania sensu &#8211; tak czuj\u0105 m\u0142odzi ludzie &#8211; tw\u00f3rcy obrazu.Na tej drodze spotykamy inspiruj\u0105cych ludzi, zawieramy nowe znajomo\u015bci, uczymy si\u0119 nowych kompetencji. \ud835\uddde\ud835\uddf9\ud835\uddf6\ud835\uddfa\ud835\uddee\ud835\ude01 \ud835\ude04 \ud835\uddf3\ud835\uddf6\ud835\uddf9\ud835\uddfa\ud835\uddf6\ud835\uddf2 \ud835\ude01\ud835\uddfc \ud835\uddf4\u0142\ud835\uddfc\ud835\ude00 \ud835\uddfd\ud835\uddfc\ud835\uddf8\ud835\uddfc\ud835\uddf9\ud835\uddf2\ud835\uddfb\ud835\uddf6\ud835\uddee! Jak m\u00f3wi g\u0142\u00f3wny tw\u00f3rca&#8230;<\/p>\n","protected":false},"author":6,"featured_media":997835,"comment_status":"open","ping_status":"open","sticky":false,"template":"","format":"standard","meta":{"inline_featured_image":false},"categories":[87,164,88,85,86,89,90,91,323],"tags":[],"_links":{"self":[{"href":"http:\/\/ekonomik.opole.pl\/eko3\/wp-json\/wp\/v2\/posts\/997833"}],"collection":[{"href":"http:\/\/ekonomik.opole.pl\/eko3\/wp-json\/wp\/v2\/posts"}],"about":[{"href":"http:\/\/ekonomik.opole.pl\/eko3\/wp-json\/wp\/v2\/types\/post"}],"author":[{"embeddable":true,"href":"http:\/\/ekonomik.opole.pl\/eko3\/wp-json\/wp\/v2\/users\/6"}],"replies":[{"embeddable":true,"href":"http:\/\/ekonomik.opole.pl\/eko3\/wp-json\/wp\/v2\/comments?post=997833"}],"version-history":[{"count":2,"href":"http:\/\/ekonomik.opole.pl\/eko3\/wp-json\/wp\/v2\/posts\/997833\/revisions"}],"predecessor-version":[{"id":997836,"href":"http:\/\/ekonomik.opole.pl\/eko3\/wp-json\/wp\/v2\/posts\/997833\/revisions\/997836"}],"wp:featuredmedia":[{"embeddable":true,"href":"http:\/\/ekonomik.opole.pl\/eko3\/wp-json\/wp\/v2\/media\/997835"}],"wp:attachment":[{"href":"http:\/\/ekonomik.opole.pl\/eko3\/wp-json\/wp\/v2\/media?parent=997833"}],"wp:term":[{"taxonomy":"category","embeddable":true,"href":"http:\/\/ekonomik.opole.pl\/eko3\/wp-json\/wp\/v2\/categories?post=997833"},{"taxonomy":"post_tag","embeddable":true,"href":"http:\/\/ekonomik.opole.pl\/eko3\/wp-json\/wp\/v2\/tags?post=997833"}],"curies":[{"name":"wp","href":"https:\/\/api.w.org\/{rel}","templated":true}]}}