{"id":997837,"date":"2025-03-24T16:45:00","date_gmt":"2025-03-24T15:45:00","guid":{"rendered":"https:\/\/ekonomik.opole.pl\/eko3\/?p=997837"},"modified":"2025-03-24T21:55:21","modified_gmt":"2025-03-24T20:55:21","slug":"informator-szkol-ponadpodstawowych","status":"publish","type":"post","link":"http:\/\/ekonomik.opole.pl\/eko3\/informator-szkol-ponadpodstawowych\/","title":{"rendered":"Informator szk\u00f3\u0142 ponadpodstawowych"},"content":{"rendered":"<div class=\"vgblk-rw-wrapper limit-wrapper\">\n<p>Serdecznie zapraszamy do zapoznania si\u0119 z ofert\u0105 edukacyjn\u0105 przygotowan\u0105 przez opolskie szko\u0142y ponadpodstawowe na rok szkolny 2025\/2026. W informatorze znajduj\u0105 si\u0119 opisy kierunk\u00f3w, w tym tych oferowanych przez nasz\u0105 szko\u0142\u0119.<\/p>\n\n\n\n<div style=\"height:55px\" aria-hidden=\"true\" class=\"wp-block-spacer\"><\/div>\n\n\n\n<p>Informator do pobrania poni\u017cej:<\/p>\n\n\n\n<div class=\"wp-block-buttons\"><div class=\"vgblk-rw-wrapper limit-wrapper\">\n<div class=\"wp-block-button\"><a class=\"wp-block-button__link has-white-color has-luminous-vivid-orange-background-color has-text-color has-background\" href=\"https:\/\/www.opole.pl\/sites\/default\/files\/field_attachment\/2025-03\/Informator%202025.pdf\" target=\"_blank\" rel=\"noreferrer noopener\"><strong>Pobierz informator<\/strong><\/a><\/div>\n<\/div><!-- .vgblk-rw-wrapper --><\/div>\n\n\n\n<p><\/p>\n<\/div><!-- .vgblk-rw-wrapper -->","protected":false},"excerpt":{"rendered":"<p>Serdecznie zapraszamy do zapoznania si\u0119 z ofert\u0105 edukacyjn\u0105 przygotowan\u0105 przez opolskie szko\u0142y ponadpodstawowe na rok szkolny 2025\/2026. W informatorze znajduj\u0105 si\u0119 opisy kierunk\u00f3w, w tym tych oferowanych przez nasz\u0105 szko\u0142\u0119. Informator do pobrania poni\u017cej:<\/p>\n","protected":false},"author":6,"featured_media":997839,"comment_status":"open","ping_status":"open","sticky":false,"template":"","format":"standard","meta":{"inline_featured_image":false},"categories":[322,85,323],"tags":[],"_links":{"self":[{"href":"http:\/\/ekonomik.opole.pl\/eko3\/wp-json\/wp\/v2\/posts\/997837"}],"collection":[{"href":"http:\/\/ekonomik.opole.pl\/eko3\/wp-json\/wp\/v2\/posts"}],"about":[{"href":"http:\/\/ekonomik.opole.pl\/eko3\/wp-json\/wp\/v2\/types\/post"}],"author":[{"embeddable":true,"href":"http:\/\/ekonomik.opole.pl\/eko3\/wp-json\/wp\/v2\/users\/6"}],"replies":[{"embeddable":true,"href":"http:\/\/ekonomik.opole.pl\/eko3\/wp-json\/wp\/v2\/comments?post=997837"}],"version-history":[{"count":1,"href":"http:\/\/ekonomik.opole.pl\/eko3\/wp-json\/wp\/v2\/posts\/997837\/revisions"}],"predecessor-version":[{"id":997840,"href":"http:\/\/ekonomik.opole.pl\/eko3\/wp-json\/wp\/v2\/posts\/997837\/revisions\/997840"}],"wp:featuredmedia":[{"embeddable":true,"href":"http:\/\/ekonomik.opole.pl\/eko3\/wp-json\/wp\/v2\/media\/997839"}],"wp:attachment":[{"href":"http:\/\/ekonomik.opole.pl\/eko3\/wp-json\/wp\/v2\/media?parent=997837"}],"wp:term":[{"taxonomy":"category","embeddable":true,"href":"http:\/\/ekonomik.opole.pl\/eko3\/wp-json\/wp\/v2\/categories?post=997837"},{"taxonomy":"post_tag","embeddable":true,"href":"http:\/\/ekonomik.opole.pl\/eko3\/wp-json\/wp\/v2\/tags?post=997837"}],"curies":[{"name":"wp","href":"https:\/\/api.w.org\/{rel}","templated":true}]}}