{"id":997838,"date":"2025-03-24T19:50:00","date_gmt":"2025-03-24T18:50:00","guid":{"rendered":"https:\/\/ekonomik.opole.pl\/eko3\/?p=997838"},"modified":"2025-03-24T21:59:52","modified_gmt":"2025-03-24T20:59:52","slug":"ogromny-sukces-naszych-uczniow","status":"publish","type":"post","link":"http:\/\/ekonomik.opole.pl\/eko3\/ogromny-sukces-naszych-uczniow\/","title":{"rendered":"Ogromny sukces naszych uczni\u00f3w!"},"content":{"rendered":"<div class=\"vgblk-rw-wrapper limit-wrapper\">\n<p>Z dum\u0105 informujemy, \u017ce Nasi uczniowie\u2013&nbsp;<strong>Bartosz \u0141ukasik 3A<\/strong>,&nbsp;<strong>Remigiusz \u0141ukasik<\/strong>&nbsp;3A i&nbsp;<strong>\u0141ukasz Paso\u0144<\/strong>&nbsp;4B z zawodu technik programista \u2013 zdobyli imponuj\u0105ce&nbsp;<strong>1310 punkt\u00f3w<\/strong>&nbsp;w og\u00f3lnopolskim konkursie&nbsp;<strong>CyberSkiller Challenge Poland<\/strong>&nbsp;(<a href=\"https:\/\/cscs.pl\/?utm_source=chatgpt.com\" target=\"_blank\" rel=\"noreferrer noopener\">cscs.pl<\/a>).<\/p>\n\n\n\n<p><strong>CyberSkiller Challenge Poland<\/strong>&nbsp;to presti\u017cowy konkurs po\u015bwi\u0119cony cyberbezpiecze\u0144stwu, skierowany do uczni\u00f3w szk\u00f3\u0142 ponadpodstawowych z ca\u0142ej Polski. Jego celem jest promocja wiedzy oraz praktycznych umiej\u0119tno\u015bci z zakresu cyberbezpiecze\u0144stwa i informatyki.<\/p>\n\n\n\n<p>Dzi\u0119ki znakomitemu wynikowi nasi uczniowie awansowali do&nbsp;<strong>wielkiego fina\u0142u jako 10 dru\u017cyna w Polsce (<\/strong><a href=\"https:\/\/cscs.pl\/finalisci\/?utm_source=newsletter&amp;utm_medium=email&amp;utm_term=2025-03-24&amp;utm_campaign=Poznaj+wyniki+etapu+kwalifikacji+CyberSkiller+Challenge\" target=\"_blank\" rel=\"noreferrer noopener\">https:\/\/cscs.pl\/finalisci\/?utm_source=newsletter&amp;utm_medium=email&amp;utm_term=2025-03-24&amp;utm_campaign=Poznaj+wyniki+etapu+kwalifikacji+CyberSkiller+Challenge<\/a><strong>)<\/strong>, kt\u00f3ry odb\u0119dzie si\u0119&nbsp;<strong>8 kwietnia<\/strong>&nbsp;w&nbsp;<strong>Akademii Leona Ko\u017ami\u0144skiego w Warszawie<\/strong>.<\/p>\n\n\n\n<p><strong>Opiekunem merytorycznym dru\u017cyny jest dr in\u017c. Piotr Dzierwa.<\/strong><\/p>\n\n\n\n<p>Gratulujemy i mocno trzymamy kciuki za fina\u0142!<\/p>\n<\/div><!-- .vgblk-rw-wrapper -->","protected":false},"excerpt":{"rendered":"<p>Z dum\u0105 informujemy, \u017ce Nasi uczniowie\u2013&nbsp;Bartosz \u0141ukasik 3A,&nbsp;Remigiusz \u0141ukasik&nbsp;3A i&nbsp;\u0141ukasz Paso\u0144&nbsp;4B z zawodu technik programista \u2013 zdobyli imponuj\u0105ce&nbsp;1310 punkt\u00f3w&nbsp;w og\u00f3lnopolskim konkursie&nbsp;CyberSkiller Challenge Poland&nbsp;(cscs.pl). CyberSkiller Challenge Poland&nbsp;to presti\u017cowy konkurs po\u015bwi\u0119cony cyberbezpiecze\u0144stwu, skierowany do uczni\u00f3w szk\u00f3\u0142 ponadpodstawowych z ca\u0142ej Polski. Jego celem jest promocja wiedzy oraz praktycznych umiej\u0119tno\u015bci z zakresu cyberbezpiecze\u0144stwa i informatyki. Dzi\u0119ki znakomitemu wynikowi nasi&#8230;<\/p>\n","protected":false},"author":6,"featured_media":997841,"comment_status":"open","ping_status":"open","sticky":false,"template":"","format":"standard","meta":{"inline_featured_image":false},"categories":[220,186,90],"tags":[],"_links":{"self":[{"href":"http:\/\/ekonomik.opole.pl\/eko3\/wp-json\/wp\/v2\/posts\/997838"}],"collection":[{"href":"http:\/\/ekonomik.opole.pl\/eko3\/wp-json\/wp\/v2\/posts"}],"about":[{"href":"http:\/\/ekonomik.opole.pl\/eko3\/wp-json\/wp\/v2\/types\/post"}],"author":[{"embeddable":true,"href":"http:\/\/ekonomik.opole.pl\/eko3\/wp-json\/wp\/v2\/users\/6"}],"replies":[{"embeddable":true,"href":"http:\/\/ekonomik.opole.pl\/eko3\/wp-json\/wp\/v2\/comments?post=997838"}],"version-history":[{"count":1,"href":"http:\/\/ekonomik.opole.pl\/eko3\/wp-json\/wp\/v2\/posts\/997838\/revisions"}],"predecessor-version":[{"id":997842,"href":"http:\/\/ekonomik.opole.pl\/eko3\/wp-json\/wp\/v2\/posts\/997838\/revisions\/997842"}],"wp:featuredmedia":[{"embeddable":true,"href":"http:\/\/ekonomik.opole.pl\/eko3\/wp-json\/wp\/v2\/media\/997841"}],"wp:attachment":[{"href":"http:\/\/ekonomik.opole.pl\/eko3\/wp-json\/wp\/v2\/media?parent=997838"}],"wp:term":[{"taxonomy":"category","embeddable":true,"href":"http:\/\/ekonomik.opole.pl\/eko3\/wp-json\/wp\/v2\/categories?post=997838"},{"taxonomy":"post_tag","embeddable":true,"href":"http:\/\/ekonomik.opole.pl\/eko3\/wp-json\/wp\/v2\/tags?post=997838"}],"curies":[{"name":"wp","href":"https:\/\/api.w.org\/{rel}","templated":true}]}}