{"id":997844,"date":"2025-03-26T16:45:00","date_gmt":"2025-03-26T15:45:00","guid":{"rendered":"https:\/\/ekonomik.opole.pl\/eko3\/?p=997844"},"modified":"2025-04-06T23:48:50","modified_gmt":"2025-04-06T21:48:50","slug":"milo-nam-poinformowac-o-wspanialym-sukcesie-naszych-uczniow","status":"publish","type":"post","link":"http:\/\/ekonomik.opole.pl\/eko3\/milo-nam-poinformowac-o-wspanialym-sukcesie-naszych-uczniow\/","title":{"rendered":"Mi\u0142o nam poinformowa\u0107 o wspania\u0142ym sukcesie naszych uczni\u00f3w!"},"content":{"rendered":"<div class=\"vgblk-rw-wrapper limit-wrapper\">\n<p>Remigiusz i Bartosz \u0141ukasik z klasy 3A, pod opiek\u0105 merytoryczn\u0105 dr. in\u017c. Piotra Dzierwy, zdobyli I miejsce w kategorii film w XIII Og\u00f3lnopolskim Konkursie \u201eNormalizacja i Ja\u201d. Tegoroczna edycja, kt\u00f3rej has\u0142o przewodnie brzmia\u0142o \u201eZadbaj o bezpiecze\u0144stwo w cyberprzestrzeni z Polskimi Normami\u201d, przyci\u0105gn\u0119\u0142a a\u017c 169 prac z ca\u0142ej Polski, spo\u015br\u00f3d kt\u00f3rych wy\u0142oniono najlepsze projekty.<\/p>\n\n\n\n<p>Serdecznie gratulujemy zwyci\u0119zcom i \u017cyczymy kolejnych sukces\u00f3w!  Dzi\u0119kujemy r\u00f3wnie\u017c opiekunowi za wsparcie oraz zaanga\u017cowanie w rozwijanie talent\u00f3w naszych uczni\u00f3w. Jeste\u015bmy dumni, \u017ce mo\u017cemy dzieli\u0107 si\u0119 tak wyj\u0105tkowymi osi\u0105gni\u0119ciami spo\u0142eczno\u015bci szkolnej. <\/p>\n\n\n\n<figure class=\"wp-block-video\"><video controls src=\"https:\/\/wiedza.pkn.pl\/documents\/14109\/353894\/Remigiusz+i+Bartosz+%C5%81ukasik.mp4\/43536419-7d26-4a07-ab40-f358a4ff29da\"><\/video><\/figure>\n\n\n\n<p><a rel=\"noreferrer noopener\" href=\"https:\/\/wiedza.pkn.pl\/web\/strefa-edukacji\/oswiata-konkursy\/-\/asset_publisher\/MD7htDmDUSyy\/content\/podsumowanie-xiii-ogolnopolskiego-konkursu-%E2%80%9Enormalizacja-i-ja-\" target=\"_blank\"><strong><span class=\"has-inline-color has-luminous-vivid-orange-color\">https:\/\/wiedza.pkn.pl\/web\/strefa-edukacji\/oswiata-konkursy\/-\/asset_publisher\/MD7htDmDUSyy\/content\/podsumowanie-xiii-ogolnopolskiego-konkursu-%E2%80%9Enormalizacja-i-ja-<\/span><\/strong><\/a><br><\/p>\n<\/div><!-- .vgblk-rw-wrapper -->","protected":false},"excerpt":{"rendered":"<p>Remigiusz i Bartosz \u0141ukasik z klasy 3A, pod opiek\u0105 merytoryczn\u0105 dr. in\u017c. Piotra Dzierwy, zdobyli I miejsce w kategorii film w XIII Og\u00f3lnopolskim Konkursie \u201eNormalizacja i Ja\u201d. Tegoroczna edycja, kt\u00f3rej has\u0142o przewodnie brzmia\u0142o \u201eZadbaj o bezpiecze\u0144stwo w cyberprzestrzeni z Polskimi Normami\u201d, przyci\u0105gn\u0119\u0142a a\u017c 169 prac z ca\u0142ej Polski, spo\u015br\u00f3d kt\u00f3rych wy\u0142oniono najlepsze projekty. Serdecznie gratulujemy&#8230;<\/p>\n","protected":false},"author":6,"featured_media":997845,"comment_status":"open","ping_status":"open","sticky":false,"template":"","format":"standard","meta":{"inline_featured_image":false},"categories":[220,186,90],"tags":[],"_links":{"self":[{"href":"http:\/\/ekonomik.opole.pl\/eko3\/wp-json\/wp\/v2\/posts\/997844"}],"collection":[{"href":"http:\/\/ekonomik.opole.pl\/eko3\/wp-json\/wp\/v2\/posts"}],"about":[{"href":"http:\/\/ekonomik.opole.pl\/eko3\/wp-json\/wp\/v2\/types\/post"}],"author":[{"embeddable":true,"href":"http:\/\/ekonomik.opole.pl\/eko3\/wp-json\/wp\/v2\/users\/6"}],"replies":[{"embeddable":true,"href":"http:\/\/ekonomik.opole.pl\/eko3\/wp-json\/wp\/v2\/comments?post=997844"}],"version-history":[{"count":2,"href":"http:\/\/ekonomik.opole.pl\/eko3\/wp-json\/wp\/v2\/posts\/997844\/revisions"}],"predecessor-version":[{"id":997879,"href":"http:\/\/ekonomik.opole.pl\/eko3\/wp-json\/wp\/v2\/posts\/997844\/revisions\/997879"}],"wp:featuredmedia":[{"embeddable":true,"href":"http:\/\/ekonomik.opole.pl\/eko3\/wp-json\/wp\/v2\/media\/997845"}],"wp:attachment":[{"href":"http:\/\/ekonomik.opole.pl\/eko3\/wp-json\/wp\/v2\/media?parent=997844"}],"wp:term":[{"taxonomy":"category","embeddable":true,"href":"http:\/\/ekonomik.opole.pl\/eko3\/wp-json\/wp\/v2\/categories?post=997844"},{"taxonomy":"post_tag","embeddable":true,"href":"http:\/\/ekonomik.opole.pl\/eko3\/wp-json\/wp\/v2\/tags?post=997844"}],"curies":[{"name":"wp","href":"https:\/\/api.w.org\/{rel}","templated":true}]}}