{"id":997877,"date":"2025-04-04T18:45:00","date_gmt":"2025-04-04T16:45:00","guid":{"rendered":"https:\/\/ekonomik.opole.pl\/eko3\/?p=997877"},"modified":"2025-04-07T00:05:48","modified_gmt":"2025-04-06T22:05:48","slug":"gala-wolontariatu-pck-i-honorowa-odznaka-iv-stopnia-dla-ekonomika","status":"publish","type":"post","link":"http:\/\/ekonomik.opole.pl\/eko3\/gala-wolontariatu-pck-i-honorowa-odznaka-iv-stopnia-dla-ekonomika\/","title":{"rendered":"Gala Wolontariatu PCK i Honorowa Odznaka IV stopnia dla Ekonomika"},"content":{"rendered":"<div class=\"vgblk-rw-wrapper limit-wrapper\">\n<p>W pi\u0105tek 04 kwietnia 2025 r. w Opolu odby\u0142a si\u0119 gala Wolontariatu PCK, podczas kt\u00f3rej nasza Szko\u0142a otrzyma\u0142a Odznak\u0119 Honorow\u0105 PCK IV stopnia(umie\u015bcimy j\u0105 na sztandarze szko\u0142y). Wyr\u00f3\u017cnienie otrzyma\u0142o r\u00f3wnie\u017c Szkolne Ko\u0142o PCK oraz M\u0142odzie\u017cowy Klub Honorowych Krwiodawc\u00f3w Krwi PCK &#8222;Ekonomik&#8221; za zaanga\u017cowanie i ch\u0119\u0107 niesienia pomocy innym. Za niezwyk\u0142\u0105 prac\u0119 na rzecz potrzebuj\u0105cych i wielkie serce dziewi\u0119\u0107 Wolontariuszek Ekonomika otrzyma\u0142o nagrody i wyr\u00f3\u017cnienia: Julia Banasik (kl.3c), Marta Lebioda (kl.3c), Julita \u0141abus (kl.3c), Nicola Maleska (kl.3c), Ewa Ros\u0142anowska (kl.3c), Katarzyna Plewa (kl.3b), Weronika Zdzuj (kl.3b), Wiktoria Tischbierek (kl.3b), Aleksandra Znajda (kl.3b)<\/p>\n\n\n\n<p><br>Dzi\u0119kujemy wszystkim za udzia\u0142 w naszych akcjach charytatywnych oraz w rozwijaniu ruchu Honorowego Krwiodawstwa.<br>\u00a0\u00a0\u00a0\u00a0\u00a0\u00a0\u00a0\u00a0\u00a0\u00a0\u00a0\u00a0\u00a0\u00a0\u00a0\u00a0\u00a0\u00a0\u00a0\u00a0\u00a0\u00a0\u00a0\u00a0\u00a0\u00a0\u00a0\u00a0\u00a0\u00a0\u00a0\u00a0\u00a0\u00a0\u00a0\u00a0\u00a0\u00a0\u00a0<\/p>\n\n\n\n<p class=\"has-text-align-center\">Zmieniacie \u015bwiat na lepszy!<\/p>\n\n\n\n<p><br>opiekunowie PCK: M. Rapacz, K. Romanowska<\/p>\n\n\n\n<div style=\"height:40px\" aria-hidden=\"true\" class=\"wp-block-spacer\"><\/div>\n\n\n\n<figure class=\"wp-block-gallery columns-2 is-cropped\"><ul class=\"blocks-gallery-grid\"><li class=\"blocks-gallery-item\"><figure><a href=\"http:\/\/ekonomik.opole.pl\/eko3\/wp-content\/uploads\/2025\/04\/zdjecie-6.jpg\"><img loading=\"lazy\" width=\"1024\" height=\"771\" src=\"http:\/\/ekonomik.opole.pl\/eko3\/wp-content\/uploads\/2025\/04\/zdjecie-6-1024x771.jpg\" alt=\"\" data-id=\"997880\" data-full-url=\"http:\/\/ekonomik.opole.pl\/eko3\/wp-content\/uploads\/2025\/04\/zdjecie-6.jpg\" data-link=\"https:\/\/ekonomik.opole.pl\/eko3\/?attachment_id=997880\" class=\"wp-image-997880\" srcset=\"http:\/\/ekonomik.opole.pl\/eko3\/wp-content\/uploads\/2025\/04\/zdjecie-6-1024x771.jpg 1024w, http:\/\/ekonomik.opole.pl\/eko3\/wp-content\/uploads\/2025\/04\/zdjecie-6-300x226.jpg 300w, http:\/\/ekonomik.opole.pl\/eko3\/wp-content\/uploads\/2025\/04\/zdjecie-6-768x578.jpg 768w, http:\/\/ekonomik.opole.pl\/eko3\/wp-content\/uploads\/2025\/04\/zdjecie-6-1536x1157.jpg 1536w, http:\/\/ekonomik.opole.pl\/eko3\/wp-content\/uploads\/2025\/04\/zdjecie-6-1360x1024.jpg 1360w, http:\/\/ekonomik.opole.pl\/eko3\/wp-content\/uploads\/2025\/04\/zdjecie-6-680x512.jpg 680w, http:\/\/ekonomik.opole.pl\/eko3\/wp-content\/uploads\/2025\/04\/zdjecie-6.jpg 2040w\" sizes=\"(max-width: 1024px) 100vw, 1024px\" \/><\/a><\/figure><\/li><li class=\"blocks-gallery-item\"><figure><a href=\"http:\/\/ekonomik.opole.pl\/eko3\/wp-content\/uploads\/2025\/04\/zdjecie-1-rotated.jpg\"><img loading=\"lazy\" width=\"480\" height=\"640\" src=\"http:\/\/ekonomik.opole.pl\/eko3\/wp-content\/uploads\/2025\/04\/zdjecie-1-rotated.jpg\" alt=\"\" data-id=\"997881\" data-full-url=\"http:\/\/ekonomik.opole.pl\/eko3\/wp-content\/uploads\/2025\/04\/zdjecie-1-rotated.jpg\" data-link=\"https:\/\/ekonomik.opole.pl\/eko3\/?attachment_id=997881\" class=\"wp-image-997881\" srcset=\"http:\/\/ekonomik.opole.pl\/eko3\/wp-content\/uploads\/2025\/04\/zdjecie-1-rotated.jpg 480w, http:\/\/ekonomik.opole.pl\/eko3\/wp-content\/uploads\/2025\/04\/zdjecie-1-225x300.jpg 225w\" sizes=\"(max-width: 480px) 100vw, 480px\" \/><\/a><\/figure><\/li><\/ul><\/figure>\n<\/div><!-- .vgblk-rw-wrapper -->","protected":false},"excerpt":{"rendered":"<p>W pi\u0105tek 04 kwietnia 2025 r. w Opolu odby\u0142a si\u0119 gala Wolontariatu PCK, podczas kt\u00f3rej nasza Szko\u0142a otrzyma\u0142a Odznak\u0119 Honorow\u0105 PCK IV stopnia(umie\u015bcimy j\u0105 na sztandarze szko\u0142y). Wyr\u00f3\u017cnienie otrzyma\u0142o r\u00f3wnie\u017c Szkolne Ko\u0142o PCK oraz M\u0142odzie\u017cowy Klub Honorowych Krwiodawc\u00f3w Krwi PCK &#8222;Ekonomik&#8221; za zaanga\u017cowanie i ch\u0119\u0107 niesienia pomocy innym. Za niezwyk\u0142\u0105 prac\u0119 na rzecz potrzebuj\u0105cych i&#8230;<\/p>\n","protected":false},"author":6,"featured_media":997880,"comment_status":"open","ping_status":"open","sticky":false,"template":"","format":"standard","meta":{"inline_featured_image":false},"categories":[208,186,296],"tags":[],"_links":{"self":[{"href":"http:\/\/ekonomik.opole.pl\/eko3\/wp-json\/wp\/v2\/posts\/997877"}],"collection":[{"href":"http:\/\/ekonomik.opole.pl\/eko3\/wp-json\/wp\/v2\/posts"}],"about":[{"href":"http:\/\/ekonomik.opole.pl\/eko3\/wp-json\/wp\/v2\/types\/post"}],"author":[{"embeddable":true,"href":"http:\/\/ekonomik.opole.pl\/eko3\/wp-json\/wp\/v2\/users\/6"}],"replies":[{"embeddable":true,"href":"http:\/\/ekonomik.opole.pl\/eko3\/wp-json\/wp\/v2\/comments?post=997877"}],"version-history":[{"count":2,"href":"http:\/\/ekonomik.opole.pl\/eko3\/wp-json\/wp\/v2\/posts\/997877\/revisions"}],"predecessor-version":[{"id":997883,"href":"http:\/\/ekonomik.opole.pl\/eko3\/wp-json\/wp\/v2\/posts\/997877\/revisions\/997883"}],"wp:featuredmedia":[{"embeddable":true,"href":"http:\/\/ekonomik.opole.pl\/eko3\/wp-json\/wp\/v2\/media\/997880"}],"wp:attachment":[{"href":"http:\/\/ekonomik.opole.pl\/eko3\/wp-json\/wp\/v2\/media?parent=997877"}],"wp:term":[{"taxonomy":"category","embeddable":true,"href":"http:\/\/ekonomik.opole.pl\/eko3\/wp-json\/wp\/v2\/categories?post=997877"},{"taxonomy":"post_tag","embeddable":true,"href":"http:\/\/ekonomik.opole.pl\/eko3\/wp-json\/wp\/v2\/tags?post=997877"}],"curies":[{"name":"wp","href":"https:\/\/api.w.org\/{rel}","templated":true}]}}