{"id":997887,"date":"2025-04-07T17:15:00","date_gmt":"2025-04-07T15:15:00","guid":{"rendered":"https:\/\/ekonomik.opole.pl\/eko3\/?p=997887"},"modified":"2025-04-07T20:54:49","modified_gmt":"2025-04-07T18:54:49","slug":"mamy-to-final-cosmic-challenge-czeka","status":"publish","type":"post","link":"http:\/\/ekonomik.opole.pl\/eko3\/mamy-to-final-cosmic-challenge-czeka\/","title":{"rendered":"Mamy to! Fina\u0142 Cosmic Challenge czeka!"},"content":{"rendered":"<div class=\"vgblk-rw-wrapper limit-wrapper\">\n<p>Z ogromn\u0105 rado\u015bci\u0105 informujemy, \u017ce\u00a0<strong>Micha\u0142 St\u0119pczy\u0144ski<\/strong>, ucze\u0144 klasy\u00a0<strong>4B technik programista<\/strong>, zakwalifikowa\u0142 si\u0119 do fina\u0142u presti\u017cowego konkursu\u00a0<strong>&#8222;Cosmic Challenge: Pathfinder\/Security&#8221;<\/strong>! <\/p>\n\n\n\n<p>Fina\u0142owa rozgrywka odb\u0119dzie si\u0119&nbsp;<strong>28 kwietnia 2024 r.<\/strong>&nbsp;w murach&nbsp;<strong>Uniwersytetu Marii Curie-Sk\u0142odowskiej w Lublinie<\/strong>. Micha\u0142 pracuje pod opiek\u0105 merytoryczn\u0105&nbsp;<strong>dr. in\u017c. Piotra Dzierwy<\/strong>.<\/p>\n\n\n\n<p>Konkurs \u201eCosmic Challenge\u201d to og\u00f3lnopolski program edukacyjny promuj\u0105cy zainteresowanie tematyk\u0105 kosmiczn\u0105 w\u015br\u00f3d m\u0142odzie\u017cy. Obecna edycja powstaje we wsp\u00f3\u0142pracy z firm\u0105\u00a0<strong>ICEYE<\/strong>\u00a0\u2013 \u015bwiatowym liderem w dziedzinie danych satelitarnych i technologii SAR.<\/p>\n\n\n\n<p>G\u0142\u00f3wna nagroda? Wyjazd zwyci\u0119skiego zespo\u0142u do siedziby ICEYE w\u00a0<strong>Espoo, Finlandia<\/strong>! Zespo\u0142y z miejsc 1-3 odwiedz\u0105 r\u00f3wnie\u017c polski oddzia\u0142 firmy w\u00a0<strong>Warszawie<\/strong>.<\/p>\n\n\n\n<p>Micha\u0142 \u2013 trzymamy mocno kciuki! <\/p>\n\n\n\n<p><a rel=\"noreferrer noopener\" href=\"https:\/\/spaceship.edu.pl\/znamy-wyniki-i-etapu-cosmic-challenge-pathfinder-security\/\" target=\"_blank\"><strong>Wi\u0119cej o konkursie<\/strong><\/a><\/p>\n<\/div><!-- .vgblk-rw-wrapper -->","protected":false},"excerpt":{"rendered":"<p>Z ogromn\u0105 rado\u015bci\u0105 informujemy, \u017ce\u00a0Micha\u0142 St\u0119pczy\u0144ski, ucze\u0144 klasy\u00a04B technik programista, zakwalifikowa\u0142 si\u0119 do fina\u0142u presti\u017cowego konkursu\u00a0&#8222;Cosmic Challenge: Pathfinder\/Security&#8221;! Fina\u0142owa rozgrywka odb\u0119dzie si\u0119&nbsp;28 kwietnia 2024 r.&nbsp;w murach&nbsp;Uniwersytetu Marii Curie-Sk\u0142odowskiej w Lublinie. Micha\u0142 pracuje pod opiek\u0105 merytoryczn\u0105&nbsp;dr. in\u017c. Piotra Dzierwy. Konkurs \u201eCosmic Challenge\u201d to og\u00f3lnopolski program edukacyjny promuj\u0105cy zainteresowanie tematyk\u0105 kosmiczn\u0105 w\u015br\u00f3d m\u0142odzie\u017cy. Obecna edycja powstaje we&#8230;<\/p>\n","protected":false},"author":6,"featured_media":997888,"comment_status":"open","ping_status":"open","sticky":false,"template":"","format":"standard","meta":{"inline_featured_image":false},"categories":[220,186,90],"tags":[],"_links":{"self":[{"href":"http:\/\/ekonomik.opole.pl\/eko3\/wp-json\/wp\/v2\/posts\/997887"}],"collection":[{"href":"http:\/\/ekonomik.opole.pl\/eko3\/wp-json\/wp\/v2\/posts"}],"about":[{"href":"http:\/\/ekonomik.opole.pl\/eko3\/wp-json\/wp\/v2\/types\/post"}],"author":[{"embeddable":true,"href":"http:\/\/ekonomik.opole.pl\/eko3\/wp-json\/wp\/v2\/users\/6"}],"replies":[{"embeddable":true,"href":"http:\/\/ekonomik.opole.pl\/eko3\/wp-json\/wp\/v2\/comments?post=997887"}],"version-history":[{"count":1,"href":"http:\/\/ekonomik.opole.pl\/eko3\/wp-json\/wp\/v2\/posts\/997887\/revisions"}],"predecessor-version":[{"id":997889,"href":"http:\/\/ekonomik.opole.pl\/eko3\/wp-json\/wp\/v2\/posts\/997887\/revisions\/997889"}],"wp:featuredmedia":[{"embeddable":true,"href":"http:\/\/ekonomik.opole.pl\/eko3\/wp-json\/wp\/v2\/media\/997888"}],"wp:attachment":[{"href":"http:\/\/ekonomik.opole.pl\/eko3\/wp-json\/wp\/v2\/media?parent=997887"}],"wp:term":[{"taxonomy":"category","embeddable":true,"href":"http:\/\/ekonomik.opole.pl\/eko3\/wp-json\/wp\/v2\/categories?post=997887"},{"taxonomy":"post_tag","embeddable":true,"href":"http:\/\/ekonomik.opole.pl\/eko3\/wp-json\/wp\/v2\/tags?post=997887"}],"curies":[{"name":"wp","href":"https:\/\/api.w.org\/{rel}","templated":true}]}}