{"id":997890,"date":"2025-04-09T12:05:00","date_gmt":"2025-04-09T10:05:00","guid":{"rendered":"https:\/\/ekonomik.opole.pl\/eko3\/?p=997890"},"modified":"2025-04-11T15:46:15","modified_gmt":"2025-04-11T13:46:15","slug":"sukces-naszych-uczennic-w-konkursie-slowo","status":"publish","type":"post","link":"http:\/\/ekonomik.opole.pl\/eko3\/sukces-naszych-uczennic-w-konkursie-slowo\/","title":{"rendered":"Sukces naszych uczennic w konkursie &#8222;S\u0142owo&#8221;"},"content":{"rendered":"<div class=\"vgblk-rw-wrapper limit-wrapper\">\n<p>Nasze recytatorki &#8211; Martyna Knapik ( klasa III c ) i Aneta Wieszla (klasa IV e) podbi\u0142y serca Jury XXVIII Konkursu Recytatorskiego &#8222;S\u0142owo&#8221; , kt\u00f3ry odby\u0142 si\u0119 8 kwietnia 2025 roku. Dziewczyny przedstawia\u0142y zar\u00f3wno poezj\u0119, jak i fragmenty prozy. Znakomicie zaprezentowa\u0142a si\u0119 Martyna zdobywaj\u0105c I miejsce, a Aneta za niezwykle sugestywn\u0105 interpretacj\u0119 otrzyma\u0142a wyr\u00f3\u017cnienie. Dziewczyny szykuj\u0105 si\u0119 ju\u017c do nast\u0119pnych wyst\u0119p\u00f3w.<\/p>\n<\/div><!-- .vgblk-rw-wrapper -->","protected":false},"excerpt":{"rendered":"<p>Nasze recytatorki &#8211; Martyna Knapik ( klasa III c ) i Aneta Wieszla (klasa IV e) podbi\u0142y serca Jury XXVIII Konkursu Recytatorskiego &#8222;S\u0142owo&#8221; , kt\u00f3ry odby\u0142 si\u0119 8 kwietnia 2025 roku. Dziewczyny przedstawia\u0142y zar\u00f3wno poezj\u0119, jak i fragmenty prozy. Znakomicie zaprezentowa\u0142a si\u0119 Martyna zdobywaj\u0105c I miejsce, a Aneta za niezwykle sugestywn\u0105 interpretacj\u0119 otrzyma\u0142a wyr\u00f3\u017cnienie. Dziewczyny&#8230;<\/p>\n","protected":false},"author":6,"featured_media":997892,"comment_status":"open","ping_status":"open","sticky":false,"template":"","format":"standard","meta":{"inline_featured_image":false},"categories":[220,186],"tags":[],"_links":{"self":[{"href":"http:\/\/ekonomik.opole.pl\/eko3\/wp-json\/wp\/v2\/posts\/997890"}],"collection":[{"href":"http:\/\/ekonomik.opole.pl\/eko3\/wp-json\/wp\/v2\/posts"}],"about":[{"href":"http:\/\/ekonomik.opole.pl\/eko3\/wp-json\/wp\/v2\/types\/post"}],"author":[{"embeddable":true,"href":"http:\/\/ekonomik.opole.pl\/eko3\/wp-json\/wp\/v2\/users\/6"}],"replies":[{"embeddable":true,"href":"http:\/\/ekonomik.opole.pl\/eko3\/wp-json\/wp\/v2\/comments?post=997890"}],"version-history":[{"count":1,"href":"http:\/\/ekonomik.opole.pl\/eko3\/wp-json\/wp\/v2\/posts\/997890\/revisions"}],"predecessor-version":[{"id":997893,"href":"http:\/\/ekonomik.opole.pl\/eko3\/wp-json\/wp\/v2\/posts\/997890\/revisions\/997893"}],"wp:featuredmedia":[{"embeddable":true,"href":"http:\/\/ekonomik.opole.pl\/eko3\/wp-json\/wp\/v2\/media\/997892"}],"wp:attachment":[{"href":"http:\/\/ekonomik.opole.pl\/eko3\/wp-json\/wp\/v2\/media?parent=997890"}],"wp:term":[{"taxonomy":"category","embeddable":true,"href":"http:\/\/ekonomik.opole.pl\/eko3\/wp-json\/wp\/v2\/categories?post=997890"},{"taxonomy":"post_tag","embeddable":true,"href":"http:\/\/ekonomik.opole.pl\/eko3\/wp-json\/wp\/v2\/tags?post=997890"}],"curies":[{"name":"wp","href":"https:\/\/api.w.org\/{rel}","templated":true}]}}