{"id":997891,"date":"2025-04-09T18:45:00","date_gmt":"2025-04-09T16:45:00","guid":{"rendered":"https:\/\/ekonomik.opole.pl\/eko3\/?p=997891"},"modified":"2025-04-11T16:35:01","modified_gmt":"2025-04-11T14:35:01","slug":"nasi-uczniowie-na-podium-w-wojewodzkim-konkursie-jezyka-angielskiego","status":"publish","type":"post","link":"http:\/\/ekonomik.opole.pl\/eko3\/nasi-uczniowie-na-podium-w-wojewodzkim-konkursie-jezyka-angielskiego\/","title":{"rendered":"Nasi uczniowie na podium w Wojew\u00f3dzkim Konkursie J\u0119zyka Angielskiego"},"content":{"rendered":"<div class=\"vgblk-rw-wrapper limit-wrapper\">\n<p>Uczniowie klasy 5e w zawodzie technik reklamy: Paulina Kubo\u0144, Maciej Koj i Dariusz Mazurek pod opieka Pani Profesor Ma\u0142gorzaty Kochanowskiej zdobyli II miejsce w Wojew\u00f3dzkim Konkursie J\u0119zyka Angielskiego z elementami j\u0119zyka specjalistycznego z zakresu ekonomii i zarz\u0105dzania. <\/p>\n\n\n\n<p>Uczniowie wykazali si\u0119 znajomo\u015bci\u0105 j\u0119zyka zawodowego oraz przygotowali prezentacj\u0119 na temat najbardziej prze\u0142omowych teorii w ekonomii i zarz\u0105dzaniu. <\/p>\n\n\n\n<p>Konkurs organizowa\u0142a Politechnika Opolska. Serdecznie gratulujemy laureatom.<\/p>\n<\/div><!-- .vgblk-rw-wrapper -->","protected":false},"excerpt":{"rendered":"<p>Uczniowie klasy 5e w zawodzie technik reklamy: Paulina Kubo\u0144, Maciej Koj i Dariusz Mazurek pod opieka Pani Profesor Ma\u0142gorzaty Kochanowskiej zdobyli II miejsce w Wojew\u00f3dzkim Konkursie J\u0119zyka Angielskiego z elementami j\u0119zyka specjalistycznego z zakresu ekonomii i zarz\u0105dzania. Uczniowie wykazali si\u0119 znajomo\u015bci\u0105 j\u0119zyka zawodowego oraz przygotowali prezentacj\u0119 na temat najbardziej prze\u0142omowych teorii w ekonomii i zarz\u0105dzaniu&#8230;.<\/p>\n","protected":false},"author":6,"featured_media":997894,"comment_status":"open","ping_status":"open","sticky":false,"template":"","format":"standard","meta":{"inline_featured_image":false},"categories":[87,220,186],"tags":[],"_links":{"self":[{"href":"http:\/\/ekonomik.opole.pl\/eko3\/wp-json\/wp\/v2\/posts\/997891"}],"collection":[{"href":"http:\/\/ekonomik.opole.pl\/eko3\/wp-json\/wp\/v2\/posts"}],"about":[{"href":"http:\/\/ekonomik.opole.pl\/eko3\/wp-json\/wp\/v2\/types\/post"}],"author":[{"embeddable":true,"href":"http:\/\/ekonomik.opole.pl\/eko3\/wp-json\/wp\/v2\/users\/6"}],"replies":[{"embeddable":true,"href":"http:\/\/ekonomik.opole.pl\/eko3\/wp-json\/wp\/v2\/comments?post=997891"}],"version-history":[{"count":1,"href":"http:\/\/ekonomik.opole.pl\/eko3\/wp-json\/wp\/v2\/posts\/997891\/revisions"}],"predecessor-version":[{"id":997895,"href":"http:\/\/ekonomik.opole.pl\/eko3\/wp-json\/wp\/v2\/posts\/997891\/revisions\/997895"}],"wp:featuredmedia":[{"embeddable":true,"href":"http:\/\/ekonomik.opole.pl\/eko3\/wp-json\/wp\/v2\/media\/997894"}],"wp:attachment":[{"href":"http:\/\/ekonomik.opole.pl\/eko3\/wp-json\/wp\/v2\/media?parent=997891"}],"wp:term":[{"taxonomy":"category","embeddable":true,"href":"http:\/\/ekonomik.opole.pl\/eko3\/wp-json\/wp\/v2\/categories?post=997891"},{"taxonomy":"post_tag","embeddable":true,"href":"http:\/\/ekonomik.opole.pl\/eko3\/wp-json\/wp\/v2\/tags?post=997891"}],"curies":[{"name":"wp","href":"https:\/\/api.w.org\/{rel}","templated":true}]}}