{"id":997897,"date":"2025-04-14T12:53:06","date_gmt":"2025-04-14T10:53:06","guid":{"rendered":"https:\/\/ekonomik.opole.pl\/eko3\/?p=997897"},"modified":"2025-04-14T12:53:07","modified_gmt":"2025-04-14T10:53:07","slug":"edukacyjnie-i-krajoznawczo-we-wloszech","status":"publish","type":"post","link":"http:\/\/ekonomik.opole.pl\/eko3\/edukacyjnie-i-krajoznawczo-we-wloszech\/","title":{"rendered":"Edukacyjnie i krajoznawczo we W\u0142oszech"},"content":{"rendered":"<div class=\"vgblk-rw-wrapper limit-wrapper\">\n<p>W dniach 27.03 &#8211; 04.04 br mieli\u015bmy przyjemno\u015b\u0107 sp\u0119dzi\u0107 czas w s\u0142onecznej Italii. Zwiedzili\u015bmy Wenecj\u0119, Piz\u0119, Rzym, Watykan, Neapol, Sorrento, Pompeje i Florencj\u0119. Uczyli\u015bmy si\u0119 pilnie m.in. historii, sztuki, j\u0119zyk\u00f3w obcych, kultury czy geografii.\u00a0 <\/p>\n\n\n\n<p>Przemierzyli\u015bmy a\u017c 4500 km r\u00f3\u017cnorodnych tras. Codziennie odkrywali\u015bmy\u00a0 mniej lub bardziej znane rejony pi\u0119knej Europy. Mieli\u015bmy mo\u017cliwo\u015b\u0107 bli\u017cej si\u0119 pozna\u0107 , poby\u0107 razem, porozmawia\u0107 i degustowa\u0107 jedn\u0105 z najlepszych kuchni \u015bwiata. <\/p>\n\n\n\n<p>Bardzo mi\u0142o wspominamy ten wyjazd i pewnie niekt\u00f3rzy z nas tam wr\u00f3c\u0105, aby dog\u0142\u0119bniej pozna\u0107\u00a0 zak\u0105tki w\u0142oskie. Ale musimy Wam powiedzie\u0107, \u017ce z przyjemno\u015bci\u0105 wr\u00f3cili\u015bmy do Polski, bo wsz\u0119dzie dobrze, ale w&#8230; Ekonomiku najlepiej.\ud83d\ude0d\u2764\ufe0f\ud83d\ude8c\ud83c\udfe6<\/p>\n<\/div><!-- .vgblk-rw-wrapper -->","protected":false},"excerpt":{"rendered":"<p>W dniach 27.03 &#8211; 04.04 br mieli\u015bmy przyjemno\u015b\u0107 sp\u0119dzi\u0107 czas w s\u0142onecznej Italii. Zwiedzili\u015bmy Wenecj\u0119, Piz\u0119, Rzym, Watykan, Neapol, Sorrento, Pompeje i Florencj\u0119. Uczyli\u015bmy si\u0119 pilnie m.in. historii, sztuki, j\u0119zyk\u00f3w obcych, kultury czy geografii.\u00a0 Przemierzyli\u015bmy a\u017c 4500 km r\u00f3\u017cnorodnych tras. Codziennie odkrywali\u015bmy\u00a0 mniej lub bardziej znane rejony pi\u0119knej Europy. Mieli\u015bmy mo\u017cliwo\u015b\u0107 bli\u017cej si\u0119 pozna\u0107 ,&#8230;<\/p>\n","protected":false},"author":6,"featured_media":997898,"comment_status":"open","ping_status":"open","sticky":false,"template":"","format":"standard","meta":{"inline_featured_image":false},"categories":[321],"tags":[],"_links":{"self":[{"href":"http:\/\/ekonomik.opole.pl\/eko3\/wp-json\/wp\/v2\/posts\/997897"}],"collection":[{"href":"http:\/\/ekonomik.opole.pl\/eko3\/wp-json\/wp\/v2\/posts"}],"about":[{"href":"http:\/\/ekonomik.opole.pl\/eko3\/wp-json\/wp\/v2\/types\/post"}],"author":[{"embeddable":true,"href":"http:\/\/ekonomik.opole.pl\/eko3\/wp-json\/wp\/v2\/users\/6"}],"replies":[{"embeddable":true,"href":"http:\/\/ekonomik.opole.pl\/eko3\/wp-json\/wp\/v2\/comments?post=997897"}],"version-history":[{"count":1,"href":"http:\/\/ekonomik.opole.pl\/eko3\/wp-json\/wp\/v2\/posts\/997897\/revisions"}],"predecessor-version":[{"id":997899,"href":"http:\/\/ekonomik.opole.pl\/eko3\/wp-json\/wp\/v2\/posts\/997897\/revisions\/997899"}],"wp:featuredmedia":[{"embeddable":true,"href":"http:\/\/ekonomik.opole.pl\/eko3\/wp-json\/wp\/v2\/media\/997898"}],"wp:attachment":[{"href":"http:\/\/ekonomik.opole.pl\/eko3\/wp-json\/wp\/v2\/media?parent=997897"}],"wp:term":[{"taxonomy":"category","embeddable":true,"href":"http:\/\/ekonomik.opole.pl\/eko3\/wp-json\/wp\/v2\/categories?post=997897"},{"taxonomy":"post_tag","embeddable":true,"href":"http:\/\/ekonomik.opole.pl\/eko3\/wp-json\/wp\/v2\/tags?post=997897"}],"curies":[{"name":"wp","href":"https:\/\/api.w.org\/{rel}","templated":true}]}}