{"id":997901,"date":"2025-04-15T12:51:00","date_gmt":"2025-04-15T10:51:00","guid":{"rendered":"https:\/\/ekonomik.opole.pl\/eko3\/?p=997901"},"modified":"2025-04-15T13:02:51","modified_gmt":"2025-04-15T11:02:51","slug":"bartosz-laureatem-w-finale-ogolnopolskiej-olimpiady-przedsiebiorczosci","status":"publish","type":"post","link":"http:\/\/ekonomik.opole.pl\/eko3\/bartosz-laureatem-w-finale-ogolnopolskiej-olimpiady-przedsiebiorczosci\/","title":{"rendered":"Bartosz laureatem w finale Og\u00f3lnopolskiej Olimpiady Przedsi\u0119biorczo\u015bci"},"content":{"rendered":"<div class=\"vgblk-rw-wrapper limit-wrapper\">\n<p>Po raz kolejny informujemy o imponuj\u0105cym wyniku w etapie centralnym olimpiady o zasi\u0119gu og\u00f3lnopolskim, jaki osi\u0105gn\u0105\u0142 <strong>Bartosz Drobisz<\/strong> z klasy 5c. Tym razem zosta\u0142 on <strong>laureatem (zaj\u0105\u0142 11 miejsce w kraju)<\/strong> w organizowanej od 2005 r. i jednej z najwi\u0119kszych olimpiad przedmiotowych w kraju, a mianowicie <strong>Olimpiadzie Przedsi\u0119biorczo\u015bci<\/strong>. Jest ona wsp\u00f3ln\u0105 inicjatyw\u0105<strong> Fundacji Promocji i Akredytacji Kierunk\u00f3w Ekonomicznych<\/strong>&nbsp;oraz&nbsp;pi\u0119ciu najwi\u0119kszych polskich uczelni ekonomicznych&nbsp;<strong>&#8211; Szko\u0142y G\u0142\u00f3wnej Handlowej w Warszawie <\/strong>oraz<strong> Uniwersytet\u00f3w Ekonomicznych w Katowicach, Krakowie, Poznaniu i we Wroc\u0142awiu<\/strong>. Jako laureat uzyska\u0142 specjalne uprawnienia w post\u0119powaniach kwalifikacyjnych na te uczelnie. Has\u0142em przewodnim tegorocznej XX edycji tej Olimpiady by\u0142a&nbsp;\u201e<strong>Transformacja cyfrowa przedsi\u0119biorstwa\u201d. <\/strong>Nale\u017cy doda\u0107, \u017ce dla Bartosza to ju\u017c trzeci fina\u0142 w tym roku szkolnym w og\u00f3lnopolskiej olimpiadzie, gdy\u017c opr\u00f3cz wspomnianej olimpiady bra\u0142 on udzia\u0142, odnosz\u0105c sukcesy, w etapach centralnych <strong>Olimpiady Wiedzy Ekonomicznej <\/strong>oraz<strong> Olimpiady Wiedzy i Umiej\u0119tno\u015bci Mened\u017cerskich. <\/strong>Bartosz jest obecnie uczniem ostatniej klasy i zostawia on swoim m\u0142odszym kolegom i kole\u017cankom bardzo wysoko postawion\u0105 poprzeczk\u0119, kt\u00f3r\u0105 b\u0119dzie na pewno trudno \u201eprzeskoczy\u0107\u201d.<\/p>\n\n\n\n<p>Opiekunem merytorycznym uczni\u00f3w bior\u0105cych udzia\u0142 w Olimpiadzie Przedsi\u0119biorczo\u015bci by\u0142a <strong>Pani Ma\u0142gorzata Radziszewska<\/strong>. Szczeg\u00f3lne podzi\u0119kowania kierujemy tak\u017ce do naszego absolwenta <strong>Damiana Kryski <\/strong>za wszelk\u0105 pomoc udzielon\u0105 w organizacji wyjazdu i pobytu Bartosza w Warszawie.<\/p>\n\n\n\n<div style=\"height:38px\" aria-hidden=\"true\" class=\"wp-block-spacer\"><\/div>\n\n\n\n<figure class=\"wp-block-gallery columns-2 is-cropped\"><ul class=\"blocks-gallery-grid\"><li class=\"blocks-gallery-item\"><figure><a href=\"http:\/\/ekonomik.opole.pl\/eko3\/wp-content\/uploads\/2025\/04\/Bartosz-z-naszym-absolwentem-Damianem-Kryska-scaled.jpg\"><img loading=\"lazy\" width=\"768\" height=\"1024\" src=\"http:\/\/ekonomik.opole.pl\/eko3\/wp-content\/uploads\/2025\/04\/Bartosz-z-naszym-absolwentem-Damianem-Kryska-768x1024.jpg\" alt=\"\" data-id=\"997908\" data-full-url=\"http:\/\/ekonomik.opole.pl\/eko3\/wp-content\/uploads\/2025\/04\/Bartosz-z-naszym-absolwentem-Damianem-Kryska-scaled.jpg\" data-link=\"https:\/\/ekonomik.opole.pl\/eko3\/?attachment_id=997908\" class=\"wp-image-997908\" srcset=\"http:\/\/ekonomik.opole.pl\/eko3\/wp-content\/uploads\/2025\/04\/Bartosz-z-naszym-absolwentem-Damianem-Kryska-768x1024.jpg 768w, http:\/\/ekonomik.opole.pl\/eko3\/wp-content\/uploads\/2025\/04\/Bartosz-z-naszym-absolwentem-Damianem-Kryska-225x300.jpg 225w, http:\/\/ekonomik.opole.pl\/eko3\/wp-content\/uploads\/2025\/04\/Bartosz-z-naszym-absolwentem-Damianem-Kryska-1152x1536.jpg 1152w, http:\/\/ekonomik.opole.pl\/eko3\/wp-content\/uploads\/2025\/04\/Bartosz-z-naszym-absolwentem-Damianem-Kryska-1536x2048.jpg 1536w, http:\/\/ekonomik.opole.pl\/eko3\/wp-content\/uploads\/2025\/04\/Bartosz-z-naszym-absolwentem-Damianem-Kryska-1360x1813.jpg 1360w, http:\/\/ekonomik.opole.pl\/eko3\/wp-content\/uploads\/2025\/04\/Bartosz-z-naszym-absolwentem-Damianem-Kryska-680x907.jpg 680w, http:\/\/ekonomik.opole.pl\/eko3\/wp-content\/uploads\/2025\/04\/Bartosz-z-naszym-absolwentem-Damianem-Kryska-scaled.jpg 1920w\" sizes=\"(max-width: 768px) 100vw, 768px\" \/><\/a><\/figure><\/li><li class=\"blocks-gallery-item\"><figure><a href=\"http:\/\/ekonomik.opole.pl\/eko3\/wp-content\/uploads\/2025\/04\/Bartosz-SGH-scaled.jpg\"><img loading=\"lazy\" width=\"768\" height=\"1024\" src=\"http:\/\/ekonomik.opole.pl\/eko3\/wp-content\/uploads\/2025\/04\/Bartosz-SGH-768x1024.jpg\" alt=\"\" data-id=\"997907\" data-full-url=\"http:\/\/ekonomik.opole.pl\/eko3\/wp-content\/uploads\/2025\/04\/Bartosz-SGH-scaled.jpg\" data-link=\"https:\/\/ekonomik.opole.pl\/eko3\/?attachment_id=997907\" class=\"wp-image-997907\" srcset=\"http:\/\/ekonomik.opole.pl\/eko3\/wp-content\/uploads\/2025\/04\/Bartosz-SGH-768x1024.jpg 768w, http:\/\/ekonomik.opole.pl\/eko3\/wp-content\/uploads\/2025\/04\/Bartosz-SGH-225x300.jpg 225w, http:\/\/ekonomik.opole.pl\/eko3\/wp-content\/uploads\/2025\/04\/Bartosz-SGH-1152x1536.jpg 1152w, http:\/\/ekonomik.opole.pl\/eko3\/wp-content\/uploads\/2025\/04\/Bartosz-SGH-1536x2048.jpg 1536w, http:\/\/ekonomik.opole.pl\/eko3\/wp-content\/uploads\/2025\/04\/Bartosz-SGH-1360x1813.jpg 1360w, http:\/\/ekonomik.opole.pl\/eko3\/wp-content\/uploads\/2025\/04\/Bartosz-SGH-680x907.jpg 680w, http:\/\/ekonomik.opole.pl\/eko3\/wp-content\/uploads\/2025\/04\/Bartosz-SGH-scaled.jpg 1920w\" sizes=\"(max-width: 768px) 100vw, 768px\" \/><\/a><\/figure><\/li><\/ul><\/figure>\n<\/div><!-- .vgblk-rw-wrapper -->","protected":false},"excerpt":{"rendered":"<p>Po raz kolejny informujemy o imponuj\u0105cym wyniku w etapie centralnym olimpiady o zasi\u0119gu og\u00f3lnopolskim, jaki osi\u0105gn\u0105\u0142 Bartosz Drobisz z klasy 5c. Tym razem zosta\u0142 on laureatem (zaj\u0105\u0142 11 miejsce w kraju) w organizowanej od 2005 r. i jednej z najwi\u0119kszych olimpiad przedmiotowych w kraju, a mianowicie Olimpiadzie Przedsi\u0119biorczo\u015bci. Jest ona wsp\u00f3ln\u0105 inicjatyw\u0105 Fundacji Promocji i&#8230;<\/p>\n","protected":false},"author":6,"featured_media":997909,"comment_status":"open","ping_status":"open","sticky":false,"template":"","format":"standard","meta":{"inline_featured_image":false},"categories":[87,171,186],"tags":[],"_links":{"self":[{"href":"http:\/\/ekonomik.opole.pl\/eko3\/wp-json\/wp\/v2\/posts\/997901"}],"collection":[{"href":"http:\/\/ekonomik.opole.pl\/eko3\/wp-json\/wp\/v2\/posts"}],"about":[{"href":"http:\/\/ekonomik.opole.pl\/eko3\/wp-json\/wp\/v2\/types\/post"}],"author":[{"embeddable":true,"href":"http:\/\/ekonomik.opole.pl\/eko3\/wp-json\/wp\/v2\/users\/6"}],"replies":[{"embeddable":true,"href":"http:\/\/ekonomik.opole.pl\/eko3\/wp-json\/wp\/v2\/comments?post=997901"}],"version-history":[{"count":1,"href":"http:\/\/ekonomik.opole.pl\/eko3\/wp-json\/wp\/v2\/posts\/997901\/revisions"}],"predecessor-version":[{"id":997910,"href":"http:\/\/ekonomik.opole.pl\/eko3\/wp-json\/wp\/v2\/posts\/997901\/revisions\/997910"}],"wp:featuredmedia":[{"embeddable":true,"href":"http:\/\/ekonomik.opole.pl\/eko3\/wp-json\/wp\/v2\/media\/997909"}],"wp:attachment":[{"href":"http:\/\/ekonomik.opole.pl\/eko3\/wp-json\/wp\/v2\/media?parent=997901"}],"wp:term":[{"taxonomy":"category","embeddable":true,"href":"http:\/\/ekonomik.opole.pl\/eko3\/wp-json\/wp\/v2\/categories?post=997901"},{"taxonomy":"post_tag","embeddable":true,"href":"http:\/\/ekonomik.opole.pl\/eko3\/wp-json\/wp\/v2\/tags?post=997901"}],"curies":[{"name":"wp","href":"https:\/\/api.w.org\/{rel}","templated":true}]}}