{"id":997902,"date":"2025-04-12T12:51:00","date_gmt":"2025-04-12T10:51:00","guid":{"rendered":"https:\/\/ekonomik.opole.pl\/eko3\/?p=997902"},"modified":"2025-04-15T13:08:06","modified_gmt":"2025-04-15T11:08:06","slug":"4-miejsce-w-finale-ogolnopolskiego-konkursu-o-podatkach","status":"publish","type":"post","link":"http:\/\/ekonomik.opole.pl\/eko3\/4-miejsce-w-finale-ogolnopolskiego-konkursu-o-podatkach\/","title":{"rendered":"4 miejsce w finale Og\u00f3lnopolskiego Konkursu o Podatkach"},"content":{"rendered":"<div class=\"vgblk-rw-wrapper limit-wrapper\">\n<p><strong>11 kwietnia 2025 r. <\/strong>czworo naszych uczni\u00f3w reprezentowa\u0142o szko\u0142\u0119 w <strong>finale<\/strong> <strong>Og\u00f3lnopolskiego Konkursu Wiedzy o Podatkach w Katowicach<\/strong>, organizowanego przez <strong>Krajow\u0105 Izb\u0119 Doradc\u00f3w Podatkowych<\/strong>. Patronat nad nim sprawuje tak\u017ce <strong>Ministerstwo Finans\u00f3w<\/strong>. Uczestnikami fina\u0142u byli:<\/p>\n\n\n\n<ol type=\"1\"><li><strong>Karolina Lasman \u2013 5c<\/strong><\/li><li><strong>Karolina Gambusz \u2013 5c<\/strong><\/li><li><strong>Grzegorz Przyby\u0142 \u2013 3b<\/strong><\/li><li><strong>Kacper Brzozowski \u2013 2a<\/strong><\/li><\/ol>\n\n\n\n<p>Fina\u0142 tego konkursu obejmuje cz\u0119\u015b\u0107 pisemn\u0105 (test), po kt\u00f3rym <strong>20 os\u00f3b<\/strong> z najwy\u017cszymi wynikami przechodzi do cz\u0119\u015bci ustnej, kt\u00f3ra polega na udzieleniu odpowiedzi na 3 pytania postawione przez komisj\u0119 konkursow\u0105, z\u0142o\u017con\u0105 ze specjalist\u00f3w \u2013 doradc\u00f3w podatkowych i przedstawicieli zawod\u00f3w pokrewnych.<\/p>\n\n\n\n<p>Ostatecznie <strong>Karolina Lasman<\/strong> zaj\u0119\u0142a bardzo wysokie <strong>4 miejsce<\/strong>, pokonuj\u0105c ponad 150 uczestnik\u00f3w fina\u0142u. Karolina od kilku lat odnosi sukcesy w tym konkursie oraz w jego odpowiedniku o zasi\u0119gu wojew\u00f3dzkim. W pierwszej 20-stce os\u00f3b zakwalifikowanych do cz\u0119\u015bci ustnej znalaz\u0142a si\u0119 tak\u017ce <strong>Karolina Gambusz<\/strong>.<\/p>\n\n\n\n<p>Opiekunem merytorycznym m\u0142odzie\u017cy by\u0142a <strong>Pani Ma\u0142gorzata Radziszewska<\/strong>.<\/p>\n\n\n\n<div style=\"height:36px\" aria-hidden=\"true\" class=\"wp-block-spacer\"><\/div>\n\n\n\n<figure class=\"wp-block-gallery columns-3 is-cropped\"><ul class=\"blocks-gallery-grid\"><li class=\"blocks-gallery-item\"><figure><a href=\"http:\/\/ekonomik.opole.pl\/eko3\/wp-content\/uploads\/2025\/04\/wszyscy-uczestnicy-zdjecie-przed-budynkiem-scaled.jpg\"><img loading=\"lazy\" width=\"768\" height=\"1024\" src=\"http:\/\/ekonomik.opole.pl\/eko3\/wp-content\/uploads\/2025\/04\/wszyscy-uczestnicy-zdjecie-przed-budynkiem-768x1024.jpg\" alt=\"\" data-id=\"997912\" data-full-url=\"http:\/\/ekonomik.opole.pl\/eko3\/wp-content\/uploads\/2025\/04\/wszyscy-uczestnicy-zdjecie-przed-budynkiem-scaled.jpg\" data-link=\"https:\/\/ekonomik.opole.pl\/eko3\/?attachment_id=997912\" class=\"wp-image-997912\" srcset=\"http:\/\/ekonomik.opole.pl\/eko3\/wp-content\/uploads\/2025\/04\/wszyscy-uczestnicy-zdjecie-przed-budynkiem-768x1024.jpg 768w, http:\/\/ekonomik.opole.pl\/eko3\/wp-content\/uploads\/2025\/04\/wszyscy-uczestnicy-zdjecie-przed-budynkiem-225x300.jpg 225w, http:\/\/ekonomik.opole.pl\/eko3\/wp-content\/uploads\/2025\/04\/wszyscy-uczestnicy-zdjecie-przed-budynkiem-1152x1536.jpg 1152w, http:\/\/ekonomik.opole.pl\/eko3\/wp-content\/uploads\/2025\/04\/wszyscy-uczestnicy-zdjecie-przed-budynkiem-1536x2048.jpg 1536w, http:\/\/ekonomik.opole.pl\/eko3\/wp-content\/uploads\/2025\/04\/wszyscy-uczestnicy-zdjecie-przed-budynkiem-1360x1813.jpg 1360w, http:\/\/ekonomik.opole.pl\/eko3\/wp-content\/uploads\/2025\/04\/wszyscy-uczestnicy-zdjecie-przed-budynkiem-680x907.jpg 680w, http:\/\/ekonomik.opole.pl\/eko3\/wp-content\/uploads\/2025\/04\/wszyscy-uczestnicy-zdjecie-przed-budynkiem-scaled.jpg 1920w\" sizes=\"(max-width: 768px) 100vw, 768px\" \/><\/a><\/figure><\/li><li class=\"blocks-gallery-item\"><figure><a href=\"http:\/\/ekonomik.opole.pl\/eko3\/wp-content\/uploads\/2025\/04\/wszyscy-uczestnicy-konkursu-na-sali-scaled.jpg\"><img loading=\"lazy\" width=\"768\" height=\"1024\" src=\"http:\/\/ekonomik.opole.pl\/eko3\/wp-content\/uploads\/2025\/04\/wszyscy-uczestnicy-konkursu-na-sali-768x1024.jpg\" alt=\"\" data-id=\"997913\" data-full-url=\"http:\/\/ekonomik.opole.pl\/eko3\/wp-content\/uploads\/2025\/04\/wszyscy-uczestnicy-konkursu-na-sali-scaled.jpg\" data-link=\"https:\/\/ekonomik.opole.pl\/eko3\/?attachment_id=997913\" class=\"wp-image-997913\" srcset=\"http:\/\/ekonomik.opole.pl\/eko3\/wp-content\/uploads\/2025\/04\/wszyscy-uczestnicy-konkursu-na-sali-768x1024.jpg 768w, http:\/\/ekonomik.opole.pl\/eko3\/wp-content\/uploads\/2025\/04\/wszyscy-uczestnicy-konkursu-na-sali-225x300.jpg 225w, http:\/\/ekonomik.opole.pl\/eko3\/wp-content\/uploads\/2025\/04\/wszyscy-uczestnicy-konkursu-na-sali-1152x1536.jpg 1152w, http:\/\/ekonomik.opole.pl\/eko3\/wp-content\/uploads\/2025\/04\/wszyscy-uczestnicy-konkursu-na-sali-1536x2048.jpg 1536w, http:\/\/ekonomik.opole.pl\/eko3\/wp-content\/uploads\/2025\/04\/wszyscy-uczestnicy-konkursu-na-sali-1360x1813.jpg 1360w, http:\/\/ekonomik.opole.pl\/eko3\/wp-content\/uploads\/2025\/04\/wszyscy-uczestnicy-konkursu-na-sali-680x907.jpg 680w, http:\/\/ekonomik.opole.pl\/eko3\/wp-content\/uploads\/2025\/04\/wszyscy-uczestnicy-konkursu-na-sali-scaled.jpg 1920w\" sizes=\"(max-width: 768px) 100vw, 768px\" \/><\/a><\/figure><\/li><li class=\"blocks-gallery-item\"><figure><a href=\"http:\/\/ekonomik.opole.pl\/eko3\/wp-content\/uploads\/2025\/04\/Karolina-zdjecie-na-tle-baneru-uczelni-scaled.jpg\"><img loading=\"lazy\" width=\"768\" height=\"1024\" src=\"http:\/\/ekonomik.opole.pl\/eko3\/wp-content\/uploads\/2025\/04\/Karolina-zdjecie-na-tle-baneru-uczelni-768x1024.jpg\" alt=\"\" data-id=\"997914\" data-full-url=\"http:\/\/ekonomik.opole.pl\/eko3\/wp-content\/uploads\/2025\/04\/Karolina-zdjecie-na-tle-baneru-uczelni-scaled.jpg\" data-link=\"https:\/\/ekonomik.opole.pl\/eko3\/?attachment_id=997914\" class=\"wp-image-997914\" srcset=\"http:\/\/ekonomik.opole.pl\/eko3\/wp-content\/uploads\/2025\/04\/Karolina-zdjecie-na-tle-baneru-uczelni-768x1024.jpg 768w, http:\/\/ekonomik.opole.pl\/eko3\/wp-content\/uploads\/2025\/04\/Karolina-zdjecie-na-tle-baneru-uczelni-225x300.jpg 225w, http:\/\/ekonomik.opole.pl\/eko3\/wp-content\/uploads\/2025\/04\/Karolina-zdjecie-na-tle-baneru-uczelni-1152x1536.jpg 1152w, http:\/\/ekonomik.opole.pl\/eko3\/wp-content\/uploads\/2025\/04\/Karolina-zdjecie-na-tle-baneru-uczelni-1536x2048.jpg 1536w, http:\/\/ekonomik.opole.pl\/eko3\/wp-content\/uploads\/2025\/04\/Karolina-zdjecie-na-tle-baneru-uczelni-1360x1813.jpg 1360w, http:\/\/ekonomik.opole.pl\/eko3\/wp-content\/uploads\/2025\/04\/Karolina-zdjecie-na-tle-baneru-uczelni-680x907.jpg 680w, http:\/\/ekonomik.opole.pl\/eko3\/wp-content\/uploads\/2025\/04\/Karolina-zdjecie-na-tle-baneru-uczelni-scaled.jpg 1920w\" sizes=\"(max-width: 768px) 100vw, 768px\" \/><\/a><\/figure><\/li><\/ul><\/figure>\n<\/div><!-- .vgblk-rw-wrapper -->","protected":false},"excerpt":{"rendered":"<p>11 kwietnia 2025 r. czworo naszych uczni\u00f3w reprezentowa\u0142o szko\u0142\u0119 w finale Og\u00f3lnopolskiego Konkursu Wiedzy o Podatkach w Katowicach, organizowanego przez Krajow\u0105 Izb\u0119 Doradc\u00f3w Podatkowych. Patronat nad nim sprawuje tak\u017ce Ministerstwo Finans\u00f3w. Uczestnikami fina\u0142u byli: Karolina Lasman \u2013 5c Karolina Gambusz \u2013 5c Grzegorz Przyby\u0142 \u2013 3b Kacper Brzozowski \u2013 2a Fina\u0142 tego konkursu obejmuje cz\u0119\u015b\u0107&#8230;<\/p>\n","protected":false},"author":6,"featured_media":997911,"comment_status":"open","ping_status":"open","sticky":false,"template":"","format":"standard","meta":{"inline_featured_image":false},"categories":[87,220,186],"tags":[],"_links":{"self":[{"href":"http:\/\/ekonomik.opole.pl\/eko3\/wp-json\/wp\/v2\/posts\/997902"}],"collection":[{"href":"http:\/\/ekonomik.opole.pl\/eko3\/wp-json\/wp\/v2\/posts"}],"about":[{"href":"http:\/\/ekonomik.opole.pl\/eko3\/wp-json\/wp\/v2\/types\/post"}],"author":[{"embeddable":true,"href":"http:\/\/ekonomik.opole.pl\/eko3\/wp-json\/wp\/v2\/users\/6"}],"replies":[{"embeddable":true,"href":"http:\/\/ekonomik.opole.pl\/eko3\/wp-json\/wp\/v2\/comments?post=997902"}],"version-history":[{"count":1,"href":"http:\/\/ekonomik.opole.pl\/eko3\/wp-json\/wp\/v2\/posts\/997902\/revisions"}],"predecessor-version":[{"id":997915,"href":"http:\/\/ekonomik.opole.pl\/eko3\/wp-json\/wp\/v2\/posts\/997902\/revisions\/997915"}],"wp:featuredmedia":[{"embeddable":true,"href":"http:\/\/ekonomik.opole.pl\/eko3\/wp-json\/wp\/v2\/media\/997911"}],"wp:attachment":[{"href":"http:\/\/ekonomik.opole.pl\/eko3\/wp-json\/wp\/v2\/media?parent=997902"}],"wp:term":[{"taxonomy":"category","embeddable":true,"href":"http:\/\/ekonomik.opole.pl\/eko3\/wp-json\/wp\/v2\/categories?post=997902"},{"taxonomy":"post_tag","embeddable":true,"href":"http:\/\/ekonomik.opole.pl\/eko3\/wp-json\/wp\/v2\/tags?post=997902"}],"curies":[{"name":"wp","href":"https:\/\/api.w.org\/{rel}","templated":true}]}}