{"id":997916,"date":"2025-04-16T18:45:00","date_gmt":"2025-04-16T16:45:00","guid":{"rendered":"https:\/\/ekonomik.opole.pl\/eko3\/?p=997916"},"modified":"2025-04-17T00:41:02","modified_gmt":"2025-04-16T22:41:02","slug":"liga-mlodych-logistykow-2","status":"publish","type":"post","link":"http:\/\/ekonomik.opole.pl\/eko3\/liga-mlodych-logistykow-2\/","title":{"rendered":"Liga m\u0142odych logistyk\u00f3w"},"content":{"rendered":"<div class=\"vgblk-rw-wrapper limit-wrapper\">\n<p>W dniu 16.04.2025 na Uniwersytecie Ekonomicznym w Katowicach odby\u0142 si\u0119 fina\u0142 Ligi M\u0142odych Logistyk\u00f3w. Spo\u015br\u00f3d 239 zespo\u0142\u00f3w zg\u0142oszonych do konkursu, do fina\u0142u wybrano 9 zespo\u0142\u00f3w. <\/p>\n\n\n\n<p>Do fina\u0142u dosta\u0142 si\u0119 zesp\u00f3\u0142 z Ekonomika Opole, kt\u00f3remu przewodzi\u0142 Mateusz Janiszewski. Cz\u0142onkami zespo\u0142u byli r\u00f3wnie\u017c Paulina Bia\u0142ecka i Bartosz Bojdak. <\/p>\n\n\n\n<p>Po przedstawieniu \u00a0prezentacji na temat Smart cities i zmierzeniu si\u0119 z pytaniami od jury konkursu, nasz zesp\u00f3\u0142 okaza\u0142 si\u0119 najlepszy w ca\u0142ej stawce. <\/p>\n\n\n\n<p>Zesp\u00f3\u0142 z Ekonomika kolejny raz najlepszy w konkursie Liga M\u0142odych logistyk\u00f3w. Wielkie gratulacje.\u00a0<\/p>\n<\/div><!-- .vgblk-rw-wrapper -->","protected":false},"excerpt":{"rendered":"<p>W dniu 16.04.2025 na Uniwersytecie Ekonomicznym w Katowicach odby\u0142 si\u0119 fina\u0142 Ligi M\u0142odych Logistyk\u00f3w. Spo\u015br\u00f3d 239 zespo\u0142\u00f3w zg\u0142oszonych do konkursu, do fina\u0142u wybrano 9 zespo\u0142\u00f3w. Do fina\u0142u dosta\u0142 si\u0119 zesp\u00f3\u0142 z Ekonomika Opole, kt\u00f3remu przewodzi\u0142 Mateusz Janiszewski. Cz\u0142onkami zespo\u0142u byli r\u00f3wnie\u017c Paulina Bia\u0142ecka i Bartosz Bojdak. Po przedstawieniu \u00a0prezentacji na temat Smart cities i zmierzeniu&#8230;<\/p>\n","protected":false},"author":6,"featured_media":997917,"comment_status":"open","ping_status":"open","sticky":false,"template":"","format":"standard","meta":{"inline_featured_image":false},"categories":[220,86,186],"tags":[],"_links":{"self":[{"href":"http:\/\/ekonomik.opole.pl\/eko3\/wp-json\/wp\/v2\/posts\/997916"}],"collection":[{"href":"http:\/\/ekonomik.opole.pl\/eko3\/wp-json\/wp\/v2\/posts"}],"about":[{"href":"http:\/\/ekonomik.opole.pl\/eko3\/wp-json\/wp\/v2\/types\/post"}],"author":[{"embeddable":true,"href":"http:\/\/ekonomik.opole.pl\/eko3\/wp-json\/wp\/v2\/users\/6"}],"replies":[{"embeddable":true,"href":"http:\/\/ekonomik.opole.pl\/eko3\/wp-json\/wp\/v2\/comments?post=997916"}],"version-history":[{"count":1,"href":"http:\/\/ekonomik.opole.pl\/eko3\/wp-json\/wp\/v2\/posts\/997916\/revisions"}],"predecessor-version":[{"id":997918,"href":"http:\/\/ekonomik.opole.pl\/eko3\/wp-json\/wp\/v2\/posts\/997916\/revisions\/997918"}],"wp:featuredmedia":[{"embeddable":true,"href":"http:\/\/ekonomik.opole.pl\/eko3\/wp-json\/wp\/v2\/media\/997917"}],"wp:attachment":[{"href":"http:\/\/ekonomik.opole.pl\/eko3\/wp-json\/wp\/v2\/media?parent=997916"}],"wp:term":[{"taxonomy":"category","embeddable":true,"href":"http:\/\/ekonomik.opole.pl\/eko3\/wp-json\/wp\/v2\/categories?post=997916"},{"taxonomy":"post_tag","embeddable":true,"href":"http:\/\/ekonomik.opole.pl\/eko3\/wp-json\/wp\/v2\/tags?post=997916"}],"curies":[{"name":"wp","href":"https:\/\/api.w.org\/{rel}","templated":true}]}}