{"id":997937,"date":"2025-04-30T11:55:14","date_gmt":"2025-04-30T09:55:14","guid":{"rendered":"https:\/\/ekonomik.opole.pl\/eko3\/?p=997937"},"modified":"2025-04-30T11:55:16","modified_gmt":"2025-04-30T09:55:16","slug":"pozegnanie-klas-maturalnych","status":"publish","type":"post","link":"http:\/\/ekonomik.opole.pl\/eko3\/pozegnanie-klas-maturalnych\/","title":{"rendered":"Po\u017cegnanie klas maturalnych"},"content":{"rendered":"<div class=\"vgblk-rw-wrapper limit-wrapper\">\n<p>25 kwietnia 2025 roku w naszej szkole po\u017cegnali\u015bmy uczni\u00f3w klas 5. Has\u0142o tegorocznego apelu brzmia\u0142o: \u201eWiedza naszym paliwem, meta sukcesem\u201d. Na t\u0119 uroczysto\u015b\u0107, opr\u00f3cz uczni\u00f3w, zaproszono r\u00f3wnie\u017c rodzic\u00f3w. Uroczysto\u015b\u0107 rozpocz\u0119\u0142a Pani Dyrektor Ewa Nowak-K\u00fcbler wyk\u0142adem, kt\u00f3ry powi\u0105za\u0142a z \u017cyciem i \u015bmierci\u0105, wplataj\u0105c w niego elementy literatury. Swoimi przemy\u015bleniami podzieli\u0142 si\u0119 r\u00f3wnie\u017c przewodnicz\u0105cy rady Rodzic\u00f3w Pan Jacek Perucki oraz Przewodnicz\u0105cy samorz\u0105du Uczniowskiego Jakub B\u0105k z klasy 4D. W cz\u0119\u015bci oficjalnej zabra\u0142 g\u0142os Micha\u0142 K\u0119dziora, kt\u00f3ry wypowiedzia\u0142 si\u0119 w imieniu uczni\u00f3w i uczennic klas 5. Specjalnym go\u015bciem by\u0142 Mateusz Dul, absolwent naszej szko\u0142y, ucze\u0144 klasy technik logistyk. Opowiedzia\u0142 o swoich do\u015bwiadczeniach sportowych jako \u017cu\u017clowiec, dziel\u0105c si\u0119 swoim do\u015bwiadczeniem, przek\u0142adaj\u0105c swoje \u017cycie sportowe na przysz\u0142e losy naszych abiturient\u00f3w. Nie brakowa\u0142o wzrusze\u0144, podzi\u0119kowa\u0144 i wspomnie\u0144, z kt\u00f3rymi na zawsze pozostan\u0105 nasi maturzy\u015bci. \u017byczymy wam zdanej matury na 100% z ka\u017cdego przedmiotu, sukces\u00f3w w \u017cyciu osobistym i zawodowym.<\/p>\n\n\n\n<div style=\"height:34px\" aria-hidden=\"true\" class=\"wp-block-spacer\"><\/div>\n\n\n\n<figure class=\"wp-block-gallery columns-4 is-cropped\"><ul class=\"blocks-gallery-grid\"><li class=\"blocks-gallery-item\"><figure><a href=\"http:\/\/ekonomik.opole.pl\/eko3\/wp-content\/uploads\/2025\/04\/Michal-scaled.jpeg\"><img loading=\"lazy\" width=\"681\" height=\"1024\" src=\"http:\/\/ekonomik.opole.pl\/eko3\/wp-content\/uploads\/2025\/04\/Michal-681x1024.jpeg\" alt=\"\" data-id=\"997942\" data-full-url=\"http:\/\/ekonomik.opole.pl\/eko3\/wp-content\/uploads\/2025\/04\/Michal-scaled.jpeg\" data-link=\"https:\/\/ekonomik.opole.pl\/eko3\/?attachment_id=997942\" class=\"wp-image-997942\" srcset=\"http:\/\/ekonomik.opole.pl\/eko3\/wp-content\/uploads\/2025\/04\/Michal-681x1024.jpeg 681w, http:\/\/ekonomik.opole.pl\/eko3\/wp-content\/uploads\/2025\/04\/Michal-200x300.jpeg 200w, http:\/\/ekonomik.opole.pl\/eko3\/wp-content\/uploads\/2025\/04\/Michal-768x1154.jpeg 768w, http:\/\/ekonomik.opole.pl\/eko3\/wp-content\/uploads\/2025\/04\/Michal-1022x1536.jpeg 1022w, http:\/\/ekonomik.opole.pl\/eko3\/wp-content\/uploads\/2025\/04\/Michal-1363x2048.jpeg 1363w, http:\/\/ekonomik.opole.pl\/eko3\/wp-content\/uploads\/2025\/04\/Michal-1360x2044.jpeg 1360w, http:\/\/ekonomik.opole.pl\/eko3\/wp-content\/uploads\/2025\/04\/Michal-680x1022.jpeg 680w, http:\/\/ekonomik.opole.pl\/eko3\/wp-content\/uploads\/2025\/04\/Michal-scaled.jpeg 1703w\" sizes=\"(max-width: 681px) 100vw, 681px\" \/><\/a><\/figure><\/li><li class=\"blocks-gallery-item\"><figure><a href=\"http:\/\/ekonomik.opole.pl\/eko3\/wp-content\/uploads\/2025\/04\/dyrektor-1-scaled.jpeg\"><img loading=\"lazy\" width=\"681\" height=\"1024\" src=\"http:\/\/ekonomik.opole.pl\/eko3\/wp-content\/uploads\/2025\/04\/dyrektor-1-681x1024.jpeg\" alt=\"\" data-id=\"997940\" data-full-url=\"http:\/\/ekonomik.opole.pl\/eko3\/wp-content\/uploads\/2025\/04\/dyrektor-1-scaled.jpeg\" data-link=\"https:\/\/ekonomik.opole.pl\/eko3\/?attachment_id=997940\" class=\"wp-image-997940\" srcset=\"http:\/\/ekonomik.opole.pl\/eko3\/wp-content\/uploads\/2025\/04\/dyrektor-1-681x1024.jpeg 681w, http:\/\/ekonomik.opole.pl\/eko3\/wp-content\/uploads\/2025\/04\/dyrektor-1-200x300.jpeg 200w, http:\/\/ekonomik.opole.pl\/eko3\/wp-content\/uploads\/2025\/04\/dyrektor-1-768x1154.jpeg 768w, http:\/\/ekonomik.opole.pl\/eko3\/wp-content\/uploads\/2025\/04\/dyrektor-1-1022x1536.jpeg 1022w, http:\/\/ekonomik.opole.pl\/eko3\/wp-content\/uploads\/2025\/04\/dyrektor-1-1363x2048.jpeg 1363w, http:\/\/ekonomik.opole.pl\/eko3\/wp-content\/uploads\/2025\/04\/dyrektor-1-1360x2044.jpeg 1360w, http:\/\/ekonomik.opole.pl\/eko3\/wp-content\/uploads\/2025\/04\/dyrektor-1-680x1022.jpeg 680w, http:\/\/ekonomik.opole.pl\/eko3\/wp-content\/uploads\/2025\/04\/dyrektor-1-scaled.jpeg 1703w\" sizes=\"(max-width: 681px) 100vw, 681px\" \/><\/a><\/figure><\/li><li class=\"blocks-gallery-item\"><figure><a href=\"http:\/\/ekonomik.opole.pl\/eko3\/wp-content\/uploads\/2025\/04\/dyrektor-scaled.jpeg\"><img loading=\"lazy\" width=\"681\" height=\"1024\" src=\"http:\/\/ekonomik.opole.pl\/eko3\/wp-content\/uploads\/2025\/04\/dyrektor-681x1024.jpeg\" alt=\"\" data-id=\"997939\" data-full-url=\"http:\/\/ekonomik.opole.pl\/eko3\/wp-content\/uploads\/2025\/04\/dyrektor-scaled.jpeg\" data-link=\"https:\/\/ekonomik.opole.pl\/eko3\/?attachment_id=997939\" class=\"wp-image-997939\" srcset=\"http:\/\/ekonomik.opole.pl\/eko3\/wp-content\/uploads\/2025\/04\/dyrektor-681x1024.jpeg 681w, http:\/\/ekonomik.opole.pl\/eko3\/wp-content\/uploads\/2025\/04\/dyrektor-200x300.jpeg 200w, http:\/\/ekonomik.opole.pl\/eko3\/wp-content\/uploads\/2025\/04\/dyrektor-768x1154.jpeg 768w, http:\/\/ekonomik.opole.pl\/eko3\/wp-content\/uploads\/2025\/04\/dyrektor-1022x1536.jpeg 1022w, http:\/\/ekonomik.opole.pl\/eko3\/wp-content\/uploads\/2025\/04\/dyrektor-1362x2048.jpeg 1362w, http:\/\/ekonomik.opole.pl\/eko3\/wp-content\/uploads\/2025\/04\/dyrektor-1360x2044.jpeg 1360w, http:\/\/ekonomik.opole.pl\/eko3\/wp-content\/uploads\/2025\/04\/dyrektor-680x1022.jpeg 680w, http:\/\/ekonomik.opole.pl\/eko3\/wp-content\/uploads\/2025\/04\/dyrektor-scaled.jpeg 1703w\" sizes=\"(max-width: 681px) 100vw, 681px\" \/><\/a><\/figure><\/li><li class=\"blocks-gallery-item\"><figure><a href=\"http:\/\/ekonomik.opole.pl\/eko3\/wp-content\/uploads\/2025\/04\/Bak-scaled.jpeg\"><img loading=\"lazy\" width=\"681\" height=\"1024\" src=\"http:\/\/ekonomik.opole.pl\/eko3\/wp-content\/uploads\/2025\/04\/Bak-681x1024.jpeg\" alt=\"\" data-id=\"997938\" data-full-url=\"http:\/\/ekonomik.opole.pl\/eko3\/wp-content\/uploads\/2025\/04\/Bak-scaled.jpeg\" data-link=\"https:\/\/ekonomik.opole.pl\/eko3\/?attachment_id=997938\" class=\"wp-image-997938\" srcset=\"http:\/\/ekonomik.opole.pl\/eko3\/wp-content\/uploads\/2025\/04\/Bak-681x1024.jpeg 681w, http:\/\/ekonomik.opole.pl\/eko3\/wp-content\/uploads\/2025\/04\/Bak-200x300.jpeg 200w, http:\/\/ekonomik.opole.pl\/eko3\/wp-content\/uploads\/2025\/04\/Bak-768x1154.jpeg 768w, http:\/\/ekonomik.opole.pl\/eko3\/wp-content\/uploads\/2025\/04\/Bak-1022x1536.jpeg 1022w, http:\/\/ekonomik.opole.pl\/eko3\/wp-content\/uploads\/2025\/04\/Bak-1363x2048.jpeg 1363w, http:\/\/ekonomik.opole.pl\/eko3\/wp-content\/uploads\/2025\/04\/Bak-1360x2044.jpeg 1360w, http:\/\/ekonomik.opole.pl\/eko3\/wp-content\/uploads\/2025\/04\/Bak-680x1022.jpeg 680w, http:\/\/ekonomik.opole.pl\/eko3\/wp-content\/uploads\/2025\/04\/Bak-scaled.jpeg 1703w\" sizes=\"(max-width: 681px) 100vw, 681px\" \/><\/a><\/figure><\/li><\/ul><\/figure>\n<\/div><!-- .vgblk-rw-wrapper -->","protected":false},"excerpt":{"rendered":"<p>25 kwietnia 2025 roku w naszej szkole po\u017cegnali\u015bmy uczni\u00f3w klas 5. Has\u0142o tegorocznego apelu brzmia\u0142o: \u201eWiedza naszym paliwem, meta sukcesem\u201d. Na t\u0119 uroczysto\u015b\u0107, opr\u00f3cz uczni\u00f3w, zaproszono r\u00f3wnie\u017c rodzic\u00f3w. Uroczysto\u015b\u0107 rozpocz\u0119\u0142a Pani Dyrektor Ewa Nowak-K\u00fcbler wyk\u0142adem, kt\u00f3ry powi\u0105za\u0142a z \u017cyciem i \u015bmierci\u0105, wplataj\u0105c w niego elementy literatury. Swoimi przemy\u015bleniami podzieli\u0142 si\u0119 r\u00f3wnie\u017c przewodnicz\u0105cy rady Rodzic\u00f3w Pan&#8230;<\/p>\n","protected":false},"author":6,"featured_media":997941,"comment_status":"open","ping_status":"open","sticky":false,"template":"","format":"standard","meta":{"inline_featured_image":false},"categories":[114],"tags":[],"_links":{"self":[{"href":"http:\/\/ekonomik.opole.pl\/eko3\/wp-json\/wp\/v2\/posts\/997937"}],"collection":[{"href":"http:\/\/ekonomik.opole.pl\/eko3\/wp-json\/wp\/v2\/posts"}],"about":[{"href":"http:\/\/ekonomik.opole.pl\/eko3\/wp-json\/wp\/v2\/types\/post"}],"author":[{"embeddable":true,"href":"http:\/\/ekonomik.opole.pl\/eko3\/wp-json\/wp\/v2\/users\/6"}],"replies":[{"embeddable":true,"href":"http:\/\/ekonomik.opole.pl\/eko3\/wp-json\/wp\/v2\/comments?post=997937"}],"version-history":[{"count":1,"href":"http:\/\/ekonomik.opole.pl\/eko3\/wp-json\/wp\/v2\/posts\/997937\/revisions"}],"predecessor-version":[{"id":997943,"href":"http:\/\/ekonomik.opole.pl\/eko3\/wp-json\/wp\/v2\/posts\/997937\/revisions\/997943"}],"wp:featuredmedia":[{"embeddable":true,"href":"http:\/\/ekonomik.opole.pl\/eko3\/wp-json\/wp\/v2\/media\/997941"}],"wp:attachment":[{"href":"http:\/\/ekonomik.opole.pl\/eko3\/wp-json\/wp\/v2\/media?parent=997937"}],"wp:term":[{"taxonomy":"category","embeddable":true,"href":"http:\/\/ekonomik.opole.pl\/eko3\/wp-json\/wp\/v2\/categories?post=997937"},{"taxonomy":"post_tag","embeddable":true,"href":"http:\/\/ekonomik.opole.pl\/eko3\/wp-json\/wp\/v2\/tags?post=997937"}],"curies":[{"name":"wp","href":"https:\/\/api.w.org\/{rel}","templated":true}]}}