{"id":997950,"date":"2025-05-07T15:11:43","date_gmt":"2025-05-07T13:11:43","guid":{"rendered":"https:\/\/ekonomik.opole.pl\/eko3\/?p=997950"},"modified":"2025-05-07T15:11:44","modified_gmt":"2025-05-07T13:11:44","slug":"zmiana-godzin-zajec-lekcyjnych-w-czwartek-8-maja-2025","status":"publish","type":"post","link":"http:\/\/ekonomik.opole.pl\/eko3\/zmiana-godzin-zajec-lekcyjnych-w-czwartek-8-maja-2025\/","title":{"rendered":"Zmiana godzin zaj\u0119\u0107 lekcyjnych w czwartek (8 maja 2025)"},"content":{"rendered":"<div class=\"vgblk-rw-wrapper limit-wrapper\">\n<p>na podstawie zarz\u0105dzenia Dyrektora Szko\u0142y informujemy, \u017ce w<strong>\u00a0czwartek, 8 maja 2025 r.<\/strong>, zaj\u0119cia dydaktyczne odb\u0119d\u0105 si\u0119 wed\u0142ug odr\u0119bnego harmonogramu:<\/p>\n\n\n\n<p>\u00a0<strong>obejmuj\u0105cego lekcje od 5. do 9. godziny lekcyjnej.<\/strong><\/p>\n\n\n\n<p><strong>LEKCJA 5 &#8211; 11.45-12.15<br>LEKCJA 6 &#8211; 12.20-13.05<\/strong><br><strong>LEKCJA 7 &#8211; 13.15-14.00<br>LEKCJA 8 &#8211; 14.05-14.50<br>LEKCJA 9. &#8211; 14.45-15.40<\/strong><\/p>\n\n\n\n<p>Jednocze\u015bnie, bardzo prosimy, \u017ceby uczniowie przychodzili do szko\u0142y\u00a0<strong>nie wcze\u015bniej ni\u017c o 11:40<\/strong>\u00a0&#8211; chodzi o zapewnienie spokoju i ciszy na korytarzach w trakcie egzaminu z j\u0119zyka angielskiego.<\/p>\n\n\n\n<p>Zmiana ta podyktowana jest zwi\u0119kszonym zaanga\u017cowaniem nauczycieli w przeprowadzanie egzaminu maturalnego z j\u0119zyka angielskiego, kt\u00f3ry odbywa si\u0119 zar\u00f3wno w Zespole Szk\u00f3\u0142 Ekonomicznych, jak i Zespole Szk\u00f3\u0142 Elektrycznych. Prosimy o zapoznanie si\u0119 ze zmodyfikowanym planem zaj\u0119\u0107, kt\u00f3ry zostanie opublikowany w dzienniku elektronicznym.<\/p>\n<\/div><!-- .vgblk-rw-wrapper -->","protected":false},"excerpt":{"rendered":"<p>na podstawie zarz\u0105dzenia Dyrektora Szko\u0142y informujemy, \u017ce w\u00a0czwartek, 8 maja 2025 r., zaj\u0119cia dydaktyczne odb\u0119d\u0105 si\u0119 wed\u0142ug odr\u0119bnego harmonogramu: \u00a0obejmuj\u0105cego lekcje od 5. do 9. godziny lekcyjnej. LEKCJA 5 &#8211; 11.45-12.15LEKCJA 6 &#8211; 12.20-13.05LEKCJA 7 &#8211; 13.15-14.00LEKCJA 8 &#8211; 14.05-14.50LEKCJA 9. &#8211; 14.45-15.40 Jednocze\u015bnie, bardzo prosimy, \u017ceby uczniowie przychodzili do szko\u0142y\u00a0nie wcze\u015bniej ni\u017c o 11:40\u00a0&#8211;&#8230;<\/p>\n","protected":false},"author":6,"featured_media":988940,"comment_status":"open","ping_status":"open","sticky":false,"template":"","format":"standard","meta":{"inline_featured_image":false},"categories":[322,114],"tags":[],"_links":{"self":[{"href":"http:\/\/ekonomik.opole.pl\/eko3\/wp-json\/wp\/v2\/posts\/997950"}],"collection":[{"href":"http:\/\/ekonomik.opole.pl\/eko3\/wp-json\/wp\/v2\/posts"}],"about":[{"href":"http:\/\/ekonomik.opole.pl\/eko3\/wp-json\/wp\/v2\/types\/post"}],"author":[{"embeddable":true,"href":"http:\/\/ekonomik.opole.pl\/eko3\/wp-json\/wp\/v2\/users\/6"}],"replies":[{"embeddable":true,"href":"http:\/\/ekonomik.opole.pl\/eko3\/wp-json\/wp\/v2\/comments?post=997950"}],"version-history":[{"count":1,"href":"http:\/\/ekonomik.opole.pl\/eko3\/wp-json\/wp\/v2\/posts\/997950\/revisions"}],"predecessor-version":[{"id":997951,"href":"http:\/\/ekonomik.opole.pl\/eko3\/wp-json\/wp\/v2\/posts\/997950\/revisions\/997951"}],"wp:featuredmedia":[{"embeddable":true,"href":"http:\/\/ekonomik.opole.pl\/eko3\/wp-json\/wp\/v2\/media\/988940"}],"wp:attachment":[{"href":"http:\/\/ekonomik.opole.pl\/eko3\/wp-json\/wp\/v2\/media?parent=997950"}],"wp:term":[{"taxonomy":"category","embeddable":true,"href":"http:\/\/ekonomik.opole.pl\/eko3\/wp-json\/wp\/v2\/categories?post=997950"},{"taxonomy":"post_tag","embeddable":true,"href":"http:\/\/ekonomik.opole.pl\/eko3\/wp-json\/wp\/v2\/tags?post=997950"}],"curies":[{"name":"wp","href":"https:\/\/api.w.org\/{rel}","templated":true}]}}