{"id":998010,"date":"2025-06-09T11:15:00","date_gmt":"2025-06-09T09:15:00","guid":{"rendered":"https:\/\/ekonomik.opole.pl\/eko3\/?p=998010"},"modified":"2025-06-10T08:36:41","modified_gmt":"2025-06-10T06:36:41","slug":"juz-w-najblizsza-sobote-3-charytatywny-bieg-z-zonkilem","status":"publish","type":"post","link":"http:\/\/ekonomik.opole.pl\/eko3\/juz-w-najblizsza-sobote-3-charytatywny-bieg-z-zonkilem\/","title":{"rendered":"Ju\u017c w najbli\u017csz\u0105 sobot\u0119 3 Charytatywny Bieg z \u017conkilem"},"content":{"rendered":"<div class=\"vgblk-rw-wrapper limit-wrapper\">\n<p>Zapraszamy do udzia\u0142u w wyj\u0105tkowej inicjatywie, w kt\u00f3rej wszyscy mog\u0105 poczu\u0107 si\u0119 zwyci\u0119zcami poprzez pomoc.<\/p>\n\n\n\n<p>CA\u0141KOWITY doch\u00f3d ze sprzeda\u017cy pakiet\u00f3w b\u0119dzie przekazany na rzecz Domowe Hospicjum dla Dzieci w Opolu. Wpisowe 40 z\u0142.<\/p>\n\n\n\n<p>W szczytnym celu mo\u017cna pobiec &#8211; p\u00f3j\u015b\u0107 z kijami nordic walking lub bez.<\/p>\n\n\n\n<p>Harmonogram:<br>11:00 bieg 5km,<br>12:00 nordic walking 2,5 km<\/p>\n\n\n\n<p>REJESTRACJA:<br><a rel=\"noreferrer noopener\" href=\"https:\/\/www.zmierzymyczas.pl\/edit\/2239\/iii-charytatywny-bieg-z-zonkilem.html?fbclid=IwZXh0bgNhZW0CMTAAYnJpZBEwQ3QxUUdEWWZYMXJKWHVTeQEemV8JxpWR6eatqjA9nPaTlR7-KXa3b9mwOCQBXn2M0Po7HUhW1L6nfyHhXS8_aem_vaagFUaq4yKlHZcdrUfQGg\" target=\"_blank\"><strong><span class=\"has-inline-color has-luminous-vivid-orange-color\">https:\/\/www.zmierzymyczas.pl\/&#8230;\/iii-charytatywny-bieg-z&#8230;<\/span><\/strong><\/a><br><\/p>\n\n\n\n<p>Start: Restauracja Laba<br><a rel=\"noreferrer noopener\" href=\"https:\/\/maps.app.goo.gl\/i2rXudd9MWY8a7X37?fbclid=IwZXh0bgNhZW0CMTAAYnJpZBEwQ3QxUUdEWWZYMXJKWHVTeQEeubjMT-ZDFWL1VbArB31krF0QllG7RiiFHAHGJ9fqmnlIAiNlATIu2DNILAM_aem_2HCWmRcEms-9H9_ao-KILQ\" target=\"_blank\"><strong><span class=\"has-inline-color has-luminous-vivid-orange-color\">https:\/\/maps.app.goo.gl\/i2rXudd9MWY8a7X37<\/span><\/strong><\/a><br><\/p>\n\n\n\n<p>Nie ma \u017cadnych ogranicze\u0144 wiekowych, a liczba uczestnik\u00f3w zosta\u0142a ustalona na 300.<\/p>\n\n\n\n<p>KA\u017bDY z uczestnik\u00f3w otrzyma pami\u0105tkowy medal, wod\u0119 i baton energetyczny. Zapewniamy tak\u017ce owocowy pocz\u0119stunek!\u00a0<\/p>\n<\/div><!-- .vgblk-rw-wrapper -->","protected":false},"excerpt":{"rendered":"<p>Zapraszamy do udzia\u0142u w wyj\u0105tkowej inicjatywie, w kt\u00f3rej wszyscy mog\u0105 poczu\u0107 si\u0119 zwyci\u0119zcami poprzez pomoc. CA\u0141KOWITY doch\u00f3d ze sprzeda\u017cy pakiet\u00f3w b\u0119dzie przekazany na rzecz Domowe Hospicjum dla Dzieci w Opolu. Wpisowe 40 z\u0142. W szczytnym celu mo\u017cna pobiec &#8211; p\u00f3j\u015b\u0107 z kijami nordic walking lub bez. Harmonogram:11:00 bieg 5km,12:00 nordic walking 2,5 km REJESTRACJA:https:\/\/www.zmierzymyczas.pl\/&#8230;\/iii-charytatywny-bieg-z&#8230; Start:&#8230;<\/p>\n","protected":false},"author":6,"featured_media":998011,"comment_status":"open","ping_status":"open","sticky":false,"template":"","format":"standard","meta":{"inline_featured_image":false},"categories":[208,155,296],"tags":[],"_links":{"self":[{"href":"http:\/\/ekonomik.opole.pl\/eko3\/wp-json\/wp\/v2\/posts\/998010"}],"collection":[{"href":"http:\/\/ekonomik.opole.pl\/eko3\/wp-json\/wp\/v2\/posts"}],"about":[{"href":"http:\/\/ekonomik.opole.pl\/eko3\/wp-json\/wp\/v2\/types\/post"}],"author":[{"embeddable":true,"href":"http:\/\/ekonomik.opole.pl\/eko3\/wp-json\/wp\/v2\/users\/6"}],"replies":[{"embeddable":true,"href":"http:\/\/ekonomik.opole.pl\/eko3\/wp-json\/wp\/v2\/comments?post=998010"}],"version-history":[{"count":2,"href":"http:\/\/ekonomik.opole.pl\/eko3\/wp-json\/wp\/v2\/posts\/998010\/revisions"}],"predecessor-version":[{"id":998013,"href":"http:\/\/ekonomik.opole.pl\/eko3\/wp-json\/wp\/v2\/posts\/998010\/revisions\/998013"}],"wp:featuredmedia":[{"embeddable":true,"href":"http:\/\/ekonomik.opole.pl\/eko3\/wp-json\/wp\/v2\/media\/998011"}],"wp:attachment":[{"href":"http:\/\/ekonomik.opole.pl\/eko3\/wp-json\/wp\/v2\/media?parent=998010"}],"wp:term":[{"taxonomy":"category","embeddable":true,"href":"http:\/\/ekonomik.opole.pl\/eko3\/wp-json\/wp\/v2\/categories?post=998010"},{"taxonomy":"post_tag","embeddable":true,"href":"http:\/\/ekonomik.opole.pl\/eko3\/wp-json\/wp\/v2\/tags?post=998010"}],"curies":[{"name":"wp","href":"https:\/\/api.w.org\/{rel}","templated":true}]}}