{"id":998021,"date":"2025-06-11T14:33:32","date_gmt":"2025-06-11T12:33:32","guid":{"rendered":"https:\/\/ekonomik.opole.pl\/eko3\/?p=998021"},"modified":"2025-06-11T14:34:29","modified_gmt":"2025-06-11T12:34:29","slug":"zaprezentuj-swoj-talent-na-gali-artystycznej","status":"publish","type":"post","link":"http:\/\/ekonomik.opole.pl\/eko3\/zaprezentuj-swoj-talent-na-gali-artystycznej\/","title":{"rendered":"Zaprezentuj sw\u00f3j talent na Gali Artystycznej!"},"content":{"rendered":"<div class=\"vgblk-rw-wrapper limit-wrapper\">\n<p>Masz unikalny talent? \u015apiewasz, ta\u0144czysz, recytujesz? A mo\u017ce jeste\u015b nietuzinkowym fotografem, grasz na instrumencie b\u0105d\u017a posiadasz sportowe zaci\u0119cie i \u017conglujesz pi\u0142k\u0105 niczym wirtuoz? Sprawd\u017a si\u0119 ju\u017c dzi\u015b i podziel si\u0119 z r\u00f3wie\u015bnikami swoimi zdolno\u015bciami!<\/p>\n\n\n\n<p>Wszystkich ch\u0119tnych do zaprezentowania si\u0119 na Gali serdecznie zapraszamy 18 czerwca do auli szkolnej.<\/p>\n<\/div><!-- .vgblk-rw-wrapper -->","protected":false},"excerpt":{"rendered":"<p>Masz unikalny talent? \u015apiewasz, ta\u0144czysz, recytujesz? A mo\u017ce jeste\u015b nietuzinkowym fotografem, grasz na instrumencie b\u0105d\u017a posiadasz sportowe zaci\u0119cie i \u017conglujesz pi\u0142k\u0105 niczym wirtuoz? Sprawd\u017a si\u0119 ju\u017c dzi\u015b i podziel si\u0119 z r\u00f3wie\u015bnikami swoimi zdolno\u015bciami! Wszystkich ch\u0119tnych do zaprezentowania si\u0119 na Gali serdecznie zapraszamy 18 czerwca do auli szkolnej.<\/p>\n","protected":false},"author":6,"featured_media":998022,"comment_status":"open","ping_status":"open","sticky":false,"template":"","format":"standard","meta":{"inline_featured_image":false},"categories":[208],"tags":[],"_links":{"self":[{"href":"http:\/\/ekonomik.opole.pl\/eko3\/wp-json\/wp\/v2\/posts\/998021"}],"collection":[{"href":"http:\/\/ekonomik.opole.pl\/eko3\/wp-json\/wp\/v2\/posts"}],"about":[{"href":"http:\/\/ekonomik.opole.pl\/eko3\/wp-json\/wp\/v2\/types\/post"}],"author":[{"embeddable":true,"href":"http:\/\/ekonomik.opole.pl\/eko3\/wp-json\/wp\/v2\/users\/6"}],"replies":[{"embeddable":true,"href":"http:\/\/ekonomik.opole.pl\/eko3\/wp-json\/wp\/v2\/comments?post=998021"}],"version-history":[{"count":3,"href":"http:\/\/ekonomik.opole.pl\/eko3\/wp-json\/wp\/v2\/posts\/998021\/revisions"}],"predecessor-version":[{"id":998025,"href":"http:\/\/ekonomik.opole.pl\/eko3\/wp-json\/wp\/v2\/posts\/998021\/revisions\/998025"}],"wp:featuredmedia":[{"embeddable":true,"href":"http:\/\/ekonomik.opole.pl\/eko3\/wp-json\/wp\/v2\/media\/998022"}],"wp:attachment":[{"href":"http:\/\/ekonomik.opole.pl\/eko3\/wp-json\/wp\/v2\/media?parent=998021"}],"wp:term":[{"taxonomy":"category","embeddable":true,"href":"http:\/\/ekonomik.opole.pl\/eko3\/wp-json\/wp\/v2\/categories?post=998021"},{"taxonomy":"post_tag","embeddable":true,"href":"http:\/\/ekonomik.opole.pl\/eko3\/wp-json\/wp\/v2\/tags?post=998021"}],"curies":[{"name":"wp","href":"https:\/\/api.w.org\/{rel}","templated":true}]}}