{"id":998032,"date":"2025-06-26T11:54:43","date_gmt":"2025-06-26T09:54:43","guid":{"rendered":"https:\/\/ekonomik.opole.pl\/eko3\/?p=998032"},"modified":"2025-06-26T11:54:45","modified_gmt":"2025-06-26T09:54:45","slug":"harmonogram-zakonczenia-roku-szkolnego","status":"publish","type":"post","link":"http:\/\/ekonomik.opole.pl\/eko3\/harmonogram-zakonczenia-roku-szkolnego\/","title":{"rendered":"Harmonogram zako\u0144czenia roku szkolnego"},"content":{"rendered":"<div class=\"vgblk-rw-wrapper limit-wrapper\">\n<p><strong>08.00 msza \u015bw. w ko\u015bciele \u015bw. Piotra i Paw\u0142a w intencji \u015bp Pani Tamary S\u0142odkowskiej<\/strong><\/p>\n\n\n\n<p><strong>09.15 spotkanie uczni\u00f3w klas I oraz tr\u00f3jek klasowych pozosta\u0142ych klas (w tym uczniowie wyznaczeni) z Dyrekcj\u0105 Szko\u0142y i nauczycielami w auli<\/strong><\/p>\n\n\n\n<p><strong>10.05 \u2013 spotkanie uczni\u00f3w wszystkich klas z wychowawcami w wyznaczonych salach<\/strong><\/p>\n\n\n\n<p><\/p>\n\n\n\n<figure class=\"wp-block-table\"><table><tbody><tr><td><strong>klasa<\/strong><\/td><td><strong>zaw\u00f3d<\/strong><\/td><td><strong>Wychowawca<\/strong><\/td><td><strong>sala<\/strong><\/td><\/tr><tr><td><strong>1a<\/strong><strong><\/strong><\/td><td>1 a1 \u2013 technik fotografii i multimedi\u00f3w 1 a2 \u2013 technik grafiki i poligrafii cyfrowej 1 a3 &#8211; technik reklamy<\/td><td>Magdalena W\u00f3jcik &#8211; Gugulska<\/td><td>41<\/td><\/tr><tr><td><strong>1b<\/strong><\/td><td>&nbsp;&nbsp;&nbsp;&nbsp;&nbsp;&nbsp;&nbsp;&nbsp;&nbsp;&nbsp; technik programista<\/td><td>Mariusz Wojas<\/td><td>38<\/td><\/tr><tr><td><strong>1c<\/strong><\/td><td>1 c1 \u2013 technik ekonomista 1 c2 \u2013 technik rachunkowo\u015bci<\/td><td>Anna Kornek<\/td><td>39<\/td><\/tr><tr><td><strong>1d<\/strong><\/td><td>&nbsp;&nbsp;&nbsp;&nbsp;&nbsp;&nbsp;&nbsp;&nbsp;&nbsp;&nbsp; technik logistyk<\/td><td>Ma\u0142gorzata Kochanowska<\/td><td>59<\/td><\/tr><tr><td><strong>2a<\/strong><\/td><td>2 a1 \u2013 technik fotografii i multimedi\u00f3w 2 a2 \u2013 technik ekonomista<\/td><td>Edyta Ko\u015bcielak<\/td><td>49<\/td><\/tr><tr><td><strong>2b<\/strong><\/td><td>2 b1 \u2013 technik programista 2 b2 \u2013 technik grafiki i poligrafii cyfrowej<\/td><td>Beata Krywalska &#8211; Wlaz\u0142o<\/td><td>50<\/td><\/tr><tr><td><strong>2c<\/strong><\/td><td>&nbsp;&nbsp;&nbsp;&nbsp;&nbsp;&nbsp;&nbsp;&nbsp;&nbsp;&nbsp; technik ekonomista<\/td><td>&nbsp;Nicola Kawecka<\/td><td>22<\/td><\/tr><tr><td><strong>2d<\/strong><\/td><td>&nbsp;&nbsp;&nbsp;&nbsp;&nbsp;&nbsp;&nbsp;&nbsp;&nbsp;&nbsp; technik rachunkowo\u015bci<\/td><td>Anna Matyaszczuk<\/td><td>35<\/td><\/tr><tr><td><strong>2e<\/strong><\/td><td>&nbsp;&nbsp;&nbsp;&nbsp;&nbsp;&nbsp;&nbsp;&nbsp;&nbsp;&nbsp; technik reklamy<\/td><td>Olga Wilkowska<\/td><td>60<\/td><\/tr><tr><td><strong>2f<\/strong><\/td><td>&nbsp;&nbsp;&nbsp;&nbsp;&nbsp;&nbsp;&nbsp;&nbsp;&nbsp;&nbsp; technik logistyk<\/td><td>Iwona Krakowiak \u2013 Bzymek<\/td><td>31<\/td><\/tr><tr><td><strong>3a<\/strong><\/td><td>3 a1 \u2013 technik fotografii i multimedi\u00f3w 3 a2 \u2013 technik programista<\/td><td>Sebastian Tabo\u0142<\/td><td>27<\/td><\/tr><tr><td><strong>3b<\/strong><\/td><td>&nbsp;&nbsp;&nbsp;&nbsp;&nbsp;&nbsp;&nbsp;&nbsp;&nbsp;&nbsp; technik rachunkowo\u015bci<\/td><td>Ma\u0142gorzata Rapacz<\/td><td>25<\/td><\/tr><tr><td><strong>3c<\/strong><\/td><td>&nbsp;&nbsp;&nbsp;&nbsp;&nbsp;&nbsp;&nbsp;&nbsp;&nbsp;&nbsp; technik ekonomista<\/td><td>Katarzyna Romanowska<\/td><td>21<\/td><\/tr><tr><td><strong>3d<\/strong><\/td><td>3 d1 \u2013 technik ekonomista 3 d2 \u2013 technik logistyk<\/td><td>Aneta Teper &#8211; \u0106wirko<\/td><td>48<\/td><\/tr><tr><td><strong>3e<\/strong><\/td><td>&nbsp;&nbsp;&nbsp;&nbsp;&nbsp;&nbsp;&nbsp;&nbsp;&nbsp;&nbsp; technik reklamy<\/td><td>Urszula Izdebska<\/td><td>8<\/td><\/tr><tr><td><strong>3f<\/strong><\/td><td>&nbsp;&nbsp;&nbsp;&nbsp;&nbsp;&nbsp;&nbsp;&nbsp;&nbsp;&nbsp; technik logistyk<\/td><td>Ma\u0142gorzata Ja\u015bkiewicz<\/td><td>33<\/td><\/tr><tr><td><strong>3g<\/strong><\/td><td>&nbsp;&nbsp;&nbsp;&nbsp;&nbsp;&nbsp;&nbsp;&nbsp;&nbsp;&nbsp; technik grafiki i poligrafii cyfrowej<\/td><td>Rafa\u0142 Krzyszta\u0142owicz<\/td><td>2<\/td><\/tr><tr><td><strong>4a<\/strong><\/td><td>4 a1 \u2013 technik fotografii i multimedi\u00f3w 4 a2 \u2013 technik grafiki i poligrafii cyfrowej<\/td><td>Sylwester Strzelec<\/td><td>6<\/td><\/tr><tr><td><strong>4b<\/strong><\/td><td>4 b1 \u2013 technik ekonomista 4 b2 \u2013 technik programista<\/td><td>Adam Skwira<\/td><td>20<\/td><\/tr><tr><td><strong>4c<\/strong><\/td><td>&nbsp;&nbsp;&nbsp;&nbsp;&nbsp;&nbsp;&nbsp;&nbsp;&nbsp;&nbsp; technik rachunkowo\u015bci<\/td><td>Beata Klama<\/td><td>34<\/td><\/tr><tr><td><strong>4d<\/strong><\/td><td>&nbsp;&nbsp;&nbsp;&nbsp;&nbsp;&nbsp;&nbsp;&nbsp;&nbsp;&nbsp; technik ekonomista<\/td><td>Izabela Go\u0142og\u00f3rska<\/td><td>56<\/td><\/tr><tr><td><strong>4e<\/strong><\/td><td>&nbsp;&nbsp;&nbsp;&nbsp;&nbsp;&nbsp;&nbsp;&nbsp;&nbsp;&nbsp; technik reklamy<\/td><td>Alicja Buczkowska<\/td><td>53<\/td><\/tr><tr><td><strong>4f<\/strong><\/td><td>&nbsp;&nbsp;&nbsp;&nbsp;&nbsp;&nbsp;&nbsp;&nbsp;&nbsp;&nbsp; technik logistyk<\/td><td>Stanis\u0142aw Hadyna<\/td><td>40<\/td><\/tr><\/tbody><\/table><\/figure>\n<\/div><!-- .vgblk-rw-wrapper -->","protected":false},"excerpt":{"rendered":"<p>08.00 msza \u015bw. w ko\u015bciele \u015bw. Piotra i Paw\u0142a w intencji \u015bp Pani Tamary S\u0142odkowskiej 09.15 spotkanie uczni\u00f3w klas I oraz tr\u00f3jek klasowych pozosta\u0142ych klas (w tym uczniowie wyznaczeni) z Dyrekcj\u0105 Szko\u0142y i nauczycielami w auli 10.05 \u2013 spotkanie uczni\u00f3w wszystkich klas z wychowawcami w wyznaczonych salach klasa zaw\u00f3d Wychowawca sala 1a 1 a1 \u2013&#8230;<\/p>\n","protected":false},"author":6,"featured_media":996564,"comment_status":"open","ping_status":"open","sticky":false,"template":"","format":"standard","meta":{"inline_featured_image":false},"categories":[322,114],"tags":[],"_links":{"self":[{"href":"http:\/\/ekonomik.opole.pl\/eko3\/wp-json\/wp\/v2\/posts\/998032"}],"collection":[{"href":"http:\/\/ekonomik.opole.pl\/eko3\/wp-json\/wp\/v2\/posts"}],"about":[{"href":"http:\/\/ekonomik.opole.pl\/eko3\/wp-json\/wp\/v2\/types\/post"}],"author":[{"embeddable":true,"href":"http:\/\/ekonomik.opole.pl\/eko3\/wp-json\/wp\/v2\/users\/6"}],"replies":[{"embeddable":true,"href":"http:\/\/ekonomik.opole.pl\/eko3\/wp-json\/wp\/v2\/comments?post=998032"}],"version-history":[{"count":1,"href":"http:\/\/ekonomik.opole.pl\/eko3\/wp-json\/wp\/v2\/posts\/998032\/revisions"}],"predecessor-version":[{"id":998033,"href":"http:\/\/ekonomik.opole.pl\/eko3\/wp-json\/wp\/v2\/posts\/998032\/revisions\/998033"}],"wp:featuredmedia":[{"embeddable":true,"href":"http:\/\/ekonomik.opole.pl\/eko3\/wp-json\/wp\/v2\/media\/996564"}],"wp:attachment":[{"href":"http:\/\/ekonomik.opole.pl\/eko3\/wp-json\/wp\/v2\/media?parent=998032"}],"wp:term":[{"taxonomy":"category","embeddable":true,"href":"http:\/\/ekonomik.opole.pl\/eko3\/wp-json\/wp\/v2\/categories?post=998032"},{"taxonomy":"post_tag","embeddable":true,"href":"http:\/\/ekonomik.opole.pl\/eko3\/wp-json\/wp\/v2\/tags?post=998032"}],"curies":[{"name":"wp","href":"https:\/\/api.w.org\/{rel}","templated":true}]}}