{"id":998061,"date":"2025-07-24T18:00:26","date_gmt":"2025-07-24T16:00:26","guid":{"rendered":"https:\/\/ekonomik.opole.pl\/eko3\/?p=998061"},"modified":"2025-07-24T18:00:27","modified_gmt":"2025-07-24T16:00:27","slug":"spotkanie-dyrekcji-oraz-wychowawcow-z-uczniami-i-rodzicami-klas-i","status":"publish","type":"post","link":"http:\/\/ekonomik.opole.pl\/eko3\/spotkanie-dyrekcji-oraz-wychowawcow-z-uczniami-i-rodzicami-klas-i\/","title":{"rendered":"Spotkanie Dyrekcji oraz wychowawc\u00f3w z Uczniami i Rodzicami klas I"},"content":{"rendered":"<div class=\"vgblk-rw-wrapper limit-wrapper\">\n<p>Serdecznie zapraszamy wszystkich Uczni\u00f3w klas I wraz z Rodzicami, na spotkanie z Dyrekcj\u0105 i Wychowawcami, kt\u00f3re odb\u0119dzie si\u0119 <strong>29.08.2025 o godz. 16.30 w Auli Szkolnej na 3 pi\u0119trze<\/strong>.<\/p>\n<\/div><!-- .vgblk-rw-wrapper -->","protected":false},"excerpt":{"rendered":"<p>Serdecznie zapraszamy wszystkich Uczni\u00f3w klas I wraz z Rodzicami, na spotkanie z Dyrekcj\u0105 i Wychowawcami, kt\u00f3re odb\u0119dzie si\u0119 29.08.2025 o godz. 16.30 w Auli Szkolnej na 3 pi\u0119trze.<\/p>\n","protected":false},"author":6,"featured_media":998062,"comment_status":"open","ping_status":"open","sticky":true,"template":"","format":"standard","meta":{"inline_featured_image":false},"categories":[322],"tags":[],"_links":{"self":[{"href":"http:\/\/ekonomik.opole.pl\/eko3\/wp-json\/wp\/v2\/posts\/998061"}],"collection":[{"href":"http:\/\/ekonomik.opole.pl\/eko3\/wp-json\/wp\/v2\/posts"}],"about":[{"href":"http:\/\/ekonomik.opole.pl\/eko3\/wp-json\/wp\/v2\/types\/post"}],"author":[{"embeddable":true,"href":"http:\/\/ekonomik.opole.pl\/eko3\/wp-json\/wp\/v2\/users\/6"}],"replies":[{"embeddable":true,"href":"http:\/\/ekonomik.opole.pl\/eko3\/wp-json\/wp\/v2\/comments?post=998061"}],"version-history":[{"count":1,"href":"http:\/\/ekonomik.opole.pl\/eko3\/wp-json\/wp\/v2\/posts\/998061\/revisions"}],"predecessor-version":[{"id":998063,"href":"http:\/\/ekonomik.opole.pl\/eko3\/wp-json\/wp\/v2\/posts\/998061\/revisions\/998063"}],"wp:featuredmedia":[{"embeddable":true,"href":"http:\/\/ekonomik.opole.pl\/eko3\/wp-json\/wp\/v2\/media\/998062"}],"wp:attachment":[{"href":"http:\/\/ekonomik.opole.pl\/eko3\/wp-json\/wp\/v2\/media?parent=998061"}],"wp:term":[{"taxonomy":"category","embeddable":true,"href":"http:\/\/ekonomik.opole.pl\/eko3\/wp-json\/wp\/v2\/categories?post=998061"},{"taxonomy":"post_tag","embeddable":true,"href":"http:\/\/ekonomik.opole.pl\/eko3\/wp-json\/wp\/v2\/tags?post=998061"}],"curies":[{"name":"wp","href":"https:\/\/api.w.org\/{rel}","templated":true}]}}