{"id":998116,"date":"2025-09-08T22:11:21","date_gmt":"2025-09-08T20:11:21","guid":{"rendered":"https:\/\/ekonomik.opole.pl\/eko3\/?p=998116"},"modified":"2025-09-08T22:24:07","modified_gmt":"2025-09-08T20:24:07","slug":"marszalkowski-program-stypendialny-dla-uczniow-szkol-i-placowek-ksztalcenia-zawodowego-wojewodztwa-opolskiego","status":"publish","type":"post","link":"http:\/\/ekonomik.opole.pl\/eko3\/marszalkowski-program-stypendialny-dla-uczniow-szkol-i-placowek-ksztalcenia-zawodowego-wojewodztwa-opolskiego\/","title":{"rendered":"Marsza\u0142kowski Program Stypendialny dla uczni\u00f3w szk\u00f3\u0142 i plac\u00f3wek kszta\u0142cenia zawodowego wojew\u00f3dztwa opolskiego"},"content":{"rendered":"\n<p>Zarz\u0105d Wojew\u00f3dztwa Opolskiego og\u0142asza nab\u00f3r wniosk\u00f3w o przyznanie stypendium w ramach projektu \u201eMarsza\u0142kowski Program Stypendialny dla uczni\u00f3w szk\u00f3\u0142 i plac\u00f3wek kszta\u0142cenia zawodowego wojew\u00f3dztwa opolskiego\u201d, w ramach Dzia\u0142ania 5.8 Programy pomocy stypendialnej, Programu Regionalnego Fundusze Europejskie dla Opolskiego na lata 2021 do 2027.<\/p>\n\n\n\n<p>Program Stypendialny skierowany jest do zdolnych uczni\u00f3w ucz\u0119szczaj\u0105cych do szk\u00f3\u0142 prowadz\u0105cych kszta\u0142cenie zawodowe oraz artystyczne na terenie wojew\u00f3dztwa opolskiego znajduj\u0105cy si\u0119 w niekorzystnej sytuacji (z grup defaworyzowanych).<\/p>\n\n\n\n<p>Regulamin stypendialny oraz wzory dokument\u00f3w, niezb\u0119dnych do z\u0142o\u017cenia wniosku, dost\u0119pne s\u0105 na stronie internetowej <a href=\"https:\/\/www.opolskie.pl\/2025\/09\/rusza-nabor-w-programie-stypendialnym-dla-uczniow-szkol-i-placowek-ksztalcenia-zawodowego-i-artystycznego\/\" target=\"_blank\" rel=\"noreferrer noopener\"><strong><span class=\"has-inline-color has-luminous-vivid-orange-color\">www.opolskie.pl<\/span><\/strong><\/a> w zak\u0142adce REGION.<\/p>\n\n\n\n<p>Nab\u00f3r wniosk\u00f3w przeprowadzony b\u0119dzie od 8 wrze\u015bnia do 26 wrze\u015bnia br.<\/p>\n\n\n\n<p>Szczeg\u00f3\u0142owych informacji odno\u015bnie programu stypendialnego udziela Departament Edukacji i Rynku Pracy pod numerem tel. tel.: 77 44 45 544, 77 44 45 545, 77 44 45 540.<\/p>\n\n\n\n<div class=\"wp-block-columns\"><\/div>\n","protected":false},"excerpt":{"rendered":"<p>Zarz\u0105d Wojew\u00f3dztwa Opolskiego og\u0142asza nab\u00f3r wniosk\u00f3w o przyznanie stypendium w ramach projektu \u201eMarsza\u0142kowski Program Stypendialny dla uczni\u00f3w szk\u00f3\u0142 i plac\u00f3wek kszta\u0142cenia zawodowego wojew\u00f3dztwa opolskiego\u201d, w ramach Dzia\u0142ania 5.8 Programy pomocy stypendialnej, Programu Regionalnego Fundusze Europejskie dla Opolskiego na lata 2021 do 2027. Program Stypendialny skierowany jest do zdolnych uczni\u00f3w ucz\u0119szczaj\u0105cych do szk\u00f3\u0142 prowadz\u0105cych kszta\u0142cenie zawodowe&#8230;<\/p>\n","protected":false},"author":6,"featured_media":998121,"comment_status":"open","ping_status":"open","sticky":false,"template":"","format":"standard","meta":{"inline_featured_image":false},"categories":[155],"tags":[],"_links":{"self":[{"href":"http:\/\/ekonomik.opole.pl\/eko3\/wp-json\/wp\/v2\/posts\/998116"}],"collection":[{"href":"http:\/\/ekonomik.opole.pl\/eko3\/wp-json\/wp\/v2\/posts"}],"about":[{"href":"http:\/\/ekonomik.opole.pl\/eko3\/wp-json\/wp\/v2\/types\/post"}],"author":[{"embeddable":true,"href":"http:\/\/ekonomik.opole.pl\/eko3\/wp-json\/wp\/v2\/users\/6"}],"replies":[{"embeddable":true,"href":"http:\/\/ekonomik.opole.pl\/eko3\/wp-json\/wp\/v2\/comments?post=998116"}],"version-history":[{"count":7,"href":"http:\/\/ekonomik.opole.pl\/eko3\/wp-json\/wp\/v2\/posts\/998116\/revisions"}],"predecessor-version":[{"id":998132,"href":"http:\/\/ekonomik.opole.pl\/eko3\/wp-json\/wp\/v2\/posts\/998116\/revisions\/998132"}],"wp:featuredmedia":[{"embeddable":true,"href":"http:\/\/ekonomik.opole.pl\/eko3\/wp-json\/wp\/v2\/media\/998121"}],"wp:attachment":[{"href":"http:\/\/ekonomik.opole.pl\/eko3\/wp-json\/wp\/v2\/media?parent=998116"}],"wp:term":[{"taxonomy":"category","embeddable":true,"href":"http:\/\/ekonomik.opole.pl\/eko3\/wp-json\/wp\/v2\/categories?post=998116"},{"taxonomy":"post_tag","embeddable":true,"href":"http:\/\/ekonomik.opole.pl\/eko3\/wp-json\/wp\/v2\/tags?post=998116"}],"curies":[{"name":"wp","href":"https:\/\/api.w.org\/{rel}","templated":true}]}}