{"id":998136,"date":"2025-09-10T13:13:39","date_gmt":"2025-09-10T11:13:39","guid":{"rendered":"https:\/\/ekonomik.opole.pl\/eko3\/?p=998136"},"modified":"2025-09-10T13:13:48","modified_gmt":"2025-09-10T11:13:48","slug":"wyprawka-szkolna","status":"publish","type":"post","link":"http:\/\/ekonomik.opole.pl\/eko3\/wyprawka-szkolna\/","title":{"rendered":"Wyprawka szkolna"},"content":{"rendered":"<div class=\"vgblk-rw-wrapper limit-wrapper\">\n<p>Ubiegaj\u0105c si\u0119 o &#8222;wyprawk\u0119 szkoln\u0105&#8221;, dotacje rz\u0105dow\u0105 w roku szkolnym 2025\/2026 dla uczni\u00f3w posiadaj\u0105cych orzeczenie o potrzebie kszta\u0142cenia specjalnego, nale\u017cy pobra\u0107 wniosek (pok. 37) oraz do dnia 25 wrze\u015bnia z\u0142o\u017cy\u0107 go wraz z dokumentacj\u0105 potwierdzaj\u0105c\u0105 zakup podr\u0119cznik\u00f3w (faktury, paragony).<\/p>\n\n\n\n<div style=\"height:51px\" aria-hidden=\"true\" class=\"wp-block-spacer\"><\/div>\n\n\n\n<p class=\"has-text-align-right\">El\u017cbieta Turczy\u0144ska,<br>Pedagog Szkolny<\/p>\n<\/div><!-- .vgblk-rw-wrapper -->","protected":false},"excerpt":{"rendered":"<p>Ubiegaj\u0105c si\u0119 o &#8222;wyprawk\u0119 szkoln\u0105&#8221;, dotacje rz\u0105dow\u0105 w roku szkolnym 2025\/2026 dla uczni\u00f3w posiadaj\u0105cych orzeczenie o potrzebie kszta\u0142cenia specjalnego, nale\u017cy pobra\u0107 wniosek (pok. 37) oraz do dnia 25 wrze\u015bnia z\u0142o\u017cy\u0107 go wraz z dokumentacj\u0105 potwierdzaj\u0105c\u0105 zakup podr\u0119cznik\u00f3w (faktury, paragony). El\u017cbieta Turczy\u0144ska,Pedagog Szkolny<\/p>\n","protected":false},"author":6,"featured_media":998137,"comment_status":"open","ping_status":"open","sticky":false,"template":"","format":"standard","meta":{"inline_featured_image":false},"categories":[155],"tags":[],"_links":{"self":[{"href":"http:\/\/ekonomik.opole.pl\/eko3\/wp-json\/wp\/v2\/posts\/998136"}],"collection":[{"href":"http:\/\/ekonomik.opole.pl\/eko3\/wp-json\/wp\/v2\/posts"}],"about":[{"href":"http:\/\/ekonomik.opole.pl\/eko3\/wp-json\/wp\/v2\/types\/post"}],"author":[{"embeddable":true,"href":"http:\/\/ekonomik.opole.pl\/eko3\/wp-json\/wp\/v2\/users\/6"}],"replies":[{"embeddable":true,"href":"http:\/\/ekonomik.opole.pl\/eko3\/wp-json\/wp\/v2\/comments?post=998136"}],"version-history":[{"count":2,"href":"http:\/\/ekonomik.opole.pl\/eko3\/wp-json\/wp\/v2\/posts\/998136\/revisions"}],"predecessor-version":[{"id":998139,"href":"http:\/\/ekonomik.opole.pl\/eko3\/wp-json\/wp\/v2\/posts\/998136\/revisions\/998139"}],"wp:featuredmedia":[{"embeddable":true,"href":"http:\/\/ekonomik.opole.pl\/eko3\/wp-json\/wp\/v2\/media\/998137"}],"wp:attachment":[{"href":"http:\/\/ekonomik.opole.pl\/eko3\/wp-json\/wp\/v2\/media?parent=998136"}],"wp:term":[{"taxonomy":"category","embeddable":true,"href":"http:\/\/ekonomik.opole.pl\/eko3\/wp-json\/wp\/v2\/categories?post=998136"},{"taxonomy":"post_tag","embeddable":true,"href":"http:\/\/ekonomik.opole.pl\/eko3\/wp-json\/wp\/v2\/tags?post=998136"}],"curies":[{"name":"wp","href":"https:\/\/api.w.org\/{rel}","templated":true}]}}