{"id":998142,"date":"2025-09-16T14:52:00","date_gmt":"2025-09-16T12:52:00","guid":{"rendered":"https:\/\/ekonomik.opole.pl\/eko3\/?p=998142"},"modified":"2025-09-18T09:10:03","modified_gmt":"2025-09-18T07:10:03","slug":"podwojne-podium-naszych-sztafet","status":"publish","type":"post","link":"http:\/\/ekonomik.opole.pl\/eko3\/podwojne-podium-naszych-sztafet\/","title":{"rendered":"Podw\u00f3jne podium naszych sztafet!"},"content":{"rendered":"<div class=\"vgblk-rw-wrapper limit-wrapper\">\n<p>Na Stadionie&nbsp;Lekkoatletycznym im. Opolskich Olimpijczyk\u00f3w&nbsp;w Opolu odby\u0142 si\u0119 dzi\u015b Festiwal Sztafet. Na trzy sztafety uczniowie naszej szko\u0142y zdobyli a\u017c dwa medale oraz zaszczytne 4. miejsce.<\/p>\n\n\n\n<p>4x100m dziewcz\u0105t &#8211; 4. miejsce<\/p>\n\n\n\n<p>Joanna Hellbach 5f<br>Wiktoria Karpezo 3b<br>Karolina Marszo\u0142ek 4B<br>Laura Feliks 1f<\/p>\n\n\n\n<p>4x400m dziewcz\u0105t  &#8211; 2. miejsce i srebrny medal<\/p>\n\n\n\n<p>Oliwia Przywara 3f<br>Wiktoria Kalicun 4G<br>Martyna Ma\u0142czak4c<br>Nicole Fiedler 3d<\/p>\n\n\n\n<p>4x100m ch\u0142opc\u00f3w\u00a0&#8211; 3. miejsce i br\u0105zowy medal<\/p>\n\n\n\n<p>Lukas Krumpietz 5f<br>Wojciech Ro\u017cnowicz 5f<br>Aleksander Ka\u0142u\u017ca 2D<br>Franciszek Dank\u00f3w 4e<\/p>\n\n\n\n<p>Rezerwa<\/p>\n\n\n\n<p>Micha\u0142 Tudyka 3f<\/p>\n\n\n\n<p>Opiekunowie: p. Renata Peszko i p. Mateusz Berlik<\/p>\n\n\n\n<p>Gratulujemy sukces\u00f3w i \u017cyczymy powodzenia podczas zawod\u00f3w na szczeblu wojew\u00f3dzkim!<\/p>\n\n\n\n<figure class=\"wp-block-gallery columns-2 is-cropped\"><ul class=\"blocks-gallery-grid\"><li class=\"blocks-gallery-item\"><figure><a href=\"http:\/\/ekonomik.opole.pl\/eko3\/wp-content\/uploads\/2025\/09\/WhatsApp-Image-2025-09-16-at-11.25.09.jpeg\"><img loading=\"lazy\" width=\"1024\" height=\"768\" src=\"http:\/\/ekonomik.opole.pl\/eko3\/wp-content\/uploads\/2025\/09\/WhatsApp-Image-2025-09-16-at-11.25.09-1024x768.jpeg\" alt=\"\" data-id=\"998145\" data-full-url=\"http:\/\/ekonomik.opole.pl\/eko3\/wp-content\/uploads\/2025\/09\/WhatsApp-Image-2025-09-16-at-11.25.09.jpeg\" data-link=\"https:\/\/ekonomik.opole.pl\/eko3\/?attachment_id=998145\" class=\"wp-image-998145\" srcset=\"http:\/\/ekonomik.opole.pl\/eko3\/wp-content\/uploads\/2025\/09\/WhatsApp-Image-2025-09-16-at-11.25.09-1024x768.jpeg 1024w, http:\/\/ekonomik.opole.pl\/eko3\/wp-content\/uploads\/2025\/09\/WhatsApp-Image-2025-09-16-at-11.25.09-300x225.jpeg 300w, http:\/\/ekonomik.opole.pl\/eko3\/wp-content\/uploads\/2025\/09\/WhatsApp-Image-2025-09-16-at-11.25.09-768x576.jpeg 768w, http:\/\/ekonomik.opole.pl\/eko3\/wp-content\/uploads\/2025\/09\/WhatsApp-Image-2025-09-16-at-11.25.09-1536x1152.jpeg 1536w, http:\/\/ekonomik.opole.pl\/eko3\/wp-content\/uploads\/2025\/09\/WhatsApp-Image-2025-09-16-at-11.25.09-1360x1020.jpeg 1360w, http:\/\/ekonomik.opole.pl\/eko3\/wp-content\/uploads\/2025\/09\/WhatsApp-Image-2025-09-16-at-11.25.09-680x510.jpeg 680w, http:\/\/ekonomik.opole.pl\/eko3\/wp-content\/uploads\/2025\/09\/WhatsApp-Image-2025-09-16-at-11.25.09.jpeg 1600w\" sizes=\"(max-width: 1024px) 100vw, 1024px\" \/><\/a><\/figure><\/li><li class=\"blocks-gallery-item\"><figure><a href=\"http:\/\/ekonomik.opole.pl\/eko3\/wp-content\/uploads\/2025\/09\/WhatsApp-Image-2025-09-16-at-11.25.25.jpeg\"><img loading=\"lazy\" width=\"1024\" height=\"768\" src=\"http:\/\/ekonomik.opole.pl\/eko3\/wp-content\/uploads\/2025\/09\/WhatsApp-Image-2025-09-16-at-11.25.25-1024x768.jpeg\" alt=\"\" data-id=\"998143\" data-full-url=\"http:\/\/ekonomik.opole.pl\/eko3\/wp-content\/uploads\/2025\/09\/WhatsApp-Image-2025-09-16-at-11.25.25.jpeg\" data-link=\"https:\/\/ekonomik.opole.pl\/eko3\/?attachment_id=998143\" class=\"wp-image-998143\" srcset=\"http:\/\/ekonomik.opole.pl\/eko3\/wp-content\/uploads\/2025\/09\/WhatsApp-Image-2025-09-16-at-11.25.25-1024x768.jpeg 1024w, http:\/\/ekonomik.opole.pl\/eko3\/wp-content\/uploads\/2025\/09\/WhatsApp-Image-2025-09-16-at-11.25.25-300x225.jpeg 300w, http:\/\/ekonomik.opole.pl\/eko3\/wp-content\/uploads\/2025\/09\/WhatsApp-Image-2025-09-16-at-11.25.25-768x576.jpeg 768w, http:\/\/ekonomik.opole.pl\/eko3\/wp-content\/uploads\/2025\/09\/WhatsApp-Image-2025-09-16-at-11.25.25-1536x1152.jpeg 1536w, http:\/\/ekonomik.opole.pl\/eko3\/wp-content\/uploads\/2025\/09\/WhatsApp-Image-2025-09-16-at-11.25.25-1360x1020.jpeg 1360w, http:\/\/ekonomik.opole.pl\/eko3\/wp-content\/uploads\/2025\/09\/WhatsApp-Image-2025-09-16-at-11.25.25-680x510.jpeg 680w, http:\/\/ekonomik.opole.pl\/eko3\/wp-content\/uploads\/2025\/09\/WhatsApp-Image-2025-09-16-at-11.25.25.jpeg 1600w\" sizes=\"(max-width: 1024px) 100vw, 1024px\" \/><\/a><\/figure><\/li><\/ul><\/figure>\n<\/div><!-- .vgblk-rw-wrapper -->","protected":false},"excerpt":{"rendered":"<p>Na Stadionie&nbsp;Lekkoatletycznym im. Opolskich Olimpijczyk\u00f3w&nbsp;w Opolu odby\u0142 si\u0119 dzi\u015b Festiwal Sztafet. Na trzy sztafety uczniowie naszej szko\u0142y zdobyli a\u017c dwa medale oraz zaszczytne 4. miejsce. 4x100m dziewcz\u0105t &#8211; 4. miejsce Joanna Hellbach 5fWiktoria Karpezo 3bKarolina Marszo\u0142ek 4BLaura Feliks 1f 4x400m dziewcz\u0105t &#8211; 2. miejsce i srebrny medal Oliwia Przywara 3fWiktoria Kalicun 4GMartyna Ma\u0142czak4cNicole Fiedler 3d&#8230;<\/p>\n","protected":false},"author":6,"featured_media":998144,"comment_status":"open","ping_status":"open","sticky":false,"template":"","format":"standard","meta":{"inline_featured_image":false},"categories":[134],"tags":[],"_links":{"self":[{"href":"http:\/\/ekonomik.opole.pl\/eko3\/wp-json\/wp\/v2\/posts\/998142"}],"collection":[{"href":"http:\/\/ekonomik.opole.pl\/eko3\/wp-json\/wp\/v2\/posts"}],"about":[{"href":"http:\/\/ekonomik.opole.pl\/eko3\/wp-json\/wp\/v2\/types\/post"}],"author":[{"embeddable":true,"href":"http:\/\/ekonomik.opole.pl\/eko3\/wp-json\/wp\/v2\/users\/6"}],"replies":[{"embeddable":true,"href":"http:\/\/ekonomik.opole.pl\/eko3\/wp-json\/wp\/v2\/comments?post=998142"}],"version-history":[{"count":3,"href":"http:\/\/ekonomik.opole.pl\/eko3\/wp-json\/wp\/v2\/posts\/998142\/revisions"}],"predecessor-version":[{"id":998167,"href":"http:\/\/ekonomik.opole.pl\/eko3\/wp-json\/wp\/v2\/posts\/998142\/revisions\/998167"}],"wp:featuredmedia":[{"embeddable":true,"href":"http:\/\/ekonomik.opole.pl\/eko3\/wp-json\/wp\/v2\/media\/998144"}],"wp:attachment":[{"href":"http:\/\/ekonomik.opole.pl\/eko3\/wp-json\/wp\/v2\/media?parent=998142"}],"wp:term":[{"taxonomy":"category","embeddable":true,"href":"http:\/\/ekonomik.opole.pl\/eko3\/wp-json\/wp\/v2\/categories?post=998142"},{"taxonomy":"post_tag","embeddable":true,"href":"http:\/\/ekonomik.opole.pl\/eko3\/wp-json\/wp\/v2\/tags?post=998142"}],"curies":[{"name":"wp","href":"https:\/\/api.w.org\/{rel}","templated":true}]}}