{"id":998246,"date":"2025-10-03T09:50:00","date_gmt":"2025-10-03T07:50:00","guid":{"rendered":"https:\/\/ekonomik.opole.pl\/eko3\/?p=998246"},"modified":"2025-10-06T10:01:33","modified_gmt":"2025-10-06T08:01:33","slug":"ogloszenie-o-naborze-na-czlonka-mlodziezowej-rady-miasta-w-opola-na-lata-2025-2027","status":"publish","type":"post","link":"http:\/\/ekonomik.opole.pl\/eko3\/ogloszenie-o-naborze-na-czlonka-mlodziezowej-rady-miasta-w-opola-na-lata-2025-2027\/","title":{"rendered":"Og\u0142oszenie o naborze na cz\u0142onka M\u0142odzie\u017cowej Rady Miasta w Opola na lata 2025-2027"},"content":{"rendered":"<div class=\"vgblk-rw-wrapper limit-wrapper\">\n<p>Na podstawie zapis\u00f3w \u00a7 38 ust. 3 za\u0142\u0105cznika do uchwa\u0142y nr XLIX\/938\/21 Rady Miasta Opola z dnia 29 grudnia 2021 r. w sprawie nadania statutu M\u0142odzie\u017cowej Rady Miasta w Opolu (Dz. Urz. Woj. Op. z 2021 r. poz. 3547, z 2023 r. poz. 6) og\u0142asza si\u0119 nab\u00f3r kandydat\u00f3w na cz\u0142onka M\u0142odzie\u017cowej Rady Miasta w Opola na lata 2025-2027.<\/p>\n\n\n\n<p><strong>Kandydatem na cz\u0142onka M\u0142odzie\u017cowej Rady Miasta w Opolu mo\u017ce zosta\u0107 ucze\u0144&nbsp; zamieszkuj\u0105cy na terenie miasta Opola, kt\u00f3ry spe\u0142nia \u0142\u0105cznie nast\u0119puj\u0105ce kryteria potwierdzone pisemnym o\u015bwiadczeniem kandydata:<\/strong><\/p>\n\n\n\n<ol type=\"a\"><li><strong>aktywnie dzia\u0142a na rzecz m\u0142odzie\u017cy,<\/strong><\/li><li><strong>najp\u00f3\u017aniej w dniu wybor\u00f3w uko\u0144czy 13 lat i nie przekroczy 18 lat,<\/strong><\/li><li><strong>wyra\u017ca zgod\u0119 na kandydowanie oraz prac\u0119 w M\u0142odzie\u017cowej Radzie Miasta w Opolu,<\/strong><\/li><\/ol>\n\n\n\n<h5><span class=\"has-inline-color has-vivid-red-color\">d) nie jest zawieszony w prawach ucznia,<\/span><\/h5>\n\n\n\n<p><strong>e)<\/strong><strong> <\/strong><strong>przedstawi list\u0119 poparcia minimum 30 os\u00f3b. Lista z o\u015bwiadczeniem poparcia zawiera wykaz os\u00f3b, kt\u00f3re w dniu wybor\u00f3w b\u0119d\u0105 w wieku od 13 do 18 lat oraz numeru telefonu. Od momentu dostarczenia o\u015bwiadczenia poparcia przez kandydata na cz\u0142onka M\u0142odzie\u017cowej Rady Miasta w Opolu administratorem danych osobowych jest Urz\u0105d Miasta Opola.<\/strong><\/p>\n\n\n\n<p>Zadaniem kandydata na cz\u0142onka M\u0142odzie\u017cowej Rady Miasta w Opolu b\u0119dzie propozycja rozwi\u0105zania zadania problemowego, znajduj\u0105cego si\u0119 w elektronicznym formularzu rekrutacyjnym.<\/p>\n\n\n\n<p><strong>Zg\u0142oszenie kandydata na cz\u0142onka M\u0142odzie\u017cowej Rady Miasta w Opolu nast\u0119puje poprzez wype\u0142nienie interaktywnego elektronicznego formularza rekrutacyjnego.<\/strong><\/p>\n\n\n\n<p><strong>Za\u0142\u0105cznik nr 1 niniejszego formularza elektronicznego nale\u017cy wydrukowa\u0107 i uzyska\u0107 minimum 30 podpis\u00f3w od os\u00f3b popieraj\u0105cych kandydata wraz ze zgod\u0105 rodzica \/opiekuna prawnego (za\u0142\u0105cznik nr 2), kt\u00f3ry nale\u017cy przes\u0142a\u0107 do Urz\u0119du Miasta Opola na adres e-mail: <\/strong><strong><u>mrm@um.opole.pl<\/u><\/strong><strong> z dopiskiem \u201eM\u0142odzie\u017cowa Rada Miasta w Opolu &#8211; zg\u0142oszenie kandydata\u201d w nieprzekraczalnym terminie <\/strong><strong><u>od 23.09.2025 r. do 20.10.2025 r<\/u><\/strong><strong>. <\/strong><strong>&nbsp;<\/strong><\/p>\n\n\n\n<p>Szczeg\u00f3\u0142owa procedura wyboru cz\u0142onk\u00f3w do M\u0142odzie\u017cowej Rady Miasta w Opolu oraz zakres i zasady dzia\u0142ania (cele) M\u0142odzie\u017cowej Rady opisane s\u0105 w za\u0142\u0105czniku do uchwa\u0142y nr XLIX\/938\/21 Rady Miasta Opola z dnia 29 grudnia 2021 r. w sprawie nadania statutu M\u0142odzie\u017cowej Rady Miasta w Opolu zmienionej uchwa\u0142\u0105 nr LXVI\/1181\/22 Rady Miasta Opola z dnia 29 grudnia 2022 r.:<\/p>\n\n\n\n<p><a href=\"https:\/\/prawomiejscowe.um.opole.pl\/UrzadMiastaOpola\/document\/26669\/Zarz%C4%85dzenie-OR-I_0050_587_2025\"><strong>https:\/\/prawomiejscowe.um.opole.pl<\/strong><\/a><a href=\"https:\/\/prawomiejscowe.um.opole.pl\/UrzadMiastaOpola\/document\/26669\/Zarz%C4%85dzenie-OR-I_0050_587_2025\"><\/a><\/p>\n\n\n\n<p>Formularz rekrutacyjny stanowi za\u0142\u0105cznik do niniejszego og\u0142oszenia i dost\u0119pny jest r\u00f3wnie\u017c na stronie:<a href=\"https:\/\/peup.um.opole.pl\/#!\/karta_uslugi\/18318\/formularz-rekrutacyjny-mlodziezowej-rady-miasta-w-opolu\"> <\/a><\/p>\n\n\n\n<p><a href=\"https:\/\/peup.um.opole.pl\/\">https:\/\/peup.um.opole.pl\/<\/a><br>oraz<strong><br><\/strong><a rel=\"noreferrer noopener\" href=\"https:\/\/www.opole.pl\/dla-mieszkanca\/wybory-do-mlodziezowej-rady-miasta-w-opolu-na-kadencje-2025-2027\" target=\"_blank\">https:\/\/www.opole.pl\/dla-mieszkanca\/wybory-do-mlodziezowej-rady-miasta-w-opolu<\/a><a href=\"https:\/\/www.opole.pl\/dla-mieszkanca\/wybory-do-mlodziezowej-rady-miasta-w-opolu-na-kadencje-2025-2027\"><\/a><\/p>\n<\/div><!-- .vgblk-rw-wrapper -->","protected":false},"excerpt":{"rendered":"<p>Na podstawie zapis\u00f3w \u00a7 38 ust. 3 za\u0142\u0105cznika do uchwa\u0142y nr XLIX\/938\/21 Rady Miasta Opola z dnia 29 grudnia 2021 r. w sprawie nadania statutu M\u0142odzie\u017cowej Rady Miasta w Opolu (Dz. Urz. Woj. Op. z 2021 r. poz. 3547, z 2023 r. poz. 6) og\u0142asza si\u0119 nab\u00f3r kandydat\u00f3w na cz\u0142onka M\u0142odzie\u017cowej Rady Miasta w Opola&#8230;<\/p>\n","protected":false},"author":6,"featured_media":998249,"comment_status":"open","ping_status":"open","sticky":false,"template":"","format":"standard","meta":{"inline_featured_image":false},"categories":[322],"tags":[],"_links":{"self":[{"href":"http:\/\/ekonomik.opole.pl\/eko3\/wp-json\/wp\/v2\/posts\/998246"}],"collection":[{"href":"http:\/\/ekonomik.opole.pl\/eko3\/wp-json\/wp\/v2\/posts"}],"about":[{"href":"http:\/\/ekonomik.opole.pl\/eko3\/wp-json\/wp\/v2\/types\/post"}],"author":[{"embeddable":true,"href":"http:\/\/ekonomik.opole.pl\/eko3\/wp-json\/wp\/v2\/users\/6"}],"replies":[{"embeddable":true,"href":"http:\/\/ekonomik.opole.pl\/eko3\/wp-json\/wp\/v2\/comments?post=998246"}],"version-history":[{"count":5,"href":"http:\/\/ekonomik.opole.pl\/eko3\/wp-json\/wp\/v2\/posts\/998246\/revisions"}],"predecessor-version":[{"id":998254,"href":"http:\/\/ekonomik.opole.pl\/eko3\/wp-json\/wp\/v2\/posts\/998246\/revisions\/998254"}],"wp:featuredmedia":[{"embeddable":true,"href":"http:\/\/ekonomik.opole.pl\/eko3\/wp-json\/wp\/v2\/media\/998249"}],"wp:attachment":[{"href":"http:\/\/ekonomik.opole.pl\/eko3\/wp-json\/wp\/v2\/media?parent=998246"}],"wp:term":[{"taxonomy":"category","embeddable":true,"href":"http:\/\/ekonomik.opole.pl\/eko3\/wp-json\/wp\/v2\/categories?post=998246"},{"taxonomy":"post_tag","embeddable":true,"href":"http:\/\/ekonomik.opole.pl\/eko3\/wp-json\/wp\/v2\/tags?post=998246"}],"curies":[{"name":"wp","href":"https:\/\/api.w.org\/{rel}","templated":true}]}}