{"id":998262,"date":"2025-10-08T11:53:46","date_gmt":"2025-10-08T09:53:46","guid":{"rendered":"https:\/\/ekonomik.opole.pl\/eko3\/?p=998262"},"modified":"2025-10-10T14:42:08","modified_gmt":"2025-10-10T12:42:08","slug":"zlote-medale-dla-ekonomika","status":"publish","type":"post","link":"http:\/\/ekonomik.opole.pl\/eko3\/zlote-medale-dla-ekonomika\/","title":{"rendered":"Z\u0142ote medale dla Ekonomika!"},"content":{"rendered":"<div class=\"vgblk-rw-wrapper limit-wrapper\">\n<p>Z dum\u0105 og\u0142aszamy sukces naszych pi\u0142karek, kt\u00f3re 7 pa\u017adziernika w Toyota Park w Opolu wywalczy\u0142y z\u0142ote medale w finale Mistrzostw Miasta Opola! <\/p>\n\n\n\n<p>To wyj\u0105tkowe osi\u0105gni\u0119cie \u2013 bo nasze zawodniczki obroni\u0142y tytu\u0142 mistrzowski zdobyty w ubieg\u0142ym roku! <\/p>\n\n\n\n<p>Dziewczyny pokaza\u0142y niesamowit\u0105 jako\u015b\u0107, bo wygra\u0142y wszystkie mecze, trac\u0105c zaledwie jedn\u0105 bramk\u0119 w ca\u0142ych zawodach. Poziom rywalizacji by\u0142 bardzo wyr\u00f3wnany, a o ko\u0144cowej kolejno\u015bci na podium zadecydowa\u0142 dopiero ostatni mecz, w kt\u00f3rym nasze uczennice udowodni\u0142y, \u017ce zas\u0142uguj\u0105 na tytu\u0142 mistrzy\u0144! <\/p>\n\n\n\n<p><strong>Wyniki:<\/strong><\/p>\n\n\n\n<p>Ekonomik \u2013 PLO 1: 3:1 (Hellbach)<\/p>\n\n\n\n<p>Ekonomik \u2013 PLO V: 6:0 (Hellbach, Faltin)<\/p>\n\n\n\n<p>Ekonomik \u2013 PLO 9: 4:0 (Faltin, Hellbach, Karpezo)<\/p>\n\n\n\n<p><strong>Z\u0142ote dziewczyny:&nbsp;<\/strong>Asia Hellbach (kpt.) (5F), Julia Banasik (4C), Paulina Faltin (5C), Matylda Kubacka (4C), Ola Ochenkowska (3C), Wiktoria Karpezo (3B), Zuzanna Szyndzielorz (4F), Victoria Mazur (2D), Marta Halupczok (5B), Jagoda Fiede\u0144 (1B)<\/p>\n\n\n\n<p>Trener: Janina Ficek.&nbsp;<br>Zdj\u0119cia: Marta Schmidt.<\/p>\n\n\n\n<div style=\"height:51px\" aria-hidden=\"true\" class=\"wp-block-spacer\"><\/div>\n\n\n\n<figure class=\"wp-block-gallery columns-6 is-cropped\"><ul class=\"blocks-gallery-grid\"><li class=\"blocks-gallery-item\"><figure><a href=\"http:\/\/ekonomik.opole.pl\/eko3\/wp-content\/uploads\/2025\/10\/image00017-scaled.jpeg\"><img loading=\"lazy\" width=\"702\" height=\"1024\" src=\"http:\/\/ekonomik.opole.pl\/eko3\/wp-content\/uploads\/2025\/10\/image00017-702x1024.jpeg\" alt=\"\" data-id=\"998307\" data-full-url=\"http:\/\/ekonomik.opole.pl\/eko3\/wp-content\/uploads\/2025\/10\/image00017-scaled.jpeg\" data-link=\"https:\/\/ekonomik.opole.pl\/eko3\/zlote-medale-dla-ekonomika\/image00017-3\/\" class=\"wp-image-998307\" srcset=\"http:\/\/ekonomik.opole.pl\/eko3\/wp-content\/uploads\/2025\/10\/image00017-702x1024.jpeg 702w, http:\/\/ekonomik.opole.pl\/eko3\/wp-content\/uploads\/2025\/10\/image00017-206x300.jpeg 206w, http:\/\/ekonomik.opole.pl\/eko3\/wp-content\/uploads\/2025\/10\/image00017-768x1121.jpeg 768w, http:\/\/ekonomik.opole.pl\/eko3\/wp-content\/uploads\/2025\/10\/image00017-1052x1536.jpeg 1052w, http:\/\/ekonomik.opole.pl\/eko3\/wp-content\/uploads\/2025\/10\/image00017-1403x2048.jpeg 1403w, http:\/\/ekonomik.opole.pl\/eko3\/wp-content\/uploads\/2025\/10\/image00017-1360x1985.jpeg 1360w, http:\/\/ekonomik.opole.pl\/eko3\/wp-content\/uploads\/2025\/10\/image00017-680x993.jpeg 680w, http:\/\/ekonomik.opole.pl\/eko3\/wp-content\/uploads\/2025\/10\/image00017-scaled.jpeg 1754w\" sizes=\"(max-width: 702px) 100vw, 702px\" \/><\/a><\/figure><\/li><li class=\"blocks-gallery-item\"><figure><a href=\"http:\/\/ekonomik.opole.pl\/eko3\/wp-content\/uploads\/2025\/10\/image00002-scaled.jpeg\"><img loading=\"lazy\" width=\"712\" height=\"1024\" src=\"http:\/\/ekonomik.opole.pl\/eko3\/wp-content\/uploads\/2025\/10\/image00002-712x1024.jpeg\" alt=\"\" data-id=\"998309\" data-full-url=\"http:\/\/ekonomik.opole.pl\/eko3\/wp-content\/uploads\/2025\/10\/image00002-scaled.jpeg\" data-link=\"https:\/\/ekonomik.opole.pl\/eko3\/zlote-medale-dla-ekonomika\/image00002-3\/\" class=\"wp-image-998309\" srcset=\"http:\/\/ekonomik.opole.pl\/eko3\/wp-content\/uploads\/2025\/10\/image00002-712x1024.jpeg 712w, http:\/\/ekonomik.opole.pl\/eko3\/wp-content\/uploads\/2025\/10\/image00002-208x300.jpeg 208w, http:\/\/ekonomik.opole.pl\/eko3\/wp-content\/uploads\/2025\/10\/image00002-768x1105.jpeg 768w, http:\/\/ekonomik.opole.pl\/eko3\/wp-content\/uploads\/2025\/10\/image00002-1067x1536.jpeg 1067w, http:\/\/ekonomik.opole.pl\/eko3\/wp-content\/uploads\/2025\/10\/image00002-1423x2048.jpeg 1423w, http:\/\/ekonomik.opole.pl\/eko3\/wp-content\/uploads\/2025\/10\/image00002-1360x1957.jpeg 1360w, http:\/\/ekonomik.opole.pl\/eko3\/wp-content\/uploads\/2025\/10\/image00002-680x979.jpeg 680w, http:\/\/ekonomik.opole.pl\/eko3\/wp-content\/uploads\/2025\/10\/image00002-scaled.jpeg 1779w\" sizes=\"(max-width: 712px) 100vw, 712px\" \/><\/a><\/figure><\/li><li class=\"blocks-gallery-item\"><figure><a href=\"http:\/\/ekonomik.opole.pl\/eko3\/wp-content\/uploads\/2025\/10\/image00003-scaled.jpeg\"><img loading=\"lazy\" width=\"618\" height=\"1024\" src=\"http:\/\/ekonomik.opole.pl\/eko3\/wp-content\/uploads\/2025\/10\/image00003-618x1024.jpeg\" alt=\"\" data-id=\"998310\" data-full-url=\"http:\/\/ekonomik.opole.pl\/eko3\/wp-content\/uploads\/2025\/10\/image00003-scaled.jpeg\" data-link=\"https:\/\/ekonomik.opole.pl\/eko3\/zlote-medale-dla-ekonomika\/image00003-3\/\" class=\"wp-image-998310\" srcset=\"http:\/\/ekonomik.opole.pl\/eko3\/wp-content\/uploads\/2025\/10\/image00003-618x1024.jpeg 618w, http:\/\/ekonomik.opole.pl\/eko3\/wp-content\/uploads\/2025\/10\/image00003-181x300.jpeg 181w, http:\/\/ekonomik.opole.pl\/eko3\/wp-content\/uploads\/2025\/10\/image00003-768x1272.jpeg 768w, http:\/\/ekonomik.opole.pl\/eko3\/wp-content\/uploads\/2025\/10\/image00003-928x1536.jpeg 928w, http:\/\/ekonomik.opole.pl\/eko3\/wp-content\/uploads\/2025\/10\/image00003-1237x2048.jpeg 1237w, http:\/\/ekonomik.opole.pl\/eko3\/wp-content\/uploads\/2025\/10\/image00003-1360x2252.jpeg 1360w, http:\/\/ekonomik.opole.pl\/eko3\/wp-content\/uploads\/2025\/10\/image00003-680x1126.jpeg 680w, http:\/\/ekonomik.opole.pl\/eko3\/wp-content\/uploads\/2025\/10\/image00003-scaled.jpeg 1546w\" sizes=\"(max-width: 618px) 100vw, 618px\" \/><\/a><\/figure><\/li><li class=\"blocks-gallery-item\"><figure><a href=\"http:\/\/ekonomik.opole.pl\/eko3\/wp-content\/uploads\/2025\/10\/image00004-scaled.jpeg\"><img loading=\"lazy\" width=\"735\" height=\"1024\" src=\"http:\/\/ekonomik.opole.pl\/eko3\/wp-content\/uploads\/2025\/10\/image00004-735x1024.jpeg\" alt=\"\" data-id=\"998311\" data-full-url=\"http:\/\/ekonomik.opole.pl\/eko3\/wp-content\/uploads\/2025\/10\/image00004-scaled.jpeg\" data-link=\"https:\/\/ekonomik.opole.pl\/eko3\/zlote-medale-dla-ekonomika\/image00004-2\/\" class=\"wp-image-998311\" srcset=\"http:\/\/ekonomik.opole.pl\/eko3\/wp-content\/uploads\/2025\/10\/image00004-735x1024.jpeg 735w, http:\/\/ekonomik.opole.pl\/eko3\/wp-content\/uploads\/2025\/10\/image00004-215x300.jpeg 215w, http:\/\/ekonomik.opole.pl\/eko3\/wp-content\/uploads\/2025\/10\/image00004-768x1070.jpeg 768w, http:\/\/ekonomik.opole.pl\/eko3\/wp-content\/uploads\/2025\/10\/image00004-1102x1536.jpeg 1102w, http:\/\/ekonomik.opole.pl\/eko3\/wp-content\/uploads\/2025\/10\/image00004-1470x2048.jpeg 1470w, http:\/\/ekonomik.opole.pl\/eko3\/wp-content\/uploads\/2025\/10\/image00004-1360x1895.jpeg 1360w, http:\/\/ekonomik.opole.pl\/eko3\/wp-content\/uploads\/2025\/10\/image00004-680x947.jpeg 680w, http:\/\/ekonomik.opole.pl\/eko3\/wp-content\/uploads\/2025\/10\/image00004-scaled.jpeg 1837w\" sizes=\"(max-width: 735px) 100vw, 735px\" \/><\/a><\/figure><\/li><li class=\"blocks-gallery-item\"><figure><a href=\"http:\/\/ekonomik.opole.pl\/eko3\/wp-content\/uploads\/2025\/10\/image00005-scaled.jpeg\"><img loading=\"lazy\" width=\"762\" height=\"1024\" src=\"http:\/\/ekonomik.opole.pl\/eko3\/wp-content\/uploads\/2025\/10\/image00005-762x1024.jpeg\" alt=\"\" data-id=\"998312\" data-full-url=\"http:\/\/ekonomik.opole.pl\/eko3\/wp-content\/uploads\/2025\/10\/image00005-scaled.jpeg\" data-link=\"https:\/\/ekonomik.opole.pl\/eko3\/zlote-medale-dla-ekonomika\/image00005-2\/\" class=\"wp-image-998312\" srcset=\"http:\/\/ekonomik.opole.pl\/eko3\/wp-content\/uploads\/2025\/10\/image00005-762x1024.jpeg 762w, http:\/\/ekonomik.opole.pl\/eko3\/wp-content\/uploads\/2025\/10\/image00005-223x300.jpeg 223w, http:\/\/ekonomik.opole.pl\/eko3\/wp-content\/uploads\/2025\/10\/image00005-768x1032.jpeg 768w, http:\/\/ekonomik.opole.pl\/eko3\/wp-content\/uploads\/2025\/10\/image00005-1143x1536.jpeg 1143w, http:\/\/ekonomik.opole.pl\/eko3\/wp-content\/uploads\/2025\/10\/image00005-1524x2048.jpeg 1524w, http:\/\/ekonomik.opole.pl\/eko3\/wp-content\/uploads\/2025\/10\/image00005-1360x1828.jpeg 1360w, http:\/\/ekonomik.opole.pl\/eko3\/wp-content\/uploads\/2025\/10\/image00005-680x914.jpeg 680w, http:\/\/ekonomik.opole.pl\/eko3\/wp-content\/uploads\/2025\/10\/image00005-scaled.jpeg 1905w\" sizes=\"(max-width: 762px) 100vw, 762px\" \/><\/a><\/figure><\/li><li class=\"blocks-gallery-item\"><figure><a href=\"http:\/\/ekonomik.opole.pl\/eko3\/wp-content\/uploads\/2025\/10\/image00006-scaled.jpeg\"><img loading=\"lazy\" width=\"647\" height=\"1024\" src=\"http:\/\/ekonomik.opole.pl\/eko3\/wp-content\/uploads\/2025\/10\/image00006-647x1024.jpeg\" alt=\"\" data-id=\"998313\" data-full-url=\"http:\/\/ekonomik.opole.pl\/eko3\/wp-content\/uploads\/2025\/10\/image00006-scaled.jpeg\" data-link=\"https:\/\/ekonomik.opole.pl\/eko3\/zlote-medale-dla-ekonomika\/image00006-2\/\" class=\"wp-image-998313\" srcset=\"http:\/\/ekonomik.opole.pl\/eko3\/wp-content\/uploads\/2025\/10\/image00006-647x1024.jpeg 647w, http:\/\/ekonomik.opole.pl\/eko3\/wp-content\/uploads\/2025\/10\/image00006-190x300.jpeg 190w, http:\/\/ekonomik.opole.pl\/eko3\/wp-content\/uploads\/2025\/10\/image00006-768x1215.jpeg 768w, http:\/\/ekonomik.opole.pl\/eko3\/wp-content\/uploads\/2025\/10\/image00006-971x1536.jpeg 971w, http:\/\/ekonomik.opole.pl\/eko3\/wp-content\/uploads\/2025\/10\/image00006-1295x2048.jpeg 1295w, http:\/\/ekonomik.opole.pl\/eko3\/wp-content\/uploads\/2025\/10\/image00006-1360x2151.jpeg 1360w, http:\/\/ekonomik.opole.pl\/eko3\/wp-content\/uploads\/2025\/10\/image00006-680x1076.jpeg 680w, http:\/\/ekonomik.opole.pl\/eko3\/wp-content\/uploads\/2025\/10\/image00006-scaled.jpeg 1618w\" sizes=\"(max-width: 647px) 100vw, 647px\" \/><\/a><\/figure><\/li><li class=\"blocks-gallery-item\"><figure><a href=\"http:\/\/ekonomik.opole.pl\/eko3\/wp-content\/uploads\/2025\/10\/image00007-scaled.jpeg\"><img loading=\"lazy\" width=\"680\" height=\"1024\" src=\"http:\/\/ekonomik.opole.pl\/eko3\/wp-content\/uploads\/2025\/10\/image00007-680x1024.jpeg\" alt=\"\" data-id=\"998314\" data-full-url=\"http:\/\/ekonomik.opole.pl\/eko3\/wp-content\/uploads\/2025\/10\/image00007-scaled.jpeg\" data-link=\"https:\/\/ekonomik.opole.pl\/eko3\/zlote-medale-dla-ekonomika\/image00007-2\/\" class=\"wp-image-998314\" srcset=\"http:\/\/ekonomik.opole.pl\/eko3\/wp-content\/uploads\/2025\/10\/image00007-680x1023.jpeg 680w, http:\/\/ekonomik.opole.pl\/eko3\/wp-content\/uploads\/2025\/10\/image00007-199x300.jpeg 199w, http:\/\/ekonomik.opole.pl\/eko3\/wp-content\/uploads\/2025\/10\/image00007-768x1156.jpeg 768w, http:\/\/ekonomik.opole.pl\/eko3\/wp-content\/uploads\/2025\/10\/image00007-1021x1536.jpeg 1021w, http:\/\/ekonomik.opole.pl\/eko3\/wp-content\/uploads\/2025\/10\/image00007-1361x2048.jpeg 1361w, http:\/\/ekonomik.opole.pl\/eko3\/wp-content\/uploads\/2025\/10\/image00007-1360x2047.jpeg 1360w, http:\/\/ekonomik.opole.pl\/eko3\/wp-content\/uploads\/2025\/10\/image00007-scaled.jpeg 1701w\" sizes=\"(max-width: 680px) 100vw, 680px\" \/><\/a><\/figure><\/li><li class=\"blocks-gallery-item\"><figure><a href=\"http:\/\/ekonomik.opole.pl\/eko3\/wp-content\/uploads\/2025\/10\/image00008-scaled.jpeg\"><img loading=\"lazy\" width=\"801\" height=\"1024\" src=\"http:\/\/ekonomik.opole.pl\/eko3\/wp-content\/uploads\/2025\/10\/image00008-801x1024.jpeg\" alt=\"\" data-id=\"998315\" data-full-url=\"http:\/\/ekonomik.opole.pl\/eko3\/wp-content\/uploads\/2025\/10\/image00008-scaled.jpeg\" data-link=\"https:\/\/ekonomik.opole.pl\/eko3\/zlote-medale-dla-ekonomika\/image00008-2\/\" class=\"wp-image-998315\" srcset=\"http:\/\/ekonomik.opole.pl\/eko3\/wp-content\/uploads\/2025\/10\/image00008-801x1024.jpeg 801w, http:\/\/ekonomik.opole.pl\/eko3\/wp-content\/uploads\/2025\/10\/image00008-235x300.jpeg 235w, http:\/\/ekonomik.opole.pl\/eko3\/wp-content\/uploads\/2025\/10\/image00008-768x982.jpeg 768w, http:\/\/ekonomik.opole.pl\/eko3\/wp-content\/uploads\/2025\/10\/image00008-1202x1536.jpeg 1202w, http:\/\/ekonomik.opole.pl\/eko3\/wp-content\/uploads\/2025\/10\/image00008-1602x2048.jpeg 1602w, http:\/\/ekonomik.opole.pl\/eko3\/wp-content\/uploads\/2025\/10\/image00008-1360x1739.jpeg 1360w, http:\/\/ekonomik.opole.pl\/eko3\/wp-content\/uploads\/2025\/10\/image00008-680x869.jpeg 680w, http:\/\/ekonomik.opole.pl\/eko3\/wp-content\/uploads\/2025\/10\/image00008-scaled.jpeg 2003w\" sizes=\"(max-width: 801px) 100vw, 801px\" \/><\/a><\/figure><\/li><li class=\"blocks-gallery-item\"><figure><a href=\"http:\/\/ekonomik.opole.pl\/eko3\/wp-content\/uploads\/2025\/10\/image00009-scaled.jpeg\"><img loading=\"lazy\" width=\"733\" height=\"1024\" src=\"http:\/\/ekonomik.opole.pl\/eko3\/wp-content\/uploads\/2025\/10\/image00009-733x1024.jpeg\" alt=\"\" data-id=\"998316\" data-full-url=\"http:\/\/ekonomik.opole.pl\/eko3\/wp-content\/uploads\/2025\/10\/image00009-scaled.jpeg\" data-link=\"https:\/\/ekonomik.opole.pl\/eko3\/zlote-medale-dla-ekonomika\/image00009-2\/\" class=\"wp-image-998316\" srcset=\"http:\/\/ekonomik.opole.pl\/eko3\/wp-content\/uploads\/2025\/10\/image00009-733x1024.jpeg 733w, http:\/\/ekonomik.opole.pl\/eko3\/wp-content\/uploads\/2025\/10\/image00009-215x300.jpeg 215w, http:\/\/ekonomik.opole.pl\/eko3\/wp-content\/uploads\/2025\/10\/image00009-768x1072.jpeg 768w, http:\/\/ekonomik.opole.pl\/eko3\/wp-content\/uploads\/2025\/10\/image00009-1100x1536.jpeg 1100w, http:\/\/ekonomik.opole.pl\/eko3\/wp-content\/uploads\/2025\/10\/image00009-1467x2048.jpeg 1467w, http:\/\/ekonomik.opole.pl\/eko3\/wp-content\/uploads\/2025\/10\/image00009-1360x1899.jpeg 1360w, http:\/\/ekonomik.opole.pl\/eko3\/wp-content\/uploads\/2025\/10\/image00009-680x949.jpeg 680w, http:\/\/ekonomik.opole.pl\/eko3\/wp-content\/uploads\/2025\/10\/image00009-scaled.jpeg 1834w\" sizes=\"(max-width: 733px) 100vw, 733px\" \/><\/a><\/figure><\/li><li class=\"blocks-gallery-item\"><figure><a href=\"http:\/\/ekonomik.opole.pl\/eko3\/wp-content\/uploads\/2025\/10\/image00010-scaled.jpeg\"><img loading=\"lazy\" width=\"691\" height=\"1024\" src=\"http:\/\/ekonomik.opole.pl\/eko3\/wp-content\/uploads\/2025\/10\/image00010-691x1024.jpeg\" alt=\"\" data-id=\"998317\" data-full-url=\"http:\/\/ekonomik.opole.pl\/eko3\/wp-content\/uploads\/2025\/10\/image00010-scaled.jpeg\" data-link=\"https:\/\/ekonomik.opole.pl\/eko3\/zlote-medale-dla-ekonomika\/image00010-2\/\" class=\"wp-image-998317\" srcset=\"http:\/\/ekonomik.opole.pl\/eko3\/wp-content\/uploads\/2025\/10\/image00010-691x1024.jpeg 691w, http:\/\/ekonomik.opole.pl\/eko3\/wp-content\/uploads\/2025\/10\/image00010-202x300.jpeg 202w, http:\/\/ekonomik.opole.pl\/eko3\/wp-content\/uploads\/2025\/10\/image00010-768x1138.jpeg 768w, http:\/\/ekonomik.opole.pl\/eko3\/wp-content\/uploads\/2025\/10\/image00010-1037x1536.jpeg 1037w, http:\/\/ekonomik.opole.pl\/eko3\/wp-content\/uploads\/2025\/10\/image00010-1382x2048.jpeg 1382w, http:\/\/ekonomik.opole.pl\/eko3\/wp-content\/uploads\/2025\/10\/image00010-1360x2015.jpeg 1360w, http:\/\/ekonomik.opole.pl\/eko3\/wp-content\/uploads\/2025\/10\/image00010-680x1008.jpeg 680w, http:\/\/ekonomik.opole.pl\/eko3\/wp-content\/uploads\/2025\/10\/image00010-scaled.jpeg 1728w\" sizes=\"(max-width: 691px) 100vw, 691px\" \/><\/a><\/figure><\/li><li class=\"blocks-gallery-item\"><figure><a href=\"http:\/\/ekonomik.opole.pl\/eko3\/wp-content\/uploads\/2025\/10\/image00011-scaled.jpeg\"><img loading=\"lazy\" width=\"845\" height=\"1024\" src=\"http:\/\/ekonomik.opole.pl\/eko3\/wp-content\/uploads\/2025\/10\/image00011-845x1024.jpeg\" alt=\"\" data-id=\"998318\" data-full-url=\"http:\/\/ekonomik.opole.pl\/eko3\/wp-content\/uploads\/2025\/10\/image00011-scaled.jpeg\" data-link=\"https:\/\/ekonomik.opole.pl\/eko3\/zlote-medale-dla-ekonomika\/image00011-2\/\" class=\"wp-image-998318\" srcset=\"http:\/\/ekonomik.opole.pl\/eko3\/wp-content\/uploads\/2025\/10\/image00011-845x1024.jpeg 845w, http:\/\/ekonomik.opole.pl\/eko3\/wp-content\/uploads\/2025\/10\/image00011-248x300.jpeg 248w, http:\/\/ekonomik.opole.pl\/eko3\/wp-content\/uploads\/2025\/10\/image00011-768x930.jpeg 768w, http:\/\/ekonomik.opole.pl\/eko3\/wp-content\/uploads\/2025\/10\/image00011-1268x1536.jpeg 1268w, http:\/\/ekonomik.opole.pl\/eko3\/wp-content\/uploads\/2025\/10\/image00011-1691x2048.jpeg 1691w, http:\/\/ekonomik.opole.pl\/eko3\/wp-content\/uploads\/2025\/10\/image00011-1360x1648.jpeg 1360w, http:\/\/ekonomik.opole.pl\/eko3\/wp-content\/uploads\/2025\/10\/image00011-680x824.jpeg 680w\" sizes=\"(max-width: 845px) 100vw, 845px\" \/><\/a><\/figure><\/li><li class=\"blocks-gallery-item\"><figure><a href=\"http:\/\/ekonomik.opole.pl\/eko3\/wp-content\/uploads\/2025\/10\/image00012-scaled.jpeg\"><img loading=\"lazy\" width=\"681\" height=\"1024\" src=\"http:\/\/ekonomik.opole.pl\/eko3\/wp-content\/uploads\/2025\/10\/image00012-681x1024.jpeg\" alt=\"\" data-id=\"998319\" data-full-url=\"http:\/\/ekonomik.opole.pl\/eko3\/wp-content\/uploads\/2025\/10\/image00012-scaled.jpeg\" data-link=\"https:\/\/ekonomik.opole.pl\/eko3\/zlote-medale-dla-ekonomika\/image00012-3\/\" class=\"wp-image-998319\" srcset=\"http:\/\/ekonomik.opole.pl\/eko3\/wp-content\/uploads\/2025\/10\/image00012-681x1024.jpeg 681w, http:\/\/ekonomik.opole.pl\/eko3\/wp-content\/uploads\/2025\/10\/image00012-199x300.jpeg 199w, http:\/\/ekonomik.opole.pl\/eko3\/wp-content\/uploads\/2025\/10\/image00012-768x1156.jpeg 768w, http:\/\/ekonomik.opole.pl\/eko3\/wp-content\/uploads\/2025\/10\/image00012-1021x1536.jpeg 1021w, http:\/\/ekonomik.opole.pl\/eko3\/wp-content\/uploads\/2025\/10\/image00012-1361x2048.jpeg 1361w, http:\/\/ekonomik.opole.pl\/eko3\/wp-content\/uploads\/2025\/10\/image00012-1360x2046.jpeg 1360w, http:\/\/ekonomik.opole.pl\/eko3\/wp-content\/uploads\/2025\/10\/image00012-680x1023.jpeg 680w, http:\/\/ekonomik.opole.pl\/eko3\/wp-content\/uploads\/2025\/10\/image00012-scaled.jpeg 1701w\" sizes=\"(max-width: 681px) 100vw, 681px\" \/><\/a><\/figure><\/li><li class=\"blocks-gallery-item\"><figure><a href=\"http:\/\/ekonomik.opole.pl\/eko3\/wp-content\/uploads\/2025\/10\/image00013-scaled.jpeg\"><img loading=\"lazy\" width=\"683\" height=\"1024\" src=\"http:\/\/ekonomik.opole.pl\/eko3\/wp-content\/uploads\/2025\/10\/image00013-683x1024.jpeg\" alt=\"\" data-id=\"998320\" data-full-url=\"http:\/\/ekonomik.opole.pl\/eko3\/wp-content\/uploads\/2025\/10\/image00013-scaled.jpeg\" data-link=\"https:\/\/ekonomik.opole.pl\/eko3\/zlote-medale-dla-ekonomika\/image00013-2\/\" class=\"wp-image-998320\" srcset=\"http:\/\/ekonomik.opole.pl\/eko3\/wp-content\/uploads\/2025\/10\/image00013-683x1024.jpeg 683w, http:\/\/ekonomik.opole.pl\/eko3\/wp-content\/uploads\/2025\/10\/image00013-200x300.jpeg 200w, http:\/\/ekonomik.opole.pl\/eko3\/wp-content\/uploads\/2025\/10\/image00013-768x1152.jpeg 768w, http:\/\/ekonomik.opole.pl\/eko3\/wp-content\/uploads\/2025\/10\/image00013-1024x1536.jpeg 1024w, http:\/\/ekonomik.opole.pl\/eko3\/wp-content\/uploads\/2025\/10\/image00013-1365x2048.jpeg 1365w, http:\/\/ekonomik.opole.pl\/eko3\/wp-content\/uploads\/2025\/10\/image00013-1360x2040.jpeg 1360w, http:\/\/ekonomik.opole.pl\/eko3\/wp-content\/uploads\/2025\/10\/image00013-680x1020.jpeg 680w, http:\/\/ekonomik.opole.pl\/eko3\/wp-content\/uploads\/2025\/10\/image00013-scaled.jpeg 1707w\" sizes=\"(max-width: 683px) 100vw, 683px\" \/><\/a><\/figure><\/li><li class=\"blocks-gallery-item\"><figure><a href=\"http:\/\/ekonomik.opole.pl\/eko3\/wp-content\/uploads\/2025\/10\/image00014-scaled.jpeg\"><img loading=\"lazy\" width=\"715\" height=\"1024\" src=\"http:\/\/ekonomik.opole.pl\/eko3\/wp-content\/uploads\/2025\/10\/image00014-715x1024.jpeg\" alt=\"\" data-id=\"998321\" data-full-url=\"http:\/\/ekonomik.opole.pl\/eko3\/wp-content\/uploads\/2025\/10\/image00014-scaled.jpeg\" data-link=\"https:\/\/ekonomik.opole.pl\/eko3\/zlote-medale-dla-ekonomika\/image00014-2\/\" class=\"wp-image-998321\" srcset=\"http:\/\/ekonomik.opole.pl\/eko3\/wp-content\/uploads\/2025\/10\/image00014-715x1024.jpeg 715w, http:\/\/ekonomik.opole.pl\/eko3\/wp-content\/uploads\/2025\/10\/image00014-210x300.jpeg 210w, http:\/\/ekonomik.opole.pl\/eko3\/wp-content\/uploads\/2025\/10\/image00014-768x1099.jpeg 768w, http:\/\/ekonomik.opole.pl\/eko3\/wp-content\/uploads\/2025\/10\/image00014-1073x1536.jpeg 1073w, http:\/\/ekonomik.opole.pl\/eko3\/wp-content\/uploads\/2025\/10\/image00014-1431x2048.jpeg 1431w, http:\/\/ekonomik.opole.pl\/eko3\/wp-content\/uploads\/2025\/10\/image00014-1360x1946.jpeg 1360w, http:\/\/ekonomik.opole.pl\/eko3\/wp-content\/uploads\/2025\/10\/image00014-680x973.jpeg 680w, http:\/\/ekonomik.opole.pl\/eko3\/wp-content\/uploads\/2025\/10\/image00014-scaled.jpeg 1789w\" sizes=\"(max-width: 715px) 100vw, 715px\" \/><\/a><\/figure><\/li><li class=\"blocks-gallery-item\"><figure><a href=\"http:\/\/ekonomik.opole.pl\/eko3\/wp-content\/uploads\/2025\/10\/image00015-scaled.jpeg\"><img loading=\"lazy\" width=\"683\" height=\"1024\" src=\"http:\/\/ekonomik.opole.pl\/eko3\/wp-content\/uploads\/2025\/10\/image00015-683x1024.jpeg\" alt=\"\" data-id=\"998322\" data-full-url=\"http:\/\/ekonomik.opole.pl\/eko3\/wp-content\/uploads\/2025\/10\/image00015-scaled.jpeg\" data-link=\"https:\/\/ekonomik.opole.pl\/eko3\/zlote-medale-dla-ekonomika\/image00015-2\/\" class=\"wp-image-998322\" srcset=\"http:\/\/ekonomik.opole.pl\/eko3\/wp-content\/uploads\/2025\/10\/image00015-683x1024.jpeg 683w, http:\/\/ekonomik.opole.pl\/eko3\/wp-content\/uploads\/2025\/10\/image00015-200x300.jpeg 200w, http:\/\/ekonomik.opole.pl\/eko3\/wp-content\/uploads\/2025\/10\/image00015-768x1152.jpeg 768w, http:\/\/ekonomik.opole.pl\/eko3\/wp-content\/uploads\/2025\/10\/image00015-1024x1536.jpeg 1024w, http:\/\/ekonomik.opole.pl\/eko3\/wp-content\/uploads\/2025\/10\/image00015-1365x2048.jpeg 1365w, http:\/\/ekonomik.opole.pl\/eko3\/wp-content\/uploads\/2025\/10\/image00015-1360x2040.jpeg 1360w, http:\/\/ekonomik.opole.pl\/eko3\/wp-content\/uploads\/2025\/10\/image00015-680x1020.jpeg 680w, http:\/\/ekonomik.opole.pl\/eko3\/wp-content\/uploads\/2025\/10\/image00015-scaled.jpeg 1707w\" sizes=\"(max-width: 683px) 100vw, 683px\" \/><\/a><\/figure><\/li><li class=\"blocks-gallery-item\"><figure><a href=\"http:\/\/ekonomik.opole.pl\/eko3\/wp-content\/uploads\/2025\/10\/image00016-scaled.jpeg\"><img loading=\"lazy\" width=\"685\" height=\"1024\" src=\"http:\/\/ekonomik.opole.pl\/eko3\/wp-content\/uploads\/2025\/10\/image00016-685x1024.jpeg\" alt=\"\" data-id=\"998323\" data-full-url=\"http:\/\/ekonomik.opole.pl\/eko3\/wp-content\/uploads\/2025\/10\/image00016-scaled.jpeg\" data-link=\"https:\/\/ekonomik.opole.pl\/eko3\/zlote-medale-dla-ekonomika\/image00016-2\/\" class=\"wp-image-998323\" srcset=\"http:\/\/ekonomik.opole.pl\/eko3\/wp-content\/uploads\/2025\/10\/image00016-685x1024.jpeg 685w, http:\/\/ekonomik.opole.pl\/eko3\/wp-content\/uploads\/2025\/10\/image00016-201x300.jpeg 201w, http:\/\/ekonomik.opole.pl\/eko3\/wp-content\/uploads\/2025\/10\/image00016-768x1148.jpeg 768w, http:\/\/ekonomik.opole.pl\/eko3\/wp-content\/uploads\/2025\/10\/image00016-1028x1536.jpeg 1028w, http:\/\/ekonomik.opole.pl\/eko3\/wp-content\/uploads\/2025\/10\/image00016-1370x2048.jpeg 1370w, http:\/\/ekonomik.opole.pl\/eko3\/wp-content\/uploads\/2025\/10\/image00016-1360x2032.jpeg 1360w, http:\/\/ekonomik.opole.pl\/eko3\/wp-content\/uploads\/2025\/10\/image00016-680x1016.jpeg 680w, http:\/\/ekonomik.opole.pl\/eko3\/wp-content\/uploads\/2025\/10\/image00016-scaled.jpeg 1713w\" sizes=\"(max-width: 685px) 100vw, 685px\" \/><\/a><\/figure><\/li><\/ul><\/figure>\n<\/div><!-- .vgblk-rw-wrapper -->","protected":false},"excerpt":{"rendered":"<p>Z dum\u0105 og\u0142aszamy sukces naszych pi\u0142karek, kt\u00f3re 7 pa\u017adziernika w Toyota Park w Opolu wywalczy\u0142y z\u0142ote medale w finale Mistrzostw Miasta Opola! To wyj\u0105tkowe osi\u0105gni\u0119cie \u2013 bo nasze zawodniczki obroni\u0142y tytu\u0142 mistrzowski zdobyty w ubieg\u0142ym roku! Dziewczyny pokaza\u0142y niesamowit\u0105 jako\u015b\u0107, bo wygra\u0142y wszystkie mecze, trac\u0105c zaledwie jedn\u0105 bramk\u0119 w ca\u0142ych zawodach. Poziom rywalizacji by\u0142 bardzo&#8230;<\/p>\n","protected":false},"author":6,"featured_media":998308,"comment_status":"open","ping_status":"open","sticky":false,"template":"","format":"standard","meta":{"inline_featured_image":false},"categories":[186,134],"tags":[],"_links":{"self":[{"href":"http:\/\/ekonomik.opole.pl\/eko3\/wp-json\/wp\/v2\/posts\/998262"}],"collection":[{"href":"http:\/\/ekonomik.opole.pl\/eko3\/wp-json\/wp\/v2\/posts"}],"about":[{"href":"http:\/\/ekonomik.opole.pl\/eko3\/wp-json\/wp\/v2\/types\/post"}],"author":[{"embeddable":true,"href":"http:\/\/ekonomik.opole.pl\/eko3\/wp-json\/wp\/v2\/users\/6"}],"replies":[{"embeddable":true,"href":"http:\/\/ekonomik.opole.pl\/eko3\/wp-json\/wp\/v2\/comments?post=998262"}],"version-history":[{"count":2,"href":"http:\/\/ekonomik.opole.pl\/eko3\/wp-json\/wp\/v2\/posts\/998262\/revisions"}],"predecessor-version":[{"id":998324,"href":"http:\/\/ekonomik.opole.pl\/eko3\/wp-json\/wp\/v2\/posts\/998262\/revisions\/998324"}],"wp:featuredmedia":[{"embeddable":true,"href":"http:\/\/ekonomik.opole.pl\/eko3\/wp-json\/wp\/v2\/media\/998308"}],"wp:attachment":[{"href":"http:\/\/ekonomik.opole.pl\/eko3\/wp-json\/wp\/v2\/media?parent=998262"}],"wp:term":[{"taxonomy":"category","embeddable":true,"href":"http:\/\/ekonomik.opole.pl\/eko3\/wp-json\/wp\/v2\/categories?post=998262"},{"taxonomy":"post_tag","embeddable":true,"href":"http:\/\/ekonomik.opole.pl\/eko3\/wp-json\/wp\/v2\/tags?post=998262"}],"curies":[{"name":"wp","href":"https:\/\/api.w.org\/{rel}","templated":true}]}}