{"id":998294,"date":"2025-10-10T14:37:42","date_gmt":"2025-10-10T12:37:42","guid":{"rendered":"https:\/\/ekonomik.opole.pl\/eko3\/?p=998294"},"modified":"2025-10-10T14:37:43","modified_gmt":"2025-10-10T12:37:43","slug":"dyrektorzy-szkol-srednich-z-rybnika-z-wizyta-w-ekonomiku","status":"publish","type":"post","link":"http:\/\/ekonomik.opole.pl\/eko3\/dyrektorzy-szkol-srednich-z-rybnika-z-wizyta-w-ekonomiku\/","title":{"rendered":"Dyrektorzy szk\u00f3\u0142 \u015brednich z Rybnika z wizyt\u0105 w Ekonomiku"},"content":{"rendered":"<div class=\"vgblk-rw-wrapper limit-wrapper\">\n<p>10 pa\u017adziernika 2025 odby\u0142a si\u0119 wizyta studyjna dyrektor\u00f3w szk\u00f3\u0142 \u015brednich z Rybnika w Ekonomiku. Zapraszamy do obejrzenia fotorelacji z tego wydarzenia.<\/p>\n\n\n\n<p>Autorka zdj\u0119\u0107: Milena Stania klasa 4A<\/p>\n\n\n\n<figure class=\"wp-block-gallery columns-5 is-cropped\"><ul class=\"blocks-gallery-grid\"><li class=\"blocks-gallery-item\"><figure><a href=\"http:\/\/ekonomik.opole.pl\/eko3\/wp-content\/uploads\/2025\/10\/DSC_8312-scaled.jpg\"><img loading=\"lazy\" width=\"683\" height=\"1024\" src=\"http:\/\/ekonomik.opole.pl\/eko3\/wp-content\/uploads\/2025\/10\/DSC_8312-683x1024.jpg\" alt=\"\" data-id=\"998296\" data-full-url=\"http:\/\/ekonomik.opole.pl\/eko3\/wp-content\/uploads\/2025\/10\/DSC_8312-scaled.jpg\" data-link=\"https:\/\/ekonomik.opole.pl\/eko3\/?attachment_id=998296\" class=\"wp-image-998296\" srcset=\"http:\/\/ekonomik.opole.pl\/eko3\/wp-content\/uploads\/2025\/10\/DSC_8312-683x1024.jpg 683w, http:\/\/ekonomik.opole.pl\/eko3\/wp-content\/uploads\/2025\/10\/DSC_8312-200x300.jpg 200w, http:\/\/ekonomik.opole.pl\/eko3\/wp-content\/uploads\/2025\/10\/DSC_8312-768x1151.jpg 768w, http:\/\/ekonomik.opole.pl\/eko3\/wp-content\/uploads\/2025\/10\/DSC_8312-1025x1536.jpg 1025w, http:\/\/ekonomik.opole.pl\/eko3\/wp-content\/uploads\/2025\/10\/DSC_8312-1367x2048.jpg 1367w, http:\/\/ekonomik.opole.pl\/eko3\/wp-content\/uploads\/2025\/10\/DSC_8312-1360x2038.jpg 1360w, http:\/\/ekonomik.opole.pl\/eko3\/wp-content\/uploads\/2025\/10\/DSC_8312-680x1019.jpg 680w, http:\/\/ekonomik.opole.pl\/eko3\/wp-content\/uploads\/2025\/10\/DSC_8312-scaled.jpg 1709w\" sizes=\"(max-width: 683px) 100vw, 683px\" \/><\/a><\/figure><\/li><li class=\"blocks-gallery-item\"><figure><a href=\"http:\/\/ekonomik.opole.pl\/eko3\/wp-content\/uploads\/2025\/10\/DSC_8356-scaled.jpg\"><img loading=\"lazy\" width=\"1024\" height=\"684\" src=\"http:\/\/ekonomik.opole.pl\/eko3\/wp-content\/uploads\/2025\/10\/DSC_8356-1024x684.jpg\" alt=\"\" data-id=\"998302\" data-full-url=\"http:\/\/ekonomik.opole.pl\/eko3\/wp-content\/uploads\/2025\/10\/DSC_8356-scaled.jpg\" data-link=\"https:\/\/ekonomik.opole.pl\/eko3\/?attachment_id=998302\" class=\"wp-image-998302\" srcset=\"http:\/\/ekonomik.opole.pl\/eko3\/wp-content\/uploads\/2025\/10\/DSC_8356-1024x684.jpg 1024w, http:\/\/ekonomik.opole.pl\/eko3\/wp-content\/uploads\/2025\/10\/DSC_8356-300x200.jpg 300w, http:\/\/ekonomik.opole.pl\/eko3\/wp-content\/uploads\/2025\/10\/DSC_8356-768x513.jpg 768w, http:\/\/ekonomik.opole.pl\/eko3\/wp-content\/uploads\/2025\/10\/DSC_8356-1536x1025.jpg 1536w, http:\/\/ekonomik.opole.pl\/eko3\/wp-content\/uploads\/2025\/10\/DSC_8356-2048x1367.jpg 2048w, http:\/\/ekonomik.opole.pl\/eko3\/wp-content\/uploads\/2025\/10\/DSC_8356-1360x908.jpg 1360w, http:\/\/ekonomik.opole.pl\/eko3\/wp-content\/uploads\/2025\/10\/DSC_8356-680x454.jpg 680w\" sizes=\"(max-width: 1024px) 100vw, 1024px\" \/><\/a><\/figure><\/li><li class=\"blocks-gallery-item\"><figure><a href=\"http:\/\/ekonomik.opole.pl\/eko3\/wp-content\/uploads\/2025\/10\/DSC_8387-scaled.jpg\"><img loading=\"lazy\" width=\"1024\" height=\"684\" src=\"http:\/\/ekonomik.opole.pl\/eko3\/wp-content\/uploads\/2025\/10\/DSC_8387-1024x684.jpg\" alt=\"\" data-id=\"998295\" data-full-url=\"http:\/\/ekonomik.opole.pl\/eko3\/wp-content\/uploads\/2025\/10\/DSC_8387-scaled.jpg\" data-link=\"https:\/\/ekonomik.opole.pl\/eko3\/?attachment_id=998295\" class=\"wp-image-998295\" srcset=\"http:\/\/ekonomik.opole.pl\/eko3\/wp-content\/uploads\/2025\/10\/DSC_8387-1024x684.jpg 1024w, http:\/\/ekonomik.opole.pl\/eko3\/wp-content\/uploads\/2025\/10\/DSC_8387-300x200.jpg 300w, http:\/\/ekonomik.opole.pl\/eko3\/wp-content\/uploads\/2025\/10\/DSC_8387-768x513.jpg 768w, http:\/\/ekonomik.opole.pl\/eko3\/wp-content\/uploads\/2025\/10\/DSC_8387-1536x1025.jpg 1536w, http:\/\/ekonomik.opole.pl\/eko3\/wp-content\/uploads\/2025\/10\/DSC_8387-2048x1367.jpg 2048w, http:\/\/ekonomik.opole.pl\/eko3\/wp-content\/uploads\/2025\/10\/DSC_8387-1360x908.jpg 1360w, http:\/\/ekonomik.opole.pl\/eko3\/wp-content\/uploads\/2025\/10\/DSC_8387-680x454.jpg 680w\" sizes=\"(max-width: 1024px) 100vw, 1024px\" \/><\/a><\/figure><\/li><li class=\"blocks-gallery-item\"><figure><a href=\"http:\/\/ekonomik.opole.pl\/eko3\/wp-content\/uploads\/2025\/10\/DSC_8314-scaled.jpg\"><img loading=\"lazy\" width=\"1024\" height=\"683\" src=\"http:\/\/ekonomik.opole.pl\/eko3\/wp-content\/uploads\/2025\/10\/DSC_8314-1024x683.jpg\" alt=\"\" data-id=\"998297\" data-full-url=\"http:\/\/ekonomik.opole.pl\/eko3\/wp-content\/uploads\/2025\/10\/DSC_8314-scaled.jpg\" data-link=\"https:\/\/ekonomik.opole.pl\/eko3\/?attachment_id=998297\" class=\"wp-image-998297\" srcset=\"http:\/\/ekonomik.opole.pl\/eko3\/wp-content\/uploads\/2025\/10\/DSC_8314-1024x683.jpg 1024w, http:\/\/ekonomik.opole.pl\/eko3\/wp-content\/uploads\/2025\/10\/DSC_8314-300x200.jpg 300w, http:\/\/ekonomik.opole.pl\/eko3\/wp-content\/uploads\/2025\/10\/DSC_8314-768x513.jpg 768w, http:\/\/ekonomik.opole.pl\/eko3\/wp-content\/uploads\/2025\/10\/DSC_8314-1536x1025.jpg 1536w, http:\/\/ekonomik.opole.pl\/eko3\/wp-content\/uploads\/2025\/10\/DSC_8314-2048x1367.jpg 2048w, http:\/\/ekonomik.opole.pl\/eko3\/wp-content\/uploads\/2025\/10\/DSC_8314-1360x908.jpg 1360w, http:\/\/ekonomik.opole.pl\/eko3\/wp-content\/uploads\/2025\/10\/DSC_8314-680x454.jpg 680w\" sizes=\"(max-width: 1024px) 100vw, 1024px\" \/><\/a><\/figure><\/li><li class=\"blocks-gallery-item\"><figure><a href=\"http:\/\/ekonomik.opole.pl\/eko3\/wp-content\/uploads\/2025\/10\/DSC_8322-scaled.jpg\"><img loading=\"lazy\" width=\"684\" height=\"1024\" src=\"http:\/\/ekonomik.opole.pl\/eko3\/wp-content\/uploads\/2025\/10\/DSC_8322-684x1024.jpg\" alt=\"\" data-id=\"998298\" data-full-url=\"http:\/\/ekonomik.opole.pl\/eko3\/wp-content\/uploads\/2025\/10\/DSC_8322-scaled.jpg\" data-link=\"https:\/\/ekonomik.opole.pl\/eko3\/?attachment_id=998298\" class=\"wp-image-998298\" srcset=\"http:\/\/ekonomik.opole.pl\/eko3\/wp-content\/uploads\/2025\/10\/DSC_8322-684x1024.jpg 684w, http:\/\/ekonomik.opole.pl\/eko3\/wp-content\/uploads\/2025\/10\/DSC_8322-200x300.jpg 200w, http:\/\/ekonomik.opole.pl\/eko3\/wp-content\/uploads\/2025\/10\/DSC_8322-768x1151.jpg 768w, http:\/\/ekonomik.opole.pl\/eko3\/wp-content\/uploads\/2025\/10\/DSC_8322-1025x1536.jpg 1025w, http:\/\/ekonomik.opole.pl\/eko3\/wp-content\/uploads\/2025\/10\/DSC_8322-1367x2048.jpg 1367w, http:\/\/ekonomik.opole.pl\/eko3\/wp-content\/uploads\/2025\/10\/DSC_8322-1360x2037.jpg 1360w, http:\/\/ekonomik.opole.pl\/eko3\/wp-content\/uploads\/2025\/10\/DSC_8322-680x1019.jpg 680w, http:\/\/ekonomik.opole.pl\/eko3\/wp-content\/uploads\/2025\/10\/DSC_8322-scaled.jpg 1709w\" sizes=\"(max-width: 684px) 100vw, 684px\" \/><\/a><\/figure><\/li><li class=\"blocks-gallery-item\"><figure><a href=\"http:\/\/ekonomik.opole.pl\/eko3\/wp-content\/uploads\/2025\/10\/DSC_8342-scaled.jpg\"><img loading=\"lazy\" width=\"1024\" height=\"684\" src=\"http:\/\/ekonomik.opole.pl\/eko3\/wp-content\/uploads\/2025\/10\/DSC_8342-1024x684.jpg\" alt=\"\" data-id=\"998299\" data-full-url=\"http:\/\/ekonomik.opole.pl\/eko3\/wp-content\/uploads\/2025\/10\/DSC_8342-scaled.jpg\" data-link=\"https:\/\/ekonomik.opole.pl\/eko3\/?attachment_id=998299\" class=\"wp-image-998299\" srcset=\"http:\/\/ekonomik.opole.pl\/eko3\/wp-content\/uploads\/2025\/10\/DSC_8342-1024x684.jpg 1024w, http:\/\/ekonomik.opole.pl\/eko3\/wp-content\/uploads\/2025\/10\/DSC_8342-300x200.jpg 300w, http:\/\/ekonomik.opole.pl\/eko3\/wp-content\/uploads\/2025\/10\/DSC_8342-768x513.jpg 768w, http:\/\/ekonomik.opole.pl\/eko3\/wp-content\/uploads\/2025\/10\/DSC_8342-1536x1025.jpg 1536w, http:\/\/ekonomik.opole.pl\/eko3\/wp-content\/uploads\/2025\/10\/DSC_8342-2048x1367.jpg 2048w, http:\/\/ekonomik.opole.pl\/eko3\/wp-content\/uploads\/2025\/10\/DSC_8342-1360x908.jpg 1360w, http:\/\/ekonomik.opole.pl\/eko3\/wp-content\/uploads\/2025\/10\/DSC_8342-680x454.jpg 680w\" sizes=\"(max-width: 1024px) 100vw, 1024px\" \/><\/a><\/figure><\/li><li class=\"blocks-gallery-item\"><figure><a href=\"http:\/\/ekonomik.opole.pl\/eko3\/wp-content\/uploads\/2025\/10\/DSC_8354-scaled.jpg\"><img loading=\"lazy\" width=\"684\" height=\"1024\" src=\"http:\/\/ekonomik.opole.pl\/eko3\/wp-content\/uploads\/2025\/10\/DSC_8354-684x1024.jpg\" alt=\"\" data-id=\"998301\" data-full-url=\"http:\/\/ekonomik.opole.pl\/eko3\/wp-content\/uploads\/2025\/10\/DSC_8354-scaled.jpg\" data-link=\"https:\/\/ekonomik.opole.pl\/eko3\/?attachment_id=998301\" class=\"wp-image-998301\" srcset=\"http:\/\/ekonomik.opole.pl\/eko3\/wp-content\/uploads\/2025\/10\/DSC_8354-684x1024.jpg 684w, http:\/\/ekonomik.opole.pl\/eko3\/wp-content\/uploads\/2025\/10\/DSC_8354-200x300.jpg 200w, http:\/\/ekonomik.opole.pl\/eko3\/wp-content\/uploads\/2025\/10\/DSC_8354-768x1150.jpg 768w, http:\/\/ekonomik.opole.pl\/eko3\/wp-content\/uploads\/2025\/10\/DSC_8354-1025x1536.jpg 1025w, http:\/\/ekonomik.opole.pl\/eko3\/wp-content\/uploads\/2025\/10\/DSC_8354-1367x2048.jpg 1367w, http:\/\/ekonomik.opole.pl\/eko3\/wp-content\/uploads\/2025\/10\/DSC_8354-1360x2037.jpg 1360w, http:\/\/ekonomik.opole.pl\/eko3\/wp-content\/uploads\/2025\/10\/DSC_8354-680x1019.jpg 680w, http:\/\/ekonomik.opole.pl\/eko3\/wp-content\/uploads\/2025\/10\/DSC_8354-scaled.jpg 1709w\" sizes=\"(max-width: 684px) 100vw, 684px\" \/><\/a><\/figure><\/li><li class=\"blocks-gallery-item\"><figure><a href=\"http:\/\/ekonomik.opole.pl\/eko3\/wp-content\/uploads\/2025\/10\/DSC_8345-scaled.jpg\"><img loading=\"lazy\" width=\"684\" height=\"1024\" src=\"http:\/\/ekonomik.opole.pl\/eko3\/wp-content\/uploads\/2025\/10\/DSC_8345-684x1024.jpg\" alt=\"\" data-id=\"998300\" data-full-url=\"http:\/\/ekonomik.opole.pl\/eko3\/wp-content\/uploads\/2025\/10\/DSC_8345-scaled.jpg\" data-link=\"https:\/\/ekonomik.opole.pl\/eko3\/?attachment_id=998300\" class=\"wp-image-998300\" srcset=\"http:\/\/ekonomik.opole.pl\/eko3\/wp-content\/uploads\/2025\/10\/DSC_8345-684x1024.jpg 684w, http:\/\/ekonomik.opole.pl\/eko3\/wp-content\/uploads\/2025\/10\/DSC_8345-200x300.jpg 200w, http:\/\/ekonomik.opole.pl\/eko3\/wp-content\/uploads\/2025\/10\/DSC_8345-768x1150.jpg 768w, http:\/\/ekonomik.opole.pl\/eko3\/wp-content\/uploads\/2025\/10\/DSC_8345-1025x1536.jpg 1025w, http:\/\/ekonomik.opole.pl\/eko3\/wp-content\/uploads\/2025\/10\/DSC_8345-1367x2048.jpg 1367w, http:\/\/ekonomik.opole.pl\/eko3\/wp-content\/uploads\/2025\/10\/DSC_8345-1360x2037.jpg 1360w, http:\/\/ekonomik.opole.pl\/eko3\/wp-content\/uploads\/2025\/10\/DSC_8345-680x1019.jpg 680w, http:\/\/ekonomik.opole.pl\/eko3\/wp-content\/uploads\/2025\/10\/DSC_8345-scaled.jpg 1709w\" sizes=\"(max-width: 684px) 100vw, 684px\" \/><\/a><\/figure><\/li><li class=\"blocks-gallery-item\"><figure><a href=\"http:\/\/ekonomik.opole.pl\/eko3\/wp-content\/uploads\/2025\/10\/DSC_8364-scaled.jpg\"><img loading=\"lazy\" width=\"1024\" height=\"684\" src=\"http:\/\/ekonomik.opole.pl\/eko3\/wp-content\/uploads\/2025\/10\/DSC_8364-1024x684.jpg\" alt=\"\" data-id=\"998304\" data-full-url=\"http:\/\/ekonomik.opole.pl\/eko3\/wp-content\/uploads\/2025\/10\/DSC_8364-scaled.jpg\" data-link=\"https:\/\/ekonomik.opole.pl\/eko3\/?attachment_id=998304\" class=\"wp-image-998304\" srcset=\"http:\/\/ekonomik.opole.pl\/eko3\/wp-content\/uploads\/2025\/10\/DSC_8364-1024x684.jpg 1024w, http:\/\/ekonomik.opole.pl\/eko3\/wp-content\/uploads\/2025\/10\/DSC_8364-300x200.jpg 300w, http:\/\/ekonomik.opole.pl\/eko3\/wp-content\/uploads\/2025\/10\/DSC_8364-768x513.jpg 768w, http:\/\/ekonomik.opole.pl\/eko3\/wp-content\/uploads\/2025\/10\/DSC_8364-1536x1025.jpg 1536w, http:\/\/ekonomik.opole.pl\/eko3\/wp-content\/uploads\/2025\/10\/DSC_8364-2048x1367.jpg 2048w, http:\/\/ekonomik.opole.pl\/eko3\/wp-content\/uploads\/2025\/10\/DSC_8364-1360x908.jpg 1360w, http:\/\/ekonomik.opole.pl\/eko3\/wp-content\/uploads\/2025\/10\/DSC_8364-680x454.jpg 680w\" sizes=\"(max-width: 1024px) 100vw, 1024px\" \/><\/a><\/figure><\/li><li class=\"blocks-gallery-item\"><figure><a href=\"http:\/\/ekonomik.opole.pl\/eko3\/wp-content\/uploads\/2025\/10\/DSC_8373-scaled.jpg\"><img loading=\"lazy\" width=\"1024\" height=\"684\" src=\"http:\/\/ekonomik.opole.pl\/eko3\/wp-content\/uploads\/2025\/10\/DSC_8373-1024x684.jpg\" alt=\"\" data-id=\"998305\" data-full-url=\"http:\/\/ekonomik.opole.pl\/eko3\/wp-content\/uploads\/2025\/10\/DSC_8373-scaled.jpg\" data-link=\"https:\/\/ekonomik.opole.pl\/eko3\/?attachment_id=998305\" class=\"wp-image-998305\" srcset=\"http:\/\/ekonomik.opole.pl\/eko3\/wp-content\/uploads\/2025\/10\/DSC_8373-1024x684.jpg 1024w, http:\/\/ekonomik.opole.pl\/eko3\/wp-content\/uploads\/2025\/10\/DSC_8373-300x200.jpg 300w, http:\/\/ekonomik.opole.pl\/eko3\/wp-content\/uploads\/2025\/10\/DSC_8373-768x513.jpg 768w, http:\/\/ekonomik.opole.pl\/eko3\/wp-content\/uploads\/2025\/10\/DSC_8373-1536x1025.jpg 1536w, http:\/\/ekonomik.opole.pl\/eko3\/wp-content\/uploads\/2025\/10\/DSC_8373-2048x1367.jpg 2048w, http:\/\/ekonomik.opole.pl\/eko3\/wp-content\/uploads\/2025\/10\/DSC_8373-1360x908.jpg 1360w, http:\/\/ekonomik.opole.pl\/eko3\/wp-content\/uploads\/2025\/10\/DSC_8373-680x454.jpg 680w\" sizes=\"(max-width: 1024px) 100vw, 1024px\" \/><\/a><\/figure><\/li><\/ul><\/figure>\n<\/div><!-- .vgblk-rw-wrapper -->","protected":false},"excerpt":{"rendered":"<p>10 pa\u017adziernika 2025 odby\u0142a si\u0119 wizyta studyjna dyrektor\u00f3w szk\u00f3\u0142 \u015brednich z Rybnika w Ekonomiku. Zapraszamy do obejrzenia fotorelacji z tego wydarzenia. Autorka zdj\u0119\u0107: Milena Stania klasa 4A<\/p>\n","protected":false},"author":6,"featured_media":998303,"comment_status":"open","ping_status":"open","sticky":false,"template":"","format":"standard","meta":{"inline_featured_image":false},"categories":[208],"tags":[],"_links":{"self":[{"href":"http:\/\/ekonomik.opole.pl\/eko3\/wp-json\/wp\/v2\/posts\/998294"}],"collection":[{"href":"http:\/\/ekonomik.opole.pl\/eko3\/wp-json\/wp\/v2\/posts"}],"about":[{"href":"http:\/\/ekonomik.opole.pl\/eko3\/wp-json\/wp\/v2\/types\/post"}],"author":[{"embeddable":true,"href":"http:\/\/ekonomik.opole.pl\/eko3\/wp-json\/wp\/v2\/users\/6"}],"replies":[{"embeddable":true,"href":"http:\/\/ekonomik.opole.pl\/eko3\/wp-json\/wp\/v2\/comments?post=998294"}],"version-history":[{"count":1,"href":"http:\/\/ekonomik.opole.pl\/eko3\/wp-json\/wp\/v2\/posts\/998294\/revisions"}],"predecessor-version":[{"id":998306,"href":"http:\/\/ekonomik.opole.pl\/eko3\/wp-json\/wp\/v2\/posts\/998294\/revisions\/998306"}],"wp:featuredmedia":[{"embeddable":true,"href":"http:\/\/ekonomik.opole.pl\/eko3\/wp-json\/wp\/v2\/media\/998303"}],"wp:attachment":[{"href":"http:\/\/ekonomik.opole.pl\/eko3\/wp-json\/wp\/v2\/media?parent=998294"}],"wp:term":[{"taxonomy":"category","embeddable":true,"href":"http:\/\/ekonomik.opole.pl\/eko3\/wp-json\/wp\/v2\/categories?post=998294"},{"taxonomy":"post_tag","embeddable":true,"href":"http:\/\/ekonomik.opole.pl\/eko3\/wp-json\/wp\/v2\/tags?post=998294"}],"curies":[{"name":"wp","href":"https:\/\/api.w.org\/{rel}","templated":true}]}}