{"id":998326,"date":"2025-10-14T21:36:38","date_gmt":"2025-10-14T19:36:38","guid":{"rendered":"https:\/\/ekonomik.opole.pl\/eko3\/?p=998326"},"modified":"2025-10-14T21:36:39","modified_gmt":"2025-10-14T19:36:39","slug":"dzien-edukacji-narodowej-3","status":"publish","type":"post","link":"http:\/\/ekonomik.opole.pl\/eko3\/dzien-edukacji-narodowej-3\/","title":{"rendered":"Dzie\u0144 Edukacji Narodowej"},"content":{"rendered":"<div class=\"vgblk-rw-wrapper limit-wrapper\">\n<p>Z okazji Dnia Edukacji Narodowej sk\u0142adamy Pa\u0144stwu serdeczne podzi\u0119kowania za codzienny trud, zaanga\u017cowanie oraz pasj\u0119, z jak\u0105 kszta\u0142tuj\u0105 Pa\u0144stwo kolejne pokolenia.<\/p>\n\n\n\n<p>Dzi\u0119kujemy za m\u0105dro\u015b\u0107, cierpliwo\u015b\u0107 i serce, kt\u00f3re wk\u0142adacie w wychowanie i edukacj\u0119 m\u0142odych ludzi.<\/p>\n\n\n\n<p>\u017byczymy, aby ka\u017cdy dzie\u0144 przynosi\u0142 satysfakcj\u0119 z wykonywanej pracy, uznanie wychowank\u00f3w i rodzic\u00f3w oraz poczucie, \u017ce Pa\u0144stwa wysi\u0142ek ma ogromne znaczenie.<\/p>\n\n\n\n<p>Niech towarzyszy Pa\u0144stwu zdrowie, pogoda ducha i si\u0142a do realizowania zawodowych oraz osobistych marze\u0144.<\/p>\n<\/div><!-- .vgblk-rw-wrapper -->","protected":false},"excerpt":{"rendered":"<p>Z okazji Dnia Edukacji Narodowej sk\u0142adamy Pa\u0144stwu serdeczne podzi\u0119kowania za codzienny trud, zaanga\u017cowanie oraz pasj\u0119, z jak\u0105 kszta\u0142tuj\u0105 Pa\u0144stwo kolejne pokolenia. Dzi\u0119kujemy za m\u0105dro\u015b\u0107, cierpliwo\u015b\u0107 i serce, kt\u00f3re wk\u0142adacie w wychowanie i edukacj\u0119 m\u0142odych ludzi. \u017byczymy, aby ka\u017cdy dzie\u0144 przynosi\u0142 satysfakcj\u0119 z wykonywanej pracy, uznanie wychowank\u00f3w i rodzic\u00f3w oraz poczucie, \u017ce Pa\u0144stwa wysi\u0142ek ma ogromne&#8230;<\/p>\n","protected":false},"author":6,"featured_media":998327,"comment_status":"open","ping_status":"open","sticky":false,"template":"","format":"standard","meta":{"inline_featured_image":false},"categories":[114],"tags":[],"_links":{"self":[{"href":"http:\/\/ekonomik.opole.pl\/eko3\/wp-json\/wp\/v2\/posts\/998326"}],"collection":[{"href":"http:\/\/ekonomik.opole.pl\/eko3\/wp-json\/wp\/v2\/posts"}],"about":[{"href":"http:\/\/ekonomik.opole.pl\/eko3\/wp-json\/wp\/v2\/types\/post"}],"author":[{"embeddable":true,"href":"http:\/\/ekonomik.opole.pl\/eko3\/wp-json\/wp\/v2\/users\/6"}],"replies":[{"embeddable":true,"href":"http:\/\/ekonomik.opole.pl\/eko3\/wp-json\/wp\/v2\/comments?post=998326"}],"version-history":[{"count":1,"href":"http:\/\/ekonomik.opole.pl\/eko3\/wp-json\/wp\/v2\/posts\/998326\/revisions"}],"predecessor-version":[{"id":998328,"href":"http:\/\/ekonomik.opole.pl\/eko3\/wp-json\/wp\/v2\/posts\/998326\/revisions\/998328"}],"wp:featuredmedia":[{"embeddable":true,"href":"http:\/\/ekonomik.opole.pl\/eko3\/wp-json\/wp\/v2\/media\/998327"}],"wp:attachment":[{"href":"http:\/\/ekonomik.opole.pl\/eko3\/wp-json\/wp\/v2\/media?parent=998326"}],"wp:term":[{"taxonomy":"category","embeddable":true,"href":"http:\/\/ekonomik.opole.pl\/eko3\/wp-json\/wp\/v2\/categories?post=998326"},{"taxonomy":"post_tag","embeddable":true,"href":"http:\/\/ekonomik.opole.pl\/eko3\/wp-json\/wp\/v2\/tags?post=998326"}],"curies":[{"name":"wp","href":"https:\/\/api.w.org\/{rel}","templated":true}]}}