{"id":998329,"date":"2025-10-20T12:01:00","date_gmt":"2025-10-20T10:01:00","guid":{"rendered":"https:\/\/ekonomik.opole.pl\/eko3\/?p=998329"},"modified":"2025-10-21T19:06:40","modified_gmt":"2025-10-21T17:06:40","slug":"sukces-naszych-programistow-zespol-ekonomika-w-finale-ogolnopolskiego-konkursu-histhack","status":"publish","type":"post","link":"http:\/\/ekonomik.opole.pl\/eko3\/sukces-naszych-programistow-zespol-ekonomika-w-finale-ogolnopolskiego-konkursu-histhack\/","title":{"rendered":"Sukces naszych programist\u00f3w! Zesp\u00f3\u0142 Ekonomika w finale og\u00f3lnopolskiego konkursu HISTHACK!"},"content":{"rendered":"<div class=\"vgblk-rw-wrapper limit-wrapper\">\n<p>Z dum\u0105 informujemy, \u017ce dru\u017cyna\u00a0<strong>Zespo\u0142u Szk\u00f3\u0142 Ekonomicznych im. gen. Stefana Roweckiego \u201eGrota\u201d w Opolu<\/strong>\u00a0w sk\u0142adzie:<br><strong>Bartosz \u0141ukasik<\/strong>,<br><strong>Remigiusz \u0141ukasik<\/strong>,<br><strong>Jacek Dombrowski<\/strong>,<br><strong>\u0141ukasz Piechaczek<\/strong>,<br><strong>Tomasz R\u00f3g<\/strong><br>z klasy\u00a0<strong>4A w zawodzie Technik Programista<\/strong>, pod opiek\u0105\u00a0<strong>dr in\u017c. Piotra Dzierwy<\/strong>, zakwalifikowa\u0142a si\u0119 do\u00a0<strong>fina\u0142u og\u00f3lnopolskiego konkursu HISTHACK<\/strong>, organizowanego przez\u00a0<strong>Instytut Pami\u0119ci Narodowej<\/strong>. <\/p>\n\n\n\n<p>Fina\u0142 konkursu odb\u0119dzie si\u0119 w dniach\u00a0<strong>4\u20136 listopada 2025 r. w Warszawie<\/strong>\u00a0w Centralnym Przystanku Historia IPN.<br><br>Podczas trzydniowego hackathonu zespo\u0142y z ca\u0142ej Polski zmierz\u0105 si\u0119 w tworzeniu nowoczesnych rozwi\u0105za\u0144 edukacyjnych \u0142\u0105cz\u0105cych\u00a0<strong>histori\u0119 i nowe technologie<\/strong>.<\/p>\n\n\n\n<p>Nasza dru\u017cyna znalaz\u0142a si\u0119 w gronie\u00a0<strong>16 najlepszych zespo\u0142\u00f3w w kraju<\/strong>, reprezentuj\u0105c z sukcesem\u00a0<strong>wojew\u00f3dztwo opolskie<\/strong>! <\/p>\n\n\n\n<p>Praca konkursowa uczni\u00f3w nosi tytu\u0142\u00a0<strong>\u201ePosty z epoki: spojrzenie na histori\u0119 z nowoczesnej perspektywy\u201d<\/strong>\u00a0i zosta\u0142a doceniona przez jury za pomys\u0142owo\u015b\u0107 i warto\u015b\u0107 edukacyjn\u0105.<\/p>\n\n\n\n<p>Serdecznie gratulujemy naszym uczniom oraz ich opiekunowi merytorycznemu! <br>Trzymamy kciuki za udany wyst\u0119p w Warszawie! <\/p>\n<\/div><!-- .vgblk-rw-wrapper -->","protected":false},"excerpt":{"rendered":"<p>Z dum\u0105 informujemy, \u017ce dru\u017cyna\u00a0Zespo\u0142u Szk\u00f3\u0142 Ekonomicznych im. gen. Stefana Roweckiego \u201eGrota\u201d w Opolu\u00a0w sk\u0142adzie:Bartosz \u0141ukasik,Remigiusz \u0141ukasik,Jacek Dombrowski,\u0141ukasz Piechaczek,Tomasz R\u00f3gz klasy\u00a04A w zawodzie Technik Programista, pod opiek\u0105\u00a0dr in\u017c. Piotra Dzierwy, zakwalifikowa\u0142a si\u0119 do\u00a0fina\u0142u og\u00f3lnopolskiego konkursu HISTHACK, organizowanego przez\u00a0Instytut Pami\u0119ci Narodowej. Fina\u0142 konkursu odb\u0119dzie si\u0119 w dniach\u00a04\u20136 listopada 2025 r. w Warszawie\u00a0w Centralnym Przystanku Historia IPN&#8230;.<\/p>\n","protected":false},"author":6,"featured_media":998331,"comment_status":"open","ping_status":"open","sticky":false,"template":"","format":"standard","meta":{"inline_featured_image":false},"categories":[186,90],"tags":[],"_links":{"self":[{"href":"http:\/\/ekonomik.opole.pl\/eko3\/wp-json\/wp\/v2\/posts\/998329"}],"collection":[{"href":"http:\/\/ekonomik.opole.pl\/eko3\/wp-json\/wp\/v2\/posts"}],"about":[{"href":"http:\/\/ekonomik.opole.pl\/eko3\/wp-json\/wp\/v2\/types\/post"}],"author":[{"embeddable":true,"href":"http:\/\/ekonomik.opole.pl\/eko3\/wp-json\/wp\/v2\/users\/6"}],"replies":[{"embeddable":true,"href":"http:\/\/ekonomik.opole.pl\/eko3\/wp-json\/wp\/v2\/comments?post=998329"}],"version-history":[{"count":1,"href":"http:\/\/ekonomik.opole.pl\/eko3\/wp-json\/wp\/v2\/posts\/998329\/revisions"}],"predecessor-version":[{"id":998332,"href":"http:\/\/ekonomik.opole.pl\/eko3\/wp-json\/wp\/v2\/posts\/998329\/revisions\/998332"}],"wp:featuredmedia":[{"embeddable":true,"href":"http:\/\/ekonomik.opole.pl\/eko3\/wp-json\/wp\/v2\/media\/998331"}],"wp:attachment":[{"href":"http:\/\/ekonomik.opole.pl\/eko3\/wp-json\/wp\/v2\/media?parent=998329"}],"wp:term":[{"taxonomy":"category","embeddable":true,"href":"http:\/\/ekonomik.opole.pl\/eko3\/wp-json\/wp\/v2\/categories?post=998329"},{"taxonomy":"post_tag","embeddable":true,"href":"http:\/\/ekonomik.opole.pl\/eko3\/wp-json\/wp\/v2\/tags?post=998329"}],"curies":[{"name":"wp","href":"https:\/\/api.w.org\/{rel}","templated":true}]}}