{"id":998330,"date":"2025-10-17T19:01:00","date_gmt":"2025-10-17T17:01:00","guid":{"rendered":"https:\/\/ekonomik.opole.pl\/eko3\/?p=998330"},"modified":"2025-10-21T19:10:58","modified_gmt":"2025-10-21T17:10:58","slug":"zielona-przystan-ekonomika-ruszamy-z-realizacja-projektu","status":"publish","type":"post","link":"http:\/\/ekonomik.opole.pl\/eko3\/zielona-przystan-ekonomika-ruszamy-z-realizacja-projektu\/","title":{"rendered":"Zielona Przysta\u0144 Ekonomika &#8211; ruszamy z realizacj\u0105 projektu"},"content":{"rendered":"<div class=\"vgblk-rw-wrapper limit-wrapper\">\n<p>Ka\u017cdy z Was mo\u017ce mie\u0107 sw\u00f3j osobisty wk\u0142ad w nasz\u0105 wsp\u00f3ln\u0105 przestrze\u0144.<\/p>\n\n\n\n<p>Aby w\u0142\u0105czy\u0107 si\u0119 w tworzenie Zielonej Przystani Ekonomika nale\u017cy przynie\u015b\u0107<br>w \u015brod\u0119 22.10.2025 do godz. 10.00 do szkolnej portierni:<\/p>\n\n\n\n<p>&#8211; podpisane narz\u0119dzia ogrodnicze (\u0142opaty, grabie)<\/p>\n\n\n\n<p>&#8211; ziemi\u0119 \u2013 ogrodow\u0105\/torf\/kwa\u015bn\u0105<\/p>\n\n\n\n<p>&#8211; kor\u0119 (ka\u017cda ilo\u015b\u0107 si\u0119 liczy).<\/p>\n\n\n\n<p>Serdecznie zach\u0119camy do udzia\u0142u w projekcie, z kt\u00f3rego owoc\u00f3w nasza szkolna spo\u0142eczno\u015b\u0107 b\u0119dzie mog\u0142a korzysta\u0107 przez kolejne lata!<\/p>\n\n\n\n<p>Projekt zosta\u0142 sfinansowany ze \u015brodk\u00f3w Narodowego Instytutu Wolno\u015bci w ramach programu Fundusz M\u0142odzie\u017cowy na lata 2022-2033.<\/p>\n\n\n\n<p><a href=\"https:\/\/www.facebook.com\/narodowyinstytutwolnosci\/\">https:\/\/www.facebook.com\/narodowyinstytutwolnosci\/<\/a>&nbsp; @niwcrso<\/p>\n\n\n\n<p>Operatorem jest Stowarzyszenie Europa Iuvenis.<\/p>\n\n\n\n<p><a href=\"https:\/\/www.facebook.com\/europaiuvenis\">https:\/\/www.facebook.com\/europaiuvenis<\/a> @europaiuvenis<\/p>\n<\/div><!-- .vgblk-rw-wrapper -->","protected":false},"excerpt":{"rendered":"<p>Ka\u017cdy z Was mo\u017ce mie\u0107 sw\u00f3j osobisty wk\u0142ad w nasz\u0105 wsp\u00f3ln\u0105 przestrze\u0144. Aby w\u0142\u0105czy\u0107 si\u0119 w tworzenie Zielonej Przystani Ekonomika nale\u017cy przynie\u015b\u0107w \u015brod\u0119 22.10.2025 do godz. 10.00 do szkolnej portierni: &#8211; podpisane narz\u0119dzia ogrodnicze (\u0142opaty, grabie) &#8211; ziemi\u0119 \u2013 ogrodow\u0105\/torf\/kwa\u015bn\u0105 &#8211; kor\u0119 (ka\u017cda ilo\u015b\u0107 si\u0119 liczy). Serdecznie zach\u0119camy do udzia\u0142u w projekcie, z kt\u00f3rego owoc\u00f3w&#8230;<\/p>\n","protected":false},"author":6,"featured_media":998333,"comment_status":"open","ping_status":"open","sticky":false,"template":"","format":"standard","meta":{"inline_featured_image":false},"categories":[208],"tags":[],"_links":{"self":[{"href":"http:\/\/ekonomik.opole.pl\/eko3\/wp-json\/wp\/v2\/posts\/998330"}],"collection":[{"href":"http:\/\/ekonomik.opole.pl\/eko3\/wp-json\/wp\/v2\/posts"}],"about":[{"href":"http:\/\/ekonomik.opole.pl\/eko3\/wp-json\/wp\/v2\/types\/post"}],"author":[{"embeddable":true,"href":"http:\/\/ekonomik.opole.pl\/eko3\/wp-json\/wp\/v2\/users\/6"}],"replies":[{"embeddable":true,"href":"http:\/\/ekonomik.opole.pl\/eko3\/wp-json\/wp\/v2\/comments?post=998330"}],"version-history":[{"count":1,"href":"http:\/\/ekonomik.opole.pl\/eko3\/wp-json\/wp\/v2\/posts\/998330\/revisions"}],"predecessor-version":[{"id":998334,"href":"http:\/\/ekonomik.opole.pl\/eko3\/wp-json\/wp\/v2\/posts\/998330\/revisions\/998334"}],"wp:featuredmedia":[{"embeddable":true,"href":"http:\/\/ekonomik.opole.pl\/eko3\/wp-json\/wp\/v2\/media\/998333"}],"wp:attachment":[{"href":"http:\/\/ekonomik.opole.pl\/eko3\/wp-json\/wp\/v2\/media?parent=998330"}],"wp:term":[{"taxonomy":"category","embeddable":true,"href":"http:\/\/ekonomik.opole.pl\/eko3\/wp-json\/wp\/v2\/categories?post=998330"},{"taxonomy":"post_tag","embeddable":true,"href":"http:\/\/ekonomik.opole.pl\/eko3\/wp-json\/wp\/v2\/tags?post=998330"}],"curies":[{"name":"wp","href":"https:\/\/api.w.org\/{rel}","templated":true}]}}