{"id":998364,"date":"2025-10-22T12:05:00","date_gmt":"2025-10-22T10:05:00","guid":{"rendered":"https:\/\/ekonomik.opole.pl\/eko3\/?p=998364"},"modified":"2025-10-27T12:08:24","modified_gmt":"2025-10-27T11:08:24","slug":"camp-liders-america","status":"publish","type":"post","link":"http:\/\/ekonomik.opole.pl\/eko3\/camp-liders-america\/","title":{"rendered":"Camp Liders America"},"content":{"rendered":"<div class=\"vgblk-rw-wrapper limit-wrapper\">\n<p>Ekonomik od lat promuje projekt Camp Leaders America w ramach motywowania uczni\u00f3w do rozwijania swoich umiej\u0119tno\u015bci j\u0119zykowych i poznawania kultury i dziedzictwa USA. <\/p>\n\n\n\n<p>W poniedzia\u0142ek ch\u0119tni uczniowie klas czwartych i pi\u0105tych wzi\u0119li udzia\u0142 w spotkaniu z ambasadork\u0105 projektu &#8211; Sandr\u0105 Ka\u0142u\u017c\u0105- absolwentk\u0105 naszej szko\u0142y i czterokrotn\u0105 uczestniczk\u0105 projektu. Mo\u017cna by\u0142o dowiedzie\u0107 si\u0119 jak wygl\u0105da proces aplikacyjny, praca na obozach letnich w Stanach Zjednoczonych oraz obejrze\u0107 wspania\u0142e albumy dokumentuj\u0105ce podr\u00f3\u017ce po najpi\u0119kniejszych miejscach tego kraju. <\/p>\n\n\n\n<p>Od lat nasi uczniowie wyje\u017cd\u017caj\u0105 w ten spos\u00f3b do USA i wracaj\u0105 z cudownymi wra\u017ceniami i nowymi umiej\u0119tno\u015bciami. Mo\u017ce i tym razem te\u017c tak b\u0119dzie, zainteresowanie by\u0142o du\u017ce. <\/p>\n\n\n\n<p>Spotkanie zorganizowa\u0142a pani Ma\u0142gorzata Kochanowska &#8211; nauczycielka j\u0119zyka angielskiego.<\/p>\n\n\n\n<div style=\"height:40px\" aria-hidden=\"true\" class=\"wp-block-spacer\"><\/div>\n\n\n\n<figure class=\"wp-block-gallery columns-2 is-cropped\"><ul class=\"blocks-gallery-grid\"><li class=\"blocks-gallery-item\"><figure><a href=\"http:\/\/ekonomik.opole.pl\/eko3\/wp-content\/uploads\/2025\/10\/1761067156168-scaled.jpg\"><img loading=\"lazy\" width=\"1024\" height=\"460\" src=\"http:\/\/ekonomik.opole.pl\/eko3\/wp-content\/uploads\/2025\/10\/1761067156168-1024x460.jpg\" alt=\"\" data-id=\"998366\" data-full-url=\"http:\/\/ekonomik.opole.pl\/eko3\/wp-content\/uploads\/2025\/10\/1761067156168-scaled.jpg\" data-link=\"https:\/\/ekonomik.opole.pl\/eko3\/?attachment_id=998366\" class=\"wp-image-998366\" srcset=\"http:\/\/ekonomik.opole.pl\/eko3\/wp-content\/uploads\/2025\/10\/1761067156168-1024x460.jpg 1024w, http:\/\/ekonomik.opole.pl\/eko3\/wp-content\/uploads\/2025\/10\/1761067156168-300x135.jpg 300w, http:\/\/ekonomik.opole.pl\/eko3\/wp-content\/uploads\/2025\/10\/1761067156168-768x345.jpg 768w, http:\/\/ekonomik.opole.pl\/eko3\/wp-content\/uploads\/2025\/10\/1761067156168-1536x690.jpg 1536w, http:\/\/ekonomik.opole.pl\/eko3\/wp-content\/uploads\/2025\/10\/1761067156168-2048x920.jpg 2048w, http:\/\/ekonomik.opole.pl\/eko3\/wp-content\/uploads\/2025\/10\/1761067156168-1360x611.jpg 1360w, http:\/\/ekonomik.opole.pl\/eko3\/wp-content\/uploads\/2025\/10\/1761067156168-680x305.jpg 680w\" sizes=\"(max-width: 1024px) 100vw, 1024px\" \/><\/a><\/figure><\/li><li class=\"blocks-gallery-item\"><figure><a href=\"http:\/\/ekonomik.opole.pl\/eko3\/wp-content\/uploads\/2025\/10\/1761067156180-scaled.jpg\"><img loading=\"lazy\" width=\"1024\" height=\"460\" src=\"http:\/\/ekonomik.opole.pl\/eko3\/wp-content\/uploads\/2025\/10\/1761067156180-1024x460.jpg\" alt=\"\" data-id=\"998367\" data-full-url=\"http:\/\/ekonomik.opole.pl\/eko3\/wp-content\/uploads\/2025\/10\/1761067156180-scaled.jpg\" data-link=\"https:\/\/ekonomik.opole.pl\/eko3\/?attachment_id=998367\" class=\"wp-image-998367\" srcset=\"http:\/\/ekonomik.opole.pl\/eko3\/wp-content\/uploads\/2025\/10\/1761067156180-1024x460.jpg 1024w, http:\/\/ekonomik.opole.pl\/eko3\/wp-content\/uploads\/2025\/10\/1761067156180-300x135.jpg 300w, http:\/\/ekonomik.opole.pl\/eko3\/wp-content\/uploads\/2025\/10\/1761067156180-768x345.jpg 768w, http:\/\/ekonomik.opole.pl\/eko3\/wp-content\/uploads\/2025\/10\/1761067156180-1536x690.jpg 1536w, http:\/\/ekonomik.opole.pl\/eko3\/wp-content\/uploads\/2025\/10\/1761067156180-2048x920.jpg 2048w, http:\/\/ekonomik.opole.pl\/eko3\/wp-content\/uploads\/2025\/10\/1761067156180-1360x611.jpg 1360w, http:\/\/ekonomik.opole.pl\/eko3\/wp-content\/uploads\/2025\/10\/1761067156180-680x305.jpg 680w\" sizes=\"(max-width: 1024px) 100vw, 1024px\" \/><\/a><\/figure><\/li><\/ul><\/figure>\n<\/div><!-- .vgblk-rw-wrapper -->","protected":false},"excerpt":{"rendered":"<p>Ekonomik od lat promuje projekt Camp Leaders America w ramach motywowania uczni\u00f3w do rozwijania swoich umiej\u0119tno\u015bci j\u0119zykowych i poznawania kultury i dziedzictwa USA. W poniedzia\u0142ek ch\u0119tni uczniowie klas czwartych i pi\u0105tych wzi\u0119li udzia\u0142 w spotkaniu z ambasadork\u0105 projektu &#8211; Sandr\u0105 Ka\u0142u\u017c\u0105- absolwentk\u0105 naszej szko\u0142y i czterokrotn\u0105 uczestniczk\u0105 projektu. Mo\u017cna by\u0142o dowiedzie\u0107 si\u0119 jak wygl\u0105da proces&#8230;<\/p>\n","protected":false},"author":6,"featured_media":998365,"comment_status":"open","ping_status":"open","sticky":false,"template":"","format":"standard","meta":{"inline_featured_image":false},"categories":[208],"tags":[],"_links":{"self":[{"href":"http:\/\/ekonomik.opole.pl\/eko3\/wp-json\/wp\/v2\/posts\/998364"}],"collection":[{"href":"http:\/\/ekonomik.opole.pl\/eko3\/wp-json\/wp\/v2\/posts"}],"about":[{"href":"http:\/\/ekonomik.opole.pl\/eko3\/wp-json\/wp\/v2\/types\/post"}],"author":[{"embeddable":true,"href":"http:\/\/ekonomik.opole.pl\/eko3\/wp-json\/wp\/v2\/users\/6"}],"replies":[{"embeddable":true,"href":"http:\/\/ekonomik.opole.pl\/eko3\/wp-json\/wp\/v2\/comments?post=998364"}],"version-history":[{"count":1,"href":"http:\/\/ekonomik.opole.pl\/eko3\/wp-json\/wp\/v2\/posts\/998364\/revisions"}],"predecessor-version":[{"id":998368,"href":"http:\/\/ekonomik.opole.pl\/eko3\/wp-json\/wp\/v2\/posts\/998364\/revisions\/998368"}],"wp:featuredmedia":[{"embeddable":true,"href":"http:\/\/ekonomik.opole.pl\/eko3\/wp-json\/wp\/v2\/media\/998365"}],"wp:attachment":[{"href":"http:\/\/ekonomik.opole.pl\/eko3\/wp-json\/wp\/v2\/media?parent=998364"}],"wp:term":[{"taxonomy":"category","embeddable":true,"href":"http:\/\/ekonomik.opole.pl\/eko3\/wp-json\/wp\/v2\/categories?post=998364"},{"taxonomy":"post_tag","embeddable":true,"href":"http:\/\/ekonomik.opole.pl\/eko3\/wp-json\/wp\/v2\/tags?post=998364"}],"curies":[{"name":"wp","href":"https:\/\/api.w.org\/{rel}","templated":true}]}}