{"id":998369,"date":"2025-10-24T14:15:00","date_gmt":"2025-10-24T12:15:00","guid":{"rendered":"https:\/\/ekonomik.opole.pl\/eko3\/?p=998369"},"modified":"2025-10-27T13:06:47","modified_gmt":"2025-10-27T12:06:47","slug":"konkurs-obiektyw-obywatelski","status":"publish","type":"post","link":"http:\/\/ekonomik.opole.pl\/eko3\/konkurs-obiektyw-obywatelski\/","title":{"rendered":"Konkurs \u201eObiektyw Obywatelski\u201d"},"content":{"rendered":"<div class=\"vgblk-rw-wrapper limit-wrapper\">\n<p>zach\u0119camy do wzi\u0119cia udzia\u0142u w konkursie &#8222;Obiektyw Obywatelski&#8221; organizowanym przez Ministerstwo Edukacji Narodowej wsp\u00f3lnie z Ministerstwem Sprawiedliwo\u015bci. Konkurs kierowany jest do uczni\u00f3w i uczennic szk\u00f3\u0142 ponadpodstawowych. Zadaniem zespo\u0142\u00f3w jest stworzenie maksymalnie 1-minutowego filmu na temat arty. 1 Konstytucji RP: \u201eRzeczpospolita Polska jest dobrem wsp\u00f3lnym wszystkich obywateli\u201d. Konkurs jest okazj\u0105 do refleksji nad tymi wa\u017cnymi warto\u015bciami.<\/p>\n\n\n\n<p>Przygotowano atrakcyjne nagrody indywidualne dla zwyci\u0119zc\u00f3w, kt\u00f3rzy wezm\u0105 udzia\u0142 w uroczystej gali w Warszawie. Zg\u0142oszenia do 14 listopada br. Prace zg\u0142asza\u0107 mo\u017ce nauczyciel &#8211; opiekun zespo\u0142u &#8211; poprzez Zintegrowan\u0105 Platform\u0119 Edukacyjn\u0105.<\/p>\n\n\n\n<p>Wszystkie informacje o konkursie mo\u017cna znale\u017a\u0107 na stronie\u00a0<a href=\"http:\/\/obiektywobywatelski.zpe.gov.pl\" data-type=\"URL\" data-id=\"obiektywobywatelski.zpe.gov.pl\" target=\"_blank\" rel=\"noreferrer noopener\">obiektywobyw<\/a><a href=\"http:\/\/obiektywobywatelski.zpe.gov.pl\" data-type=\"URL\" target=\"_blank\" rel=\"noreferrer noopener\">atelski.zpe.gov.pl<\/a><a rel=\"noreferrer noopener\" target=\"_blank\">.<\/a><\/p>\n<\/div><!-- .vgblk-rw-wrapper -->","protected":false},"excerpt":{"rendered":"<p>zach\u0119camy do wzi\u0119cia udzia\u0142u w konkursie &#8222;Obiektyw Obywatelski&#8221; organizowanym przez Ministerstwo Edukacji Narodowej wsp\u00f3lnie z Ministerstwem Sprawiedliwo\u015bci. Konkurs kierowany jest do uczni\u00f3w i uczennic szk\u00f3\u0142 ponadpodstawowych. Zadaniem zespo\u0142\u00f3w jest stworzenie maksymalnie 1-minutowego filmu na temat arty. 1 Konstytucji RP: \u201eRzeczpospolita Polska jest dobrem wsp\u00f3lnym wszystkich obywateli\u201d. Konkurs jest okazj\u0105 do refleksji nad tymi wa\u017cnymi warto\u015bciami&#8230;.<\/p>\n","protected":false},"author":6,"featured_media":998370,"comment_status":"open","ping_status":"open","sticky":false,"template":"","format":"standard","meta":{"inline_featured_image":false},"categories":[220],"tags":[],"_links":{"self":[{"href":"http:\/\/ekonomik.opole.pl\/eko3\/wp-json\/wp\/v2\/posts\/998369"}],"collection":[{"href":"http:\/\/ekonomik.opole.pl\/eko3\/wp-json\/wp\/v2\/posts"}],"about":[{"href":"http:\/\/ekonomik.opole.pl\/eko3\/wp-json\/wp\/v2\/types\/post"}],"author":[{"embeddable":true,"href":"http:\/\/ekonomik.opole.pl\/eko3\/wp-json\/wp\/v2\/users\/6"}],"replies":[{"embeddable":true,"href":"http:\/\/ekonomik.opole.pl\/eko3\/wp-json\/wp\/v2\/comments?post=998369"}],"version-history":[{"count":1,"href":"http:\/\/ekonomik.opole.pl\/eko3\/wp-json\/wp\/v2\/posts\/998369\/revisions"}],"predecessor-version":[{"id":998371,"href":"http:\/\/ekonomik.opole.pl\/eko3\/wp-json\/wp\/v2\/posts\/998369\/revisions\/998371"}],"wp:featuredmedia":[{"embeddable":true,"href":"http:\/\/ekonomik.opole.pl\/eko3\/wp-json\/wp\/v2\/media\/998370"}],"wp:attachment":[{"href":"http:\/\/ekonomik.opole.pl\/eko3\/wp-json\/wp\/v2\/media?parent=998369"}],"wp:term":[{"taxonomy":"category","embeddable":true,"href":"http:\/\/ekonomik.opole.pl\/eko3\/wp-json\/wp\/v2\/categories?post=998369"},{"taxonomy":"post_tag","embeddable":true,"href":"http:\/\/ekonomik.opole.pl\/eko3\/wp-json\/wp\/v2\/tags?post=998369"}],"curies":[{"name":"wp","href":"https:\/\/api.w.org\/{rel}","templated":true}]}}