{"id":998384,"date":"2025-10-28T10:03:45","date_gmt":"2025-10-28T09:03:45","guid":{"rendered":"https:\/\/ekonomik.opole.pl\/eko3\/?p=998384"},"modified":"2025-10-28T10:28:21","modified_gmt":"2025-10-28T09:28:21","slug":"erasmus-2025-2026-rekrutacja-na-praktyki-zagraniczne","status":"publish","type":"post","link":"http:\/\/ekonomik.opole.pl\/eko3\/erasmus-2025-2026-rekrutacja-na-praktyki-zagraniczne\/","title":{"rendered":"Erasmus+ 2025\/2026 &#8211; rekrutacja na praktyki zagraniczne"},"content":{"rendered":"<div class=\"vgblk-rw-wrapper limit-wrapper\">\n<p>Z przyjemno\u015bci\u0105 informujemy, i\u017c rozpoczynamy rekrutacj\u0119 do kolejnego wyjazdu na praktyki zagraniczne w ramach projektu \u201eOdwa\u017cnie do Europy \u2013 nowe mo\u017cliwo\u015bci\u201d wsp\u00f3\u0142finansowanego przez Uni\u0119 Europejsk\u0105\u00a0w\u00a0ramach Akcji 1. w sektorze Kszta\u0142cenie i\u00a0Szkolenia Zawodowe w Programie Erasmus+.<\/p>\n\n\n\n<p>Wi\u0119cej informacji oraz niezb\u0119dne dokumenty &#8211; regulamin oraz formularz zg\u0142oszeniowy znajdziecie w Strefie Ucznia w zak\u0142adce <strong><a href=\"https:\/\/ekonomik.opole.pl\/eko3\/erasmus-rok-szkolny-2025-2026\/\">Erasmus+ (Rok szkolny 2025\/2026)<\/a><\/strong><\/p>\n\n\n\n<figure class=\"wp-block-image size-large is-resized\"><img loading=\"lazy\" src=\"http:\/\/ekonomik.opole.pl\/eko3\/wp-content\/uploads\/2025\/10\/EN_FundedbytheEU_RGB_Monochrome-na-strone-certyfikaty-1024x228.png\" alt=\"\" class=\"wp-image-998376\" width=\"311\" height=\"69\" srcset=\"http:\/\/ekonomik.opole.pl\/eko3\/wp-content\/uploads\/2025\/10\/EN_FundedbytheEU_RGB_Monochrome-na-strone-certyfikaty-1024x228.png 1024w, http:\/\/ekonomik.opole.pl\/eko3\/wp-content\/uploads\/2025\/10\/EN_FundedbytheEU_RGB_Monochrome-na-strone-certyfikaty-300x67.png 300w, http:\/\/ekonomik.opole.pl\/eko3\/wp-content\/uploads\/2025\/10\/EN_FundedbytheEU_RGB_Monochrome-na-strone-certyfikaty-768x171.png 768w, http:\/\/ekonomik.opole.pl\/eko3\/wp-content\/uploads\/2025\/10\/EN_FundedbytheEU_RGB_Monochrome-na-strone-certyfikaty-1536x343.png 1536w, http:\/\/ekonomik.opole.pl\/eko3\/wp-content\/uploads\/2025\/10\/EN_FundedbytheEU_RGB_Monochrome-na-strone-certyfikaty-2048x457.png 2048w, http:\/\/ekonomik.opole.pl\/eko3\/wp-content\/uploads\/2025\/10\/EN_FundedbytheEU_RGB_Monochrome-na-strone-certyfikaty-1360x303.png 1360w, http:\/\/ekonomik.opole.pl\/eko3\/wp-content\/uploads\/2025\/10\/EN_FundedbytheEU_RGB_Monochrome-na-strone-certyfikaty-680x152.png 680w\" sizes=\"(max-width: 311px) 100vw, 311px\" \/><\/figure>\n\n\n\n<p><\/p>\n<\/div><!-- .vgblk-rw-wrapper -->","protected":false},"excerpt":{"rendered":"<p>Z przyjemno\u015bci\u0105 informujemy, i\u017c rozpoczynamy rekrutacj\u0119 do kolejnego wyjazdu na praktyki zagraniczne w ramach projektu \u201eOdwa\u017cnie do Europy \u2013 nowe mo\u017cliwo\u015bci\u201d wsp\u00f3\u0142finansowanego przez Uni\u0119 Europejsk\u0105\u00a0w\u00a0ramach Akcji 1. w sektorze Kszta\u0142cenie i\u00a0Szkolenia Zawodowe w Programie Erasmus+. Wi\u0119cej informacji oraz niezb\u0119dne dokumenty &#8211; regulamin oraz formularz zg\u0142oszeniowy znajdziecie w Strefie Ucznia w zak\u0142adce Erasmus+ (Rok szkolny 2025\/2026)<\/p>\n","protected":false},"author":6,"featured_media":998386,"comment_status":"open","ping_status":"open","sticky":false,"template":"","format":"standard","meta":{"inline_featured_image":false},"categories":[247,104],"tags":[],"_links":{"self":[{"href":"http:\/\/ekonomik.opole.pl\/eko3\/wp-json\/wp\/v2\/posts\/998384"}],"collection":[{"href":"http:\/\/ekonomik.opole.pl\/eko3\/wp-json\/wp\/v2\/posts"}],"about":[{"href":"http:\/\/ekonomik.opole.pl\/eko3\/wp-json\/wp\/v2\/types\/post"}],"author":[{"embeddable":true,"href":"http:\/\/ekonomik.opole.pl\/eko3\/wp-json\/wp\/v2\/users\/6"}],"replies":[{"embeddable":true,"href":"http:\/\/ekonomik.opole.pl\/eko3\/wp-json\/wp\/v2\/comments?post=998384"}],"version-history":[{"count":2,"href":"http:\/\/ekonomik.opole.pl\/eko3\/wp-json\/wp\/v2\/posts\/998384\/revisions"}],"predecessor-version":[{"id":998388,"href":"http:\/\/ekonomik.opole.pl\/eko3\/wp-json\/wp\/v2\/posts\/998384\/revisions\/998388"}],"wp:featuredmedia":[{"embeddable":true,"href":"http:\/\/ekonomik.opole.pl\/eko3\/wp-json\/wp\/v2\/media\/998386"}],"wp:attachment":[{"href":"http:\/\/ekonomik.opole.pl\/eko3\/wp-json\/wp\/v2\/media?parent=998384"}],"wp:term":[{"taxonomy":"category","embeddable":true,"href":"http:\/\/ekonomik.opole.pl\/eko3\/wp-json\/wp\/v2\/categories?post=998384"},{"taxonomy":"post_tag","embeddable":true,"href":"http:\/\/ekonomik.opole.pl\/eko3\/wp-json\/wp\/v2\/tags?post=998384"}],"curies":[{"name":"wp","href":"https:\/\/api.w.org\/{rel}","templated":true}]}}