{"id":998394,"date":"2025-11-05T11:03:50","date_gmt":"2025-11-05T10:03:50","guid":{"rendered":"https:\/\/ekonomik.opole.pl\/eko3\/?p=998394"},"modified":"2025-11-05T11:04:15","modified_gmt":"2025-11-05T10:04:15","slug":"sesja-egzaminacyjna-styczen-2026","status":"publish","type":"post","link":"http:\/\/ekonomik.opole.pl\/eko3\/sesja-egzaminacyjna-styczen-2026\/","title":{"rendered":"Sesja egzaminacyjna &#8211; STYCZE\u0143 2026"},"content":{"rendered":"<div class=\"vgblk-rw-wrapper limit-wrapper\">\n<p>Informacja dla klas trzecich i pi\u0105tych, kt\u00f3re w styczniu 2026 r. przyst\u0119puj\u0105 do egzaminu zawodowego.<\/p>\n\n\n\n<p>Sesja egzaminacyjna potrwa od 8 &#8211; 21.01.2026 r., a pe\u0142ny harmonogram egzamin\u00f3w w cz\u0119\u015bci pisemnej i praktycznej znajduje si\u0119 na tablicy og\u0142osze\u0144 obok sali 20.<\/p>\n\n\n\n<p>Dodatkowe informacje na temat egzamin\u00f3w &#8211; czasu i miejsca egzaminowania oraz procedur egzaminacyjnych uzyskacie u nauczycieli przedmiot\u00f3w zawodowych:<\/p>\n\n\n\n<p>AUD.05 &#8211; Pani Marta Nagi \/ PGF.08 &#8211; Pan Piotr W\u00f3jcik \/ EKA.04 &#8211; Pani Anna Podelska \/ EKA.05 &#8211; Pani Katarzyna Romanowska \/ EKA.07 &#8211; Pani Anna Suchi\u0144ska \/ INF.03 &#8211; Pani Izabela Tkocz \/ INF.04 &#8211; Pan Piotr Dzierwa \/ SPL.01 &#8211; Pan Stanis\u0142aw Hadyna \/ SPL.04 &#8211; Pan Dariusz Kordek \/ PGF.05 &#8211; Pan Remigiusz Janik<\/p>\n\n\n\n<p>Na stronie OKE Wroc\u0142aw oraz CKE znajduj\u0105 si\u0119 informatory dla zawod\u00f3w:<br><a rel=\"noreferrer noopener\" target=\"_blank\" href=\"https:\/\/oke.wroc.pl\/egzamin-zawodowy\/formula-2019\/informatory-4\/\">https:\/\/oke.wroc.pl\/egzamin-zawodowy\/formula-2019\/informatory-4\/<\/a><\/p>\n\n\n\n<p>Przypominamy, \u017ce przyst\u0105pienie do egzaminu zawodowego we wskazanym przez dyrektora szko\u0142y odpowiednio roku szkolnym lub semestrze jest jednym z warunk\u00f3w uzyskania promocji do nast\u0119pnej klasy, na nast\u0119pny semestr lub uko\u0144czenia szko\u0142y.<\/p>\n\n\n\n<p>Aby zda\u0107 egzamin zawodowy, nale\u017cy uzyska\u0107:\u200e<br>z cz\u0119\u015bci pisemnej \u2013 co najmniej 50% punkt\u00f3w mo\u017cliwych do uzyskania (czyli minimum \u200e\u200e20 punkt\u00f3w), oraz\u200e \u200e<br>z cz\u0119\u015bci praktycznej \u2013 co najmniej 75% punkt\u00f3w mo\u017cliwych do uzyskania. \u200e<\/p>\n\n\n\n<p>Na zdj\u0119ciu: Milena i Wiktoria z klasy 4E \/ Fot. Piotr W\u00f3jcik<\/p>\n\n\n\n<p>#ekonomikopole #egzaminyzawodowe #technikum<\/p>\n<\/div><!-- .vgblk-rw-wrapper -->","protected":false},"excerpt":{"rendered":"<p>Informacja dla klas trzecich i pi\u0105tych, kt\u00f3re w styczniu 2026 r. przyst\u0119puj\u0105 do egzaminu zawodowego. Sesja egzaminacyjna potrwa od 8 &#8211; 21.01.2026 r., a pe\u0142ny harmonogram egzamin\u00f3w w cz\u0119\u015bci pisemnej i praktycznej znajduje si\u0119 na tablicy og\u0142osze\u0144 obok sali 20. Dodatkowe informacje na temat egzamin\u00f3w &#8211; czasu i miejsca egzaminowania oraz procedur egzaminacyjnych uzyskacie u&#8230;<\/p>\n","protected":false},"author":6,"featured_media":998396,"comment_status":"open","ping_status":"open","sticky":false,"template":"","format":"standard","meta":{"inline_featured_image":false},"categories":[325],"tags":[],"_links":{"self":[{"href":"http:\/\/ekonomik.opole.pl\/eko3\/wp-json\/wp\/v2\/posts\/998394"}],"collection":[{"href":"http:\/\/ekonomik.opole.pl\/eko3\/wp-json\/wp\/v2\/posts"}],"about":[{"href":"http:\/\/ekonomik.opole.pl\/eko3\/wp-json\/wp\/v2\/types\/post"}],"author":[{"embeddable":true,"href":"http:\/\/ekonomik.opole.pl\/eko3\/wp-json\/wp\/v2\/users\/6"}],"replies":[{"embeddable":true,"href":"http:\/\/ekonomik.opole.pl\/eko3\/wp-json\/wp\/v2\/comments?post=998394"}],"version-history":[{"count":1,"href":"http:\/\/ekonomik.opole.pl\/eko3\/wp-json\/wp\/v2\/posts\/998394\/revisions"}],"predecessor-version":[{"id":998395,"href":"http:\/\/ekonomik.opole.pl\/eko3\/wp-json\/wp\/v2\/posts\/998394\/revisions\/998395"}],"wp:featuredmedia":[{"embeddable":true,"href":"http:\/\/ekonomik.opole.pl\/eko3\/wp-json\/wp\/v2\/media\/998396"}],"wp:attachment":[{"href":"http:\/\/ekonomik.opole.pl\/eko3\/wp-json\/wp\/v2\/media?parent=998394"}],"wp:term":[{"taxonomy":"category","embeddable":true,"href":"http:\/\/ekonomik.opole.pl\/eko3\/wp-json\/wp\/v2\/categories?post=998394"},{"taxonomy":"post_tag","embeddable":true,"href":"http:\/\/ekonomik.opole.pl\/eko3\/wp-json\/wp\/v2\/tags?post=998394"}],"curies":[{"name":"wp","href":"https:\/\/api.w.org\/{rel}","templated":true}]}}