{"id":998398,"date":"2025-11-05T16:15:00","date_gmt":"2025-11-05T15:15:00","guid":{"rendered":"https:\/\/ekonomik.opole.pl\/eko3\/?p=998398"},"modified":"2025-11-08T14:57:02","modified_gmt":"2025-11-08T13:57:02","slug":"niepodlegla-dawniej-i-dzis","status":"publish","type":"post","link":"http:\/\/ekonomik.opole.pl\/eko3\/niepodlegla-dawniej-i-dzis\/","title":{"rendered":"Niepodleg\u0142a dawniej i dzi\u015b"},"content":{"rendered":"<div class=\"vgblk-rw-wrapper limit-wrapper\">\n<p>Obchody Narodowego \u015awi\u0119ta Niepodleg\u0142o\u015bci rozpocz\u0119li\u015bmy 4 listopada -uroczysto\u015bci\u0105 b\u0119d\u0105c\u0105 fina\u0142em projektu obywatelskiego \u201eNiepodleg\u0142a dawniej i dzi\u015b\u201d &#8211; przygotowan\u0105 przez uczni\u00f3w klas trzecich. <\/p>\n\n\n\n<p>Klasa 3a zabra\u0142a Nas w podr\u00f3\u017c przez cztery momenty w historii Polski: od rozbior\u00f3w, poprzez powstania i legionowe zrywy, a\u017c po II wojn\u0119 \u015bwiatow\u0105. Byli\u015bmy \u015bwiadkami ods\u0142oni\u0119cia \u201eDrzewka Niepodleg\u0142o\u015bci\u201d, na kt\u00f3rego symbolicznych listkach zosta\u0142y zapisane odpowiedzi uczni\u00f3w i nauczycieli na pytanie \u201e\ud835\uddd6\ud835\ude07\ud835\ude06\ud835\uddfa \ud835\uddf1\ud835\uddf9\ud835\uddee \ud835\uddd6\ud835\uddf6\ud835\uddf2\ud835\uddef\ud835\uddf6\ud835\uddf2 \ud835\uddf7\ud835\uddf2\ud835\ude00\ud835\ude01 \ud835\uddfb\ud835\uddf6\ud835\uddf2\ud835\uddfd\ud835\uddfc\ud835\uddf1\ud835\uddf9\ud835\uddf2\ud835\uddf4\u0142\ud835\uddfc\ud835\ude00\u0301\ud835\uddf0\u0301?<\/p>\n\n\n\n<p> Klasa 3c przedstawi\u0142a histori\u0119 polskiego pieni\u0105dza od czas\u00f3w rozbior\u00f3w. Zobaczyli\u015bmy jak wygl\u0105da\u0142y banknoty w r\u00f3\u017cnych okresach, przedstawiono zarys sytuacji ekonomicznej, reformy oraz najwi\u0119ksze osi\u0105gni\u0119cia gospodarcze Polski mi\u0119dzywojennej.<\/p>\n\n\n\n<p>Klasa 3e opisa\u0142a nam kultur\u0119 okresu mi\u0119dzywojennego poprzez przedstawienie najwa\u017cniejszych tw\u00f3rc\u00f3w i ich dzie\u0142 z zakresu literatury, architektury, malarstwa i filmu. Ca\u0142o\u015b\u0107 niezwykle uatrakcyjni\u0142 pokaz mody szalonych lat dwudziestych.<\/p>\n\n\n\n<p>Uczniowie klasy 3f przybli\u017cyli \u017cycie codzienne Polak\u00f3w z XIX i pocz\u0105tku XX wieku, przedstawiaj\u0105c zdj\u0119cia, gazety oraz listy z okresu wojny polsko bolszewickiej. Symbolicznym podsumowaniem los\u00f3w Polski by\u0142a instalacja \u201eFeniks powstaje z popio\u0142\u00f3w\u201d. <\/p>\n\n\n\n<p>Uroczysto\u015b\u0107 wokalnie upi\u0119kszy\u0142y pie\u015bniami patriotycznymi uczennice kl. 4e Wiktoria Kania i Urszula Koszyk.<\/p>\n\n\n\n<p>Pokazy z zainteresowaniem ogl\u0105da\u0142y wszystkie klasy trzecie i czwarte naszej szko\u0142y oraz go\u015bcie \u2013 klasa 8b z PSP nr 1 w Opolu.<\/p>\n\n\n\n<p>Dzi\u0119kujemy bardzo za pomoc w realizacji projektu Pani Beacie Nowak i Panu Grzegorzowi Walasikowi. <\/p>\n\n\n\n<p>Wielkie gratulacje dla koordynatorki projektu &#8211; Pani Urszuli Izdebskiej.<\/p>\n\n\n\n<figure class=\"wp-block-gallery columns-3 is-cropped\"><ul class=\"blocks-gallery-grid\"><li class=\"blocks-gallery-item\"><figure><a href=\"https:\/\/ekonomik.opole.pl\/eko3\/wp-content\/uploads\/2025\/11\/574343192_1536521304611716_2397233183871796394_n-1.jpg\"><img loading=\"lazy\" width=\"1024\" height=\"683\" src=\"https:\/\/ekonomik.opole.pl\/eko3\/wp-content\/uploads\/2025\/11\/574343192_1536521304611716_2397233183871796394_n-1-1024x683.jpg\" alt=\"\" data-id=\"998422\" data-full-url=\"https:\/\/ekonomik.opole.pl\/eko3\/wp-content\/uploads\/2025\/11\/574343192_1536521304611716_2397233183871796394_n-1.jpg\" data-link=\"https:\/\/ekonomik.opole.pl\/eko3\/?attachment_id=998422\" class=\"wp-image-998422\" srcset=\"http:\/\/ekonomik.opole.pl\/eko3\/wp-content\/uploads\/2025\/11\/574343192_1536521304611716_2397233183871796394_n-1-1024x683.jpg 1024w, http:\/\/ekonomik.opole.pl\/eko3\/wp-content\/uploads\/2025\/11\/574343192_1536521304611716_2397233183871796394_n-1-300x200.jpg 300w, http:\/\/ekonomik.opole.pl\/eko3\/wp-content\/uploads\/2025\/11\/574343192_1536521304611716_2397233183871796394_n-1-768x512.jpg 768w, http:\/\/ekonomik.opole.pl\/eko3\/wp-content\/uploads\/2025\/11\/574343192_1536521304611716_2397233183871796394_n-1-1536x1024.jpg 1536w, http:\/\/ekonomik.opole.pl\/eko3\/wp-content\/uploads\/2025\/11\/574343192_1536521304611716_2397233183871796394_n-1-1360x906.jpg 1360w, http:\/\/ekonomik.opole.pl\/eko3\/wp-content\/uploads\/2025\/11\/574343192_1536521304611716_2397233183871796394_n-1-680x453.jpg 680w, http:\/\/ekonomik.opole.pl\/eko3\/wp-content\/uploads\/2025\/11\/574343192_1536521304611716_2397233183871796394_n-1.jpg 2048w\" sizes=\"(max-width: 1024px) 100vw, 1024px\" \/><\/a><\/figure><\/li><li class=\"blocks-gallery-item\"><figure><a href=\"https:\/\/ekonomik.opole.pl\/eko3\/wp-content\/uploads\/2025\/11\/574479907_1536521047945075_3715420253882354264_n-1.jpg\"><img loading=\"lazy\" width=\"1024\" height=\"575\" src=\"https:\/\/ekonomik.opole.pl\/eko3\/wp-content\/uploads\/2025\/11\/574479907_1536521047945075_3715420253882354264_n-1-1024x575.jpg\" alt=\"\" data-id=\"998423\" data-full-url=\"https:\/\/ekonomik.opole.pl\/eko3\/wp-content\/uploads\/2025\/11\/574479907_1536521047945075_3715420253882354264_n-1.jpg\" data-link=\"https:\/\/ekonomik.opole.pl\/eko3\/?attachment_id=998423\" class=\"wp-image-998423\" srcset=\"http:\/\/ekonomik.opole.pl\/eko3\/wp-content\/uploads\/2025\/11\/574479907_1536521047945075_3715420253882354264_n-1-1024x575.jpg 1024w, http:\/\/ekonomik.opole.pl\/eko3\/wp-content\/uploads\/2025\/11\/574479907_1536521047945075_3715420253882354264_n-1-300x168.jpg 300w, http:\/\/ekonomik.opole.pl\/eko3\/wp-content\/uploads\/2025\/11\/574479907_1536521047945075_3715420253882354264_n-1-768x431.jpg 768w, http:\/\/ekonomik.opole.pl\/eko3\/wp-content\/uploads\/2025\/11\/574479907_1536521047945075_3715420253882354264_n-1-1536x862.jpg 1536w, http:\/\/ekonomik.opole.pl\/eko3\/wp-content\/uploads\/2025\/11\/574479907_1536521047945075_3715420253882354264_n-1-1360x763.jpg 1360w, http:\/\/ekonomik.opole.pl\/eko3\/wp-content\/uploads\/2025\/11\/574479907_1536521047945075_3715420253882354264_n-1-680x382.jpg 680w, http:\/\/ekonomik.opole.pl\/eko3\/wp-content\/uploads\/2025\/11\/574479907_1536521047945075_3715420253882354264_n-1.jpg 2048w\" sizes=\"(max-width: 1024px) 100vw, 1024px\" \/><\/a><\/figure><\/li><li class=\"blocks-gallery-item\"><figure><a href=\"https:\/\/ekonomik.opole.pl\/eko3\/wp-content\/uploads\/2025\/11\/576452458_1536521157945064_7110704530744815982_n-1.jpg\"><img loading=\"lazy\" width=\"1024\" height=\"684\" src=\"https:\/\/ekonomik.opole.pl\/eko3\/wp-content\/uploads\/2025\/11\/576452458_1536521157945064_7110704530744815982_n-1-1024x684.jpg\" alt=\"\" data-id=\"998424\" data-full-url=\"https:\/\/ekonomik.opole.pl\/eko3\/wp-content\/uploads\/2025\/11\/576452458_1536521157945064_7110704530744815982_n-1.jpg\" data-link=\"https:\/\/ekonomik.opole.pl\/eko3\/?attachment_id=998424\" class=\"wp-image-998424\" srcset=\"http:\/\/ekonomik.opole.pl\/eko3\/wp-content\/uploads\/2025\/11\/576452458_1536521157945064_7110704530744815982_n-1-1024x684.jpg 1024w, http:\/\/ekonomik.opole.pl\/eko3\/wp-content\/uploads\/2025\/11\/576452458_1536521157945064_7110704530744815982_n-1-300x200.jpg 300w, http:\/\/ekonomik.opole.pl\/eko3\/wp-content\/uploads\/2025\/11\/576452458_1536521157945064_7110704530744815982_n-1-768x513.jpg 768w, http:\/\/ekonomik.opole.pl\/eko3\/wp-content\/uploads\/2025\/11\/576452458_1536521157945064_7110704530744815982_n-1-1536x1025.jpg 1536w, http:\/\/ekonomik.opole.pl\/eko3\/wp-content\/uploads\/2025\/11\/576452458_1536521157945064_7110704530744815982_n-1-1360x908.jpg 1360w, http:\/\/ekonomik.opole.pl\/eko3\/wp-content\/uploads\/2025\/11\/576452458_1536521157945064_7110704530744815982_n-1-680x454.jpg 680w, http:\/\/ekonomik.opole.pl\/eko3\/wp-content\/uploads\/2025\/11\/576452458_1536521157945064_7110704530744815982_n-1.jpg 2048w\" sizes=\"(max-width: 1024px) 100vw, 1024px\" \/><\/a><\/figure><\/li><li class=\"blocks-gallery-item\"><figure><a href=\"https:\/\/ekonomik.opole.pl\/eko3\/wp-content\/uploads\/2025\/11\/576867090_1536520864611760_5203303987151374378_n-1.jpg\"><img loading=\"lazy\" width=\"1024\" height=\"683\" src=\"https:\/\/ekonomik.opole.pl\/eko3\/wp-content\/uploads\/2025\/11\/576867090_1536520864611760_5203303987151374378_n-1-1024x683.jpg\" alt=\"\" data-id=\"998425\" data-full-url=\"https:\/\/ekonomik.opole.pl\/eko3\/wp-content\/uploads\/2025\/11\/576867090_1536520864611760_5203303987151374378_n-1.jpg\" data-link=\"https:\/\/ekonomik.opole.pl\/eko3\/?attachment_id=998425\" class=\"wp-image-998425\" srcset=\"http:\/\/ekonomik.opole.pl\/eko3\/wp-content\/uploads\/2025\/11\/576867090_1536520864611760_5203303987151374378_n-1-1024x683.jpg 1024w, http:\/\/ekonomik.opole.pl\/eko3\/wp-content\/uploads\/2025\/11\/576867090_1536520864611760_5203303987151374378_n-1-300x200.jpg 300w, http:\/\/ekonomik.opole.pl\/eko3\/wp-content\/uploads\/2025\/11\/576867090_1536520864611760_5203303987151374378_n-1-768x512.jpg 768w, http:\/\/ekonomik.opole.pl\/eko3\/wp-content\/uploads\/2025\/11\/576867090_1536520864611760_5203303987151374378_n-1-1536x1024.jpg 1536w, http:\/\/ekonomik.opole.pl\/eko3\/wp-content\/uploads\/2025\/11\/576867090_1536520864611760_5203303987151374378_n-1-1360x906.jpg 1360w, http:\/\/ekonomik.opole.pl\/eko3\/wp-content\/uploads\/2025\/11\/576867090_1536520864611760_5203303987151374378_n-1-680x453.jpg 680w, http:\/\/ekonomik.opole.pl\/eko3\/wp-content\/uploads\/2025\/11\/576867090_1536520864611760_5203303987151374378_n-1.jpg 2048w\" sizes=\"(max-width: 1024px) 100vw, 1024px\" \/><\/a><\/figure><\/li><li class=\"blocks-gallery-item\"><figure><a href=\"https:\/\/ekonomik.opole.pl\/eko3\/wp-content\/uploads\/2025\/11\/577036319_1536521501278363_672178922224350343_n-1.jpg\"><img loading=\"lazy\" width=\"1024\" height=\"684\" src=\"https:\/\/ekonomik.opole.pl\/eko3\/wp-content\/uploads\/2025\/11\/577036319_1536521501278363_672178922224350343_n-1-1024x684.jpg\" alt=\"\" data-id=\"998426\" data-full-url=\"https:\/\/ekonomik.opole.pl\/eko3\/wp-content\/uploads\/2025\/11\/577036319_1536521501278363_672178922224350343_n-1.jpg\" data-link=\"https:\/\/ekonomik.opole.pl\/eko3\/?attachment_id=998426\" class=\"wp-image-998426\" srcset=\"http:\/\/ekonomik.opole.pl\/eko3\/wp-content\/uploads\/2025\/11\/577036319_1536521501278363_672178922224350343_n-1-1024x684.jpg 1024w, http:\/\/ekonomik.opole.pl\/eko3\/wp-content\/uploads\/2025\/11\/577036319_1536521501278363_672178922224350343_n-1-300x200.jpg 300w, http:\/\/ekonomik.opole.pl\/eko3\/wp-content\/uploads\/2025\/11\/577036319_1536521501278363_672178922224350343_n-1-768x513.jpg 768w, http:\/\/ekonomik.opole.pl\/eko3\/wp-content\/uploads\/2025\/11\/577036319_1536521501278363_672178922224350343_n-1-1536x1025.jpg 1536w, http:\/\/ekonomik.opole.pl\/eko3\/wp-content\/uploads\/2025\/11\/577036319_1536521501278363_672178922224350343_n-1-1360x908.jpg 1360w, http:\/\/ekonomik.opole.pl\/eko3\/wp-content\/uploads\/2025\/11\/577036319_1536521501278363_672178922224350343_n-1-680x454.jpg 680w, http:\/\/ekonomik.opole.pl\/eko3\/wp-content\/uploads\/2025\/11\/577036319_1536521501278363_672178922224350343_n-1.jpg 2048w\" sizes=\"(max-width: 1024px) 100vw, 1024px\" \/><\/a><\/figure><\/li><li class=\"blocks-gallery-item\"><figure><a href=\"https:\/\/ekonomik.opole.pl\/eko3\/wp-content\/uploads\/2025\/11\/577055339_1536521327945047_5774729649130579337_n-1.jpg\"><img loading=\"lazy\" width=\"1024\" height=\"683\" src=\"https:\/\/ekonomik.opole.pl\/eko3\/wp-content\/uploads\/2025\/11\/577055339_1536521327945047_5774729649130579337_n-1-1024x683.jpg\" alt=\"\" data-id=\"998427\" data-full-url=\"https:\/\/ekonomik.opole.pl\/eko3\/wp-content\/uploads\/2025\/11\/577055339_1536521327945047_5774729649130579337_n-1.jpg\" data-link=\"https:\/\/ekonomik.opole.pl\/eko3\/?attachment_id=998427\" class=\"wp-image-998427\" srcset=\"http:\/\/ekonomik.opole.pl\/eko3\/wp-content\/uploads\/2025\/11\/577055339_1536521327945047_5774729649130579337_n-1-1024x683.jpg 1024w, http:\/\/ekonomik.opole.pl\/eko3\/wp-content\/uploads\/2025\/11\/577055339_1536521327945047_5774729649130579337_n-1-300x200.jpg 300w, http:\/\/ekonomik.opole.pl\/eko3\/wp-content\/uploads\/2025\/11\/577055339_1536521327945047_5774729649130579337_n-1-768x512.jpg 768w, http:\/\/ekonomik.opole.pl\/eko3\/wp-content\/uploads\/2025\/11\/577055339_1536521327945047_5774729649130579337_n-1-1536x1024.jpg 1536w, http:\/\/ekonomik.opole.pl\/eko3\/wp-content\/uploads\/2025\/11\/577055339_1536521327945047_5774729649130579337_n-1-1360x906.jpg 1360w, http:\/\/ekonomik.opole.pl\/eko3\/wp-content\/uploads\/2025\/11\/577055339_1536521327945047_5774729649130579337_n-1-680x453.jpg 680w, http:\/\/ekonomik.opole.pl\/eko3\/wp-content\/uploads\/2025\/11\/577055339_1536521327945047_5774729649130579337_n-1.jpg 2048w\" sizes=\"(max-width: 1024px) 100vw, 1024px\" \/><\/a><\/figure><\/li><\/ul><\/figure>\n<\/div><!-- .vgblk-rw-wrapper -->","protected":false},"excerpt":{"rendered":"<p>Obchody Narodowego \u015awi\u0119ta Niepodleg\u0142o\u015bci rozpocz\u0119li\u015bmy 4 listopada -uroczysto\u015bci\u0105 b\u0119d\u0105c\u0105 fina\u0142em projektu obywatelskiego \u201eNiepodleg\u0142a dawniej i dzi\u015b\u201d &#8211; przygotowan\u0105 przez uczni\u00f3w klas trzecich. Klasa 3a zabra\u0142a Nas w podr\u00f3\u017c przez cztery momenty w historii Polski: od rozbior\u00f3w, poprzez powstania i legionowe zrywy, a\u017c po II wojn\u0119 \u015bwiatow\u0105. Byli\u015bmy \u015bwiadkami ods\u0142oni\u0119cia \u201eDrzewka Niepodleg\u0142o\u015bci\u201d, na kt\u00f3rego symbolicznych listkach&#8230;<\/p>\n","protected":false},"author":6,"featured_media":998415,"comment_status":"open","ping_status":"open","sticky":false,"template":"","format":"standard","meta":{"inline_featured_image":false},"categories":[208],"tags":[],"_links":{"self":[{"href":"http:\/\/ekonomik.opole.pl\/eko3\/wp-json\/wp\/v2\/posts\/998398"}],"collection":[{"href":"http:\/\/ekonomik.opole.pl\/eko3\/wp-json\/wp\/v2\/posts"}],"about":[{"href":"http:\/\/ekonomik.opole.pl\/eko3\/wp-json\/wp\/v2\/types\/post"}],"author":[{"embeddable":true,"href":"http:\/\/ekonomik.opole.pl\/eko3\/wp-json\/wp\/v2\/users\/6"}],"replies":[{"embeddable":true,"href":"http:\/\/ekonomik.opole.pl\/eko3\/wp-json\/wp\/v2\/comments?post=998398"}],"version-history":[{"count":1,"href":"http:\/\/ekonomik.opole.pl\/eko3\/wp-json\/wp\/v2\/posts\/998398\/revisions"}],"predecessor-version":[{"id":998428,"href":"http:\/\/ekonomik.opole.pl\/eko3\/wp-json\/wp\/v2\/posts\/998398\/revisions\/998428"}],"wp:featuredmedia":[{"embeddable":true,"href":"http:\/\/ekonomik.opole.pl\/eko3\/wp-json\/wp\/v2\/media\/998415"}],"wp:attachment":[{"href":"http:\/\/ekonomik.opole.pl\/eko3\/wp-json\/wp\/v2\/media?parent=998398"}],"wp:term":[{"taxonomy":"category","embeddable":true,"href":"http:\/\/ekonomik.opole.pl\/eko3\/wp-json\/wp\/v2\/categories?post=998398"},{"taxonomy":"post_tag","embeddable":true,"href":"http:\/\/ekonomik.opole.pl\/eko3\/wp-json\/wp\/v2\/tags?post=998398"}],"curies":[{"name":"wp","href":"https:\/\/api.w.org\/{rel}","templated":true}]}}