{"id":998442,"date":"2025-11-14T18:51:00","date_gmt":"2025-11-14T17:51:00","guid":{"rendered":"https:\/\/ekonomik.opole.pl\/eko3\/?p=998442"},"modified":"2025-11-16T18:58:58","modified_gmt":"2025-11-16T17:58:58","slug":"wydarzenie-wojewodzkie-parentsandteacherscamp","status":"publish","type":"post","link":"http:\/\/ekonomik.opole.pl\/eko3\/wydarzenie-wojewodzkie-parentsandteacherscamp\/","title":{"rendered":"Wydarzenie wojew\u00f3dzkie #ParentsANDTeachersCAMP"},"content":{"rendered":"<div class=\"vgblk-rw-wrapper limit-wrapper\">\n<p><a href=\"https:\/\/app.evenea.pl\/imprezy\/szkolenia\/45-372-opole\/wydarzenie-wojewodzkie-parentsandteacherscamp--wspolnie-porozmawiamy-o-tym-jak-wspierac-zdrowie-psychiczne-dzieci-i-mlodziezy-355683\/\">Wydarzenie wojew\u00f3dzkie #ParentsANDTeachersCAMP \/ Wsp\u00f3lnie porozmawiamy o tym, jak wspiera\u0107 zdrowie psychiczne dzieci i m\u0142odzie\u017cy<\/a>.<\/p>\n\n\n\n<p>Zapraszamy rodzic\u00f3w, nauczycieli, psycholog\u00f3w i pedagog\u00f3w szkolnych oraz profesjonalist\u00f3w pracuj\u0105cych z dzie\u0107mi i m\u0142odzie\u017c\u0105 do udzia\u0142u w wyj\u0105tkowym wydarzeniu ramach programu psychoedukacji #ZobaczEmocje, wsp\u00f3\u0142finansowanego ze \u015brodk\u00f3w Narodowego Programu Zdrowia 2021-2025, przekazanych przez Ministerstwo Edukacji Narodowej<\/p>\n\n\n\n<p>Dlaczego warto?<\/p>\n\n\n\n<h1>ParentsANDTeachersCAMP to wyj\u0105tkowe spotkanie dedykowane rodzicom i nauczycielom. Tworzymy przestrze\u0144 do dialogu, wymiany do\u015bwiadcze\u0144 i wsp\u00f3lnego budowania strategii wsparcia emocjonalnego dzieci i m\u0142odzie\u017cy. Wydarzenie ma na celu wzmacnianie wsp\u00f3\u0142pracy pomi\u0119dzy szko\u0142\u0105 a domem, to w tych dw\u00f3ch \u015brodowiskach kszta\u0142tuj\u0105 si\u0119 najwa\u017cniejsze kompetencje emocjonalne m\u0142odych ludzi.<\/h1>\n\n\n\n<p>Podczas wydarzenia:<br>&#8211; poznasz sze\u015b\u0107 kluczowych modu\u0142\u00f3w programu #ZobaczEmocje: Autentyczno\u015b\u0107, Zdrowie fizyczne, Obraz cia\u0142a, Postawy obywatelskie, Przedsi\u0119biorczo\u015b\u0107 i Finanse;<br>&#8211; dowiesz si\u0119, jak wspiera\u0107 dzieci i m\u0142odzie\u017c w rozwoju emocjonalnym i spo\u0142ecznym;<br>&#8211; zainspirujesz si\u0119 praktycznymi narz\u0119dziami, kt\u00f3re mo\u017cesz wykorzysta\u0107 w codziennym \u017cyciu i pracy;<br>&#8211; b\u0119dziesz mie\u0107 okazj\u0119 do rozm\u00f3w i nawi\u0105zania wsp\u00f3\u0142pracy z innymi rodzicami i nauczycielami z Twojego regionu.<\/p>\n\n\n\n<p>Data: 27.11.2025<br>Miejsce: Uniwersytet WSB Merito, ul. Augustyna Ko\u015bnego 72, 45-372 Opole<br>Godziny: 10:00 &#8211; 15:00<\/p>\n\n\n\n<p>Plan wydarzenia:<br>&#8211; Otwarcie i przywitanie uczestnik\u00f3w<br>&#8211; Wyk\u0142ad otwieraj\u0105cy eksperta<br>&#8211; Sesja modu\u0142owa &#8211; sze\u015b\u0107 blok\u00f3w tematycznych programu #ZobaczEmocje<br>&#8211; Wyk\u0142ad zamykaj\u0105cy i podsumowanie<\/p>\n\n\n\n<p>Ca\u0142o\u015b\u0107 wydarzenia trwa ok. 5 godzin i obejmuje r\u00f3wnie\u017c przerw\u0119 kawow\u0105 oraz przestrze\u0144 do rozm\u00f3w i integracji.<\/p>\n\n\n\n<p>&#8211; Udzia\u0142 w wydarzeniu jest bezp\u0142atny.<br>Serdecznie zapraszamy wszystkich rodzic\u00f3w, nauczycieli i pracownik\u00f3w o\u015bwiaty zainteresowanych wspieraniem emocjonalnego rozwoju dzieci i m\u0142odzie\u017cy<\/p>\n\n\n\n<p>Zarejestrowa\u0107 mo\u017cna si\u0119 poprzez stron\u0119:<\/p>\n\n\n\n<p class=\"has-luminous-vivid-orange-color has-text-color\"><a href=\"https:\/\/app.evenea.pl\/event\/zobaczemocje-opole\/\"><strong>https:\/\/app.evenea.pl\/event\/zobaczemocje-opole\/<\/strong><\/a><\/p>\n<\/div><!-- .vgblk-rw-wrapper -->","protected":false},"excerpt":{"rendered":"<p>Wydarzenie wojew\u00f3dzkie #ParentsANDTeachersCAMP \/ Wsp\u00f3lnie porozmawiamy o tym, jak wspiera\u0107 zdrowie psychiczne dzieci i m\u0142odzie\u017cy. Zapraszamy rodzic\u00f3w, nauczycieli, psycholog\u00f3w i pedagog\u00f3w szkolnych oraz profesjonalist\u00f3w pracuj\u0105cych z dzie\u0107mi i m\u0142odzie\u017c\u0105 do udzia\u0142u w wyj\u0105tkowym wydarzeniu ramach programu psychoedukacji #ZobaczEmocje, wsp\u00f3\u0142finansowanego ze \u015brodk\u00f3w Narodowego Programu Zdrowia 2021-2025, przekazanych przez Ministerstwo Edukacji Narodowej Dlaczego warto? ParentsANDTeachersCAMP to wyj\u0105tkowe&#8230;<\/p>\n","protected":false},"author":6,"featured_media":998443,"comment_status":"open","ping_status":"open","sticky":false,"template":"","format":"standard","meta":{"inline_featured_image":false},"categories":[322,208],"tags":[],"_links":{"self":[{"href":"http:\/\/ekonomik.opole.pl\/eko3\/wp-json\/wp\/v2\/posts\/998442"}],"collection":[{"href":"http:\/\/ekonomik.opole.pl\/eko3\/wp-json\/wp\/v2\/posts"}],"about":[{"href":"http:\/\/ekonomik.opole.pl\/eko3\/wp-json\/wp\/v2\/types\/post"}],"author":[{"embeddable":true,"href":"http:\/\/ekonomik.opole.pl\/eko3\/wp-json\/wp\/v2\/users\/6"}],"replies":[{"embeddable":true,"href":"http:\/\/ekonomik.opole.pl\/eko3\/wp-json\/wp\/v2\/comments?post=998442"}],"version-history":[{"count":1,"href":"http:\/\/ekonomik.opole.pl\/eko3\/wp-json\/wp\/v2\/posts\/998442\/revisions"}],"predecessor-version":[{"id":998444,"href":"http:\/\/ekonomik.opole.pl\/eko3\/wp-json\/wp\/v2\/posts\/998442\/revisions\/998444"}],"wp:featuredmedia":[{"embeddable":true,"href":"http:\/\/ekonomik.opole.pl\/eko3\/wp-json\/wp\/v2\/media\/998443"}],"wp:attachment":[{"href":"http:\/\/ekonomik.opole.pl\/eko3\/wp-json\/wp\/v2\/media?parent=998442"}],"wp:term":[{"taxonomy":"category","embeddable":true,"href":"http:\/\/ekonomik.opole.pl\/eko3\/wp-json\/wp\/v2\/categories?post=998442"},{"taxonomy":"post_tag","embeddable":true,"href":"http:\/\/ekonomik.opole.pl\/eko3\/wp-json\/wp\/v2\/tags?post=998442"}],"curies":[{"name":"wp","href":"https:\/\/api.w.org\/{rel}","templated":true}]}}