{"id":998522,"date":"2025-12-03T17:15:00","date_gmt":"2025-12-03T16:15:00","guid":{"rendered":"https:\/\/ekonomik.opole.pl\/eko3\/?p=998522"},"modified":"2025-12-03T22:31:45","modified_gmt":"2025-12-03T21:31:45","slug":"zmiana-terminu-warsztatow-przetestuj-swoj-zawod","status":"publish","type":"post","link":"http:\/\/ekonomik.opole.pl\/eko3\/zmiana-terminu-warsztatow-przetestuj-swoj-zawod\/","title":{"rendered":"Zmiana terminu warsztat\u00f3w &#8222;Przetestuj sw\u00f3j zaw\u00f3d&#8221;"},"content":{"rendered":"<div class=\"vgblk-rw-wrapper limit-wrapper\">\n<p>Drodzy uczniowie klas si\u00f3dmych i \u00f3smych klas podstawowych, warsztaty &#8222;Przetestuj sw\u00f3j zaw\u00f3d&#8221; odb\u0119d\u0105 si\u0119 w marcu 2026 roku, o szczeg\u00f3\u0142ach b\u0119dziemy informowa\u0107 niebawem.<\/p>\n\n\n\n<p>A ju\u017c teraz zach\u0119camy do zapoznania si\u0119 ze szczeg\u00f3\u0142ami dotycz\u0105ce warsztat\u00f3w w linku poni\u017cej:<\/p>\n\n\n\n<div class=\"wp-block-buttons\"><div class=\"vgblk-rw-wrapper limit-wrapper\">\n<div class=\"wp-block-button\"><a class=\"wp-block-button__link has-white-color has-luminous-vivid-orange-background-color has-text-color has-background\" href=\"https:\/\/ekonomik.opole.pl\/eko3\/warsztaty-2025\/\" target=\"_blank\" rel=\"noreferrer noopener\">WARSZTATY &#8222;PRZETESTUJ SW\u00d3J ZAW\u00d3D&#8221;<\/a><\/div>\n<\/div><!-- .vgblk-rw-wrapper --><\/div>\n<\/div><!-- .vgblk-rw-wrapper -->","protected":false},"excerpt":{"rendered":"<p>Drodzy uczniowie klas si\u00f3dmych i \u00f3smych klas podstawowych, warsztaty &#8222;Przetestuj sw\u00f3j zaw\u00f3d&#8221; odb\u0119d\u0105 si\u0119 w marcu 2026 roku, o szczeg\u00f3\u0142ach b\u0119dziemy informowa\u0107 niebawem. A ju\u017c teraz zach\u0119camy do zapoznania si\u0119 ze szczeg\u00f3\u0142ami dotycz\u0105ce warsztat\u00f3w w linku poni\u017cej:<\/p>\n","protected":false},"author":6,"featured_media":998523,"comment_status":"open","ping_status":"open","sticky":false,"template":"","format":"standard","meta":{"inline_featured_image":false},"categories":[322],"tags":[],"_links":{"self":[{"href":"http:\/\/ekonomik.opole.pl\/eko3\/wp-json\/wp\/v2\/posts\/998522"}],"collection":[{"href":"http:\/\/ekonomik.opole.pl\/eko3\/wp-json\/wp\/v2\/posts"}],"about":[{"href":"http:\/\/ekonomik.opole.pl\/eko3\/wp-json\/wp\/v2\/types\/post"}],"author":[{"embeddable":true,"href":"http:\/\/ekonomik.opole.pl\/eko3\/wp-json\/wp\/v2\/users\/6"}],"replies":[{"embeddable":true,"href":"http:\/\/ekonomik.opole.pl\/eko3\/wp-json\/wp\/v2\/comments?post=998522"}],"version-history":[{"count":1,"href":"http:\/\/ekonomik.opole.pl\/eko3\/wp-json\/wp\/v2\/posts\/998522\/revisions"}],"predecessor-version":[{"id":998524,"href":"http:\/\/ekonomik.opole.pl\/eko3\/wp-json\/wp\/v2\/posts\/998522\/revisions\/998524"}],"wp:featuredmedia":[{"embeddable":true,"href":"http:\/\/ekonomik.opole.pl\/eko3\/wp-json\/wp\/v2\/media\/998523"}],"wp:attachment":[{"href":"http:\/\/ekonomik.opole.pl\/eko3\/wp-json\/wp\/v2\/media?parent=998522"}],"wp:term":[{"taxonomy":"category","embeddable":true,"href":"http:\/\/ekonomik.opole.pl\/eko3\/wp-json\/wp\/v2\/categories?post=998522"},{"taxonomy":"post_tag","embeddable":true,"href":"http:\/\/ekonomik.opole.pl\/eko3\/wp-json\/wp\/v2\/tags?post=998522"}],"curies":[{"name":"wp","href":"https:\/\/api.w.org\/{rel}","templated":true}]}}