{"id":998537,"date":"2025-12-03T18:30:00","date_gmt":"2025-12-03T17:30:00","guid":{"rendered":"https:\/\/ekonomik.opole.pl\/eko3\/?p=998537"},"modified":"2025-12-03T22:31:20","modified_gmt":"2025-12-03T21:31:20","slug":"mateusz-janiszewski-stypendysta-prezesa-rady-ministrow","status":"publish","type":"post","link":"http:\/\/ekonomik.opole.pl\/eko3\/mateusz-janiszewski-stypendysta-prezesa-rady-ministrow\/","title":{"rendered":"Mateusz Janiszewski Stypendyst\u0105 Prezesa Rady Ministr\u00f3w"},"content":{"rendered":"<div class=\"vgblk-rw-wrapper limit-wrapper\">\n<p>Dzi\u015b odby\u0142a si\u0119 oficjalna uroczysto\u015b\u0107 wr\u0119czenia dyplom\u00f3w Stypendystom Prezesa Rady Ministr\u00f3w.<\/p>\n\n\n\n<p>W\u015br\u00f3d uhonorowanych znalaz\u0142 si\u0119 Mateusz Janiszewski &#8211; ucze\u0144 klasy 5F w zawodzie technik logistyk<\/p>\n\n\n\n<p>Dyplom w imieniu nagrodzonego odebra\u0142a mama, a towarzyszy\u0142 jej Pan Remigiusz Janik &#8211; wicedyrektor ZSEk.<\/p>\n<\/div><!-- .vgblk-rw-wrapper -->","protected":false},"excerpt":{"rendered":"<p>Dzi\u015b odby\u0142a si\u0119 oficjalna uroczysto\u015b\u0107 wr\u0119czenia dyplom\u00f3w Stypendystom Prezesa Rady Ministr\u00f3w. W\u015br\u00f3d uhonorowanych znalaz\u0142 si\u0119 Mateusz Janiszewski &#8211; ucze\u0144 klasy 5F w zawodzie technik logistyk Dyplom w imieniu nagrodzonego odebra\u0142a mama, a towarzyszy\u0142 jej Pan Remigiusz Janik &#8211; wicedyrektor ZSEk.<\/p>\n","protected":false},"author":6,"featured_media":998538,"comment_status":"open","ping_status":"open","sticky":false,"template":"","format":"standard","meta":{"inline_featured_image":false},"categories":[186],"tags":[],"_links":{"self":[{"href":"http:\/\/ekonomik.opole.pl\/eko3\/wp-json\/wp\/v2\/posts\/998537"}],"collection":[{"href":"http:\/\/ekonomik.opole.pl\/eko3\/wp-json\/wp\/v2\/posts"}],"about":[{"href":"http:\/\/ekonomik.opole.pl\/eko3\/wp-json\/wp\/v2\/types\/post"}],"author":[{"embeddable":true,"href":"http:\/\/ekonomik.opole.pl\/eko3\/wp-json\/wp\/v2\/users\/6"}],"replies":[{"embeddable":true,"href":"http:\/\/ekonomik.opole.pl\/eko3\/wp-json\/wp\/v2\/comments?post=998537"}],"version-history":[{"count":1,"href":"http:\/\/ekonomik.opole.pl\/eko3\/wp-json\/wp\/v2\/posts\/998537\/revisions"}],"predecessor-version":[{"id":998539,"href":"http:\/\/ekonomik.opole.pl\/eko3\/wp-json\/wp\/v2\/posts\/998537\/revisions\/998539"}],"wp:featuredmedia":[{"embeddable":true,"href":"http:\/\/ekonomik.opole.pl\/eko3\/wp-json\/wp\/v2\/media\/998538"}],"wp:attachment":[{"href":"http:\/\/ekonomik.opole.pl\/eko3\/wp-json\/wp\/v2\/media?parent=998537"}],"wp:term":[{"taxonomy":"category","embeddable":true,"href":"http:\/\/ekonomik.opole.pl\/eko3\/wp-json\/wp\/v2\/categories?post=998537"},{"taxonomy":"post_tag","embeddable":true,"href":"http:\/\/ekonomik.opole.pl\/eko3\/wp-json\/wp\/v2\/tags?post=998537"}],"curies":[{"name":"wp","href":"https:\/\/api.w.org\/{rel}","templated":true}]}}