{"id":998579,"date":"2025-12-11T14:45:00","date_gmt":"2025-12-11T13:45:00","guid":{"rendered":"https:\/\/ekonomik.opole.pl\/eko3\/?p=998579"},"modified":"2025-12-12T00:24:26","modified_gmt":"2025-12-11T23:24:26","slug":"mateusz-i-patryk-w-finale-olimpiady-logistycznej","status":"publish","type":"post","link":"http:\/\/ekonomik.opole.pl\/eko3\/mateusz-i-patryk-w-finale-olimpiady-logistycznej\/","title":{"rendered":"Mateusz i Patryk w finale Olimpiady Logistycznej"},"content":{"rendered":"<div class=\"vgblk-rw-wrapper limit-wrapper\">\n<p>Mateusz Janiszewski (klasa 5f) i Patryk Andrzejewski (klasa 4D), kt\u00f3rzy w pi\u0105tek 5 grudnia 2025 r, wzi\u0119li udzia\u0142 w etapie okr\u0119gowym Og\u00f3lnopolskiej Olimpiady logistycznej organizowanej przez Mi\u0119dzynarodow\u0105 Wy\u017csz\u0105 Szko\u0142\u0119 Logistyki i Transportu we Wroc\u0142awiu, dosta\u0142o si\u0119 do fina\u0142u!<br><\/p>\n\n\n\n<p>Etap centralny odb\u0119dzie si\u0119 27 lutego 2026 r. we Wroc\u0142awiu.<br><\/p>\n\n\n\n<p>Gratulujemy!<\/p>\n<\/div><!-- .vgblk-rw-wrapper -->","protected":false},"excerpt":{"rendered":"<p>Mateusz Janiszewski (klasa 5f) i Patryk Andrzejewski (klasa 4D), kt\u00f3rzy w pi\u0105tek 5 grudnia 2025 r, wzi\u0119li udzia\u0142 w etapie okr\u0119gowym Og\u00f3lnopolskiej Olimpiady logistycznej organizowanej przez Mi\u0119dzynarodow\u0105 Wy\u017csz\u0105 Szko\u0142\u0119 Logistyki i Transportu we Wroc\u0142awiu, dosta\u0142o si\u0119 do fina\u0142u! Etap centralny odb\u0119dzie si\u0119 27 lutego 2026 r. we Wroc\u0142awiu. Gratulujemy!<\/p>\n","protected":false},"author":6,"featured_media":998580,"comment_status":"open","ping_status":"open","sticky":false,"template":"","format":"standard","meta":{"inline_featured_image":false},"categories":[186],"tags":[],"_links":{"self":[{"href":"http:\/\/ekonomik.opole.pl\/eko3\/wp-json\/wp\/v2\/posts\/998579"}],"collection":[{"href":"http:\/\/ekonomik.opole.pl\/eko3\/wp-json\/wp\/v2\/posts"}],"about":[{"href":"http:\/\/ekonomik.opole.pl\/eko3\/wp-json\/wp\/v2\/types\/post"}],"author":[{"embeddable":true,"href":"http:\/\/ekonomik.opole.pl\/eko3\/wp-json\/wp\/v2\/users\/6"}],"replies":[{"embeddable":true,"href":"http:\/\/ekonomik.opole.pl\/eko3\/wp-json\/wp\/v2\/comments?post=998579"}],"version-history":[{"count":1,"href":"http:\/\/ekonomik.opole.pl\/eko3\/wp-json\/wp\/v2\/posts\/998579\/revisions"}],"predecessor-version":[{"id":998581,"href":"http:\/\/ekonomik.opole.pl\/eko3\/wp-json\/wp\/v2\/posts\/998579\/revisions\/998581"}],"wp:featuredmedia":[{"embeddable":true,"href":"http:\/\/ekonomik.opole.pl\/eko3\/wp-json\/wp\/v2\/media\/998580"}],"wp:attachment":[{"href":"http:\/\/ekonomik.opole.pl\/eko3\/wp-json\/wp\/v2\/media?parent=998579"}],"wp:term":[{"taxonomy":"category","embeddable":true,"href":"http:\/\/ekonomik.opole.pl\/eko3\/wp-json\/wp\/v2\/categories?post=998579"},{"taxonomy":"post_tag","embeddable":true,"href":"http:\/\/ekonomik.opole.pl\/eko3\/wp-json\/wp\/v2\/tags?post=998579"}],"curies":[{"name":"wp","href":"https:\/\/api.w.org\/{rel}","templated":true}]}}