{"id":998583,"date":"2025-12-12T16:40:00","date_gmt":"2025-12-12T15:40:00","guid":{"rendered":"https:\/\/ekonomik.opole.pl\/eko3\/?p=998583"},"modified":"2025-12-15T10:42:32","modified_gmt":"2025-12-15T09:42:32","slug":"dobro-wraca","status":"publish","type":"post","link":"http:\/\/ekonomik.opole.pl\/eko3\/dobro-wraca\/","title":{"rendered":"Dobro wraca"},"content":{"rendered":"<div class=\"vgblk-rw-wrapper limit-wrapper\">\n<p>Uczennice &#8211; Grupy W &#8211; wraz z opiekunkami \u2013 p. Ann\u0105 Kornek oraz p. Izabel\u0105 Tkocz \u2013 odwiedzi\u0142y Zak\u0142ad Opieku\u0144czo-Leczniczy dla Dzieci i M\u0142odzie\u017cy w Ozimku.<\/p>\n\n\n\n<p>Celem wizyty by\u0142o przekazanie \u015brodk\u00f3w higienicznych, zakupionych dzi\u0119ki mini grantowi, a tak\u017ce z funduszy pozyskanych podczas kiermaszu dobroci, kt\u00f3ry r\u00f3wnie\u017c zosta\u0142 zrealizowany w ramach mini grantu.<\/p>\n\n\n\n<p>\u201ePodczas pobytu mia\u0142y\u015bmy okazj\u0119 zwiedzi\u0107 oddzia\u0142, pozna\u0107 realia pracy personelu oraz codziennego \u017cycia ma\u0142ych pacjent\u00f3w. By\u0142o to niezwykle poruszaj\u0105ce i warto\u015bciowe do\u015bwiadczenie, kt\u00f3re pozwoli\u0142o nam spojrze\u0107 na opiek\u0119, empati\u0119 i pomoc drugiemu cz\u0142owiekowi z zupe\u0142nie innej perspektywy\u201d &#8211; komentuje pani Tkocz. <\/p>\n\n\n\n<p>Dzi\u0119kujemy za ciep\u0142e przyj\u0119cie i mo\u017cliwo\u015b\u0107 tej wyj\u0105tkowej wizyty.<\/p>\n\n\n\n<p>Takie spotkania ucz\u0105 wi\u0119cej ni\u017c niejedna lekcja.<\/p>\n\n\n\n<p>Dzia\u0142anie wsp\u00f3\u0142finansowane przez Korpus Solidarno\u015bci<\/p>\n\n\n\n<figure class=\"wp-block-gallery columns-2 is-cropped\"><ul class=\"blocks-gallery-grid\"><li class=\"blocks-gallery-item\"><figure><a href=\"http:\/\/ekonomik.opole.pl\/eko3\/wp-content\/uploads\/2025\/12\/595669391_1569763834620796_1210751620259230647_n.jpg\"><img loading=\"lazy\" width=\"840\" height=\"631\" src=\"http:\/\/ekonomik.opole.pl\/eko3\/wp-content\/uploads\/2025\/12\/595669391_1569763834620796_1210751620259230647_n.jpg\" alt=\"\" data-id=\"998584\" data-full-url=\"http:\/\/ekonomik.opole.pl\/eko3\/wp-content\/uploads\/2025\/12\/595669391_1569763834620796_1210751620259230647_n.jpg\" data-link=\"https:\/\/ekonomik.opole.pl\/eko3\/?attachment_id=998584\" class=\"wp-image-998584\" srcset=\"http:\/\/ekonomik.opole.pl\/eko3\/wp-content\/uploads\/2025\/12\/595669391_1569763834620796_1210751620259230647_n.jpg 840w, http:\/\/ekonomik.opole.pl\/eko3\/wp-content\/uploads\/2025\/12\/595669391_1569763834620796_1210751620259230647_n-300x225.jpg 300w, http:\/\/ekonomik.opole.pl\/eko3\/wp-content\/uploads\/2025\/12\/595669391_1569763834620796_1210751620259230647_n-768x577.jpg 768w, http:\/\/ekonomik.opole.pl\/eko3\/wp-content\/uploads\/2025\/12\/595669391_1569763834620796_1210751620259230647_n-680x511.jpg 680w\" sizes=\"(max-width: 840px) 100vw, 840px\" \/><\/a><\/figure><\/li><li class=\"blocks-gallery-item\"><figure><a href=\"http:\/\/ekonomik.opole.pl\/eko3\/wp-content\/uploads\/2025\/12\/598948474_1569763841287462_6781583715717616411_n.jpg\"><img loading=\"lazy\" width=\"840\" height=\"630\" src=\"http:\/\/ekonomik.opole.pl\/eko3\/wp-content\/uploads\/2025\/12\/598948474_1569763841287462_6781583715717616411_n.jpg\" alt=\"\" data-id=\"998586\" data-full-url=\"http:\/\/ekonomik.opole.pl\/eko3\/wp-content\/uploads\/2025\/12\/598948474_1569763841287462_6781583715717616411_n.jpg\" data-link=\"https:\/\/ekonomik.opole.pl\/eko3\/?attachment_id=998586\" class=\"wp-image-998586\" srcset=\"http:\/\/ekonomik.opole.pl\/eko3\/wp-content\/uploads\/2025\/12\/598948474_1569763841287462_6781583715717616411_n.jpg 840w, http:\/\/ekonomik.opole.pl\/eko3\/wp-content\/uploads\/2025\/12\/598948474_1569763841287462_6781583715717616411_n-300x225.jpg 300w, http:\/\/ekonomik.opole.pl\/eko3\/wp-content\/uploads\/2025\/12\/598948474_1569763841287462_6781583715717616411_n-768x576.jpg 768w, http:\/\/ekonomik.opole.pl\/eko3\/wp-content\/uploads\/2025\/12\/598948474_1569763841287462_6781583715717616411_n-680x510.jpg 680w\" sizes=\"(max-width: 840px) 100vw, 840px\" \/><\/a><\/figure><\/li><\/ul><\/figure>\n<\/div><!-- .vgblk-rw-wrapper -->","protected":false},"excerpt":{"rendered":"<p>Uczennice &#8211; Grupy W &#8211; wraz z opiekunkami \u2013 p. Ann\u0105 Kornek oraz p. Izabel\u0105 Tkocz \u2013 odwiedzi\u0142y Zak\u0142ad Opieku\u0144czo-Leczniczy dla Dzieci i M\u0142odzie\u017cy w Ozimku. Celem wizyty by\u0142o przekazanie \u015brodk\u00f3w higienicznych, zakupionych dzi\u0119ki mini grantowi, a tak\u017ce z funduszy pozyskanych podczas kiermaszu dobroci, kt\u00f3ry r\u00f3wnie\u017c zosta\u0142 zrealizowany w ramach mini grantu. \u201ePodczas pobytu mia\u0142y\u015bmy&#8230;<\/p>\n","protected":false},"author":6,"featured_media":998585,"comment_status":"open","ping_status":"open","sticky":false,"template":"","format":"standard","meta":{"inline_featured_image":false},"categories":[296],"tags":[],"_links":{"self":[{"href":"http:\/\/ekonomik.opole.pl\/eko3\/wp-json\/wp\/v2\/posts\/998583"}],"collection":[{"href":"http:\/\/ekonomik.opole.pl\/eko3\/wp-json\/wp\/v2\/posts"}],"about":[{"href":"http:\/\/ekonomik.opole.pl\/eko3\/wp-json\/wp\/v2\/types\/post"}],"author":[{"embeddable":true,"href":"http:\/\/ekonomik.opole.pl\/eko3\/wp-json\/wp\/v2\/users\/6"}],"replies":[{"embeddable":true,"href":"http:\/\/ekonomik.opole.pl\/eko3\/wp-json\/wp\/v2\/comments?post=998583"}],"version-history":[{"count":1,"href":"http:\/\/ekonomik.opole.pl\/eko3\/wp-json\/wp\/v2\/posts\/998583\/revisions"}],"predecessor-version":[{"id":998587,"href":"http:\/\/ekonomik.opole.pl\/eko3\/wp-json\/wp\/v2\/posts\/998583\/revisions\/998587"}],"wp:featuredmedia":[{"embeddable":true,"href":"http:\/\/ekonomik.opole.pl\/eko3\/wp-json\/wp\/v2\/media\/998585"}],"wp:attachment":[{"href":"http:\/\/ekonomik.opole.pl\/eko3\/wp-json\/wp\/v2\/media?parent=998583"}],"wp:term":[{"taxonomy":"category","embeddable":true,"href":"http:\/\/ekonomik.opole.pl\/eko3\/wp-json\/wp\/v2\/categories?post=998583"},{"taxonomy":"post_tag","embeddable":true,"href":"http:\/\/ekonomik.opole.pl\/eko3\/wp-json\/wp\/v2\/tags?post=998583"}],"curies":[{"name":"wp","href":"https:\/\/api.w.org\/{rel}","templated":true}]}}