{"id":998595,"date":"2025-12-12T17:55:00","date_gmt":"2025-12-12T16:55:00","guid":{"rendered":"https:\/\/ekonomik.opole.pl\/eko3\/?p=998595"},"modified":"2025-12-17T11:42:07","modified_gmt":"2025-12-17T10:42:07","slug":"wielki-sukces-uczniow-technikum-rachunkowosci-i-technikum-ekonomicznego","status":"publish","type":"post","link":"http:\/\/ekonomik.opole.pl\/eko3\/wielki-sukces-uczniow-technikum-rachunkowosci-i-technikum-ekonomicznego\/","title":{"rendered":"Wielki sukces uczni\u00f3w technikum rachunkowo\u015bci i technikum ekonomicznego!"},"content":{"rendered":"<div class=\"vgblk-rw-wrapper limit-wrapper\">\n<p>Z ogromn\u0105 dum\u0105 informujemy o znakomitych osi\u0105gni\u0119ciach uczni\u00f3w naszej szko\u0142y w XI Olimpiadzie Wiedzy i Umiej\u0119tno\u015bci Mened\u017cerskich.&nbsp;&nbsp;<\/p>\n\n\n\n<p>W gronie laureat\u00f3w i finalist\u00f3w znale\u017ali si\u0119:<br><strong>Kamil Gotwald z kl. 4b technikum rachunkowo\u015bci&nbsp; &#8211; Laureat II miejsca w kraju<\/strong><br><strong>Wiktoria Tischbierek z kl. 4b technikum rachunkowo\u015bci&nbsp; &#8211; Finalista<\/strong><br><strong>Grzegorz Przyby\u0142 z kl. 4b technikum rachunkowo\u015bci &#8211; Finalista<\/strong><br><strong>Paulina Piwowarczyk z kl. 5c technikum rachunkowo\u015bci&nbsp; &#8211; Finalista<\/strong><br><strong>Igor Mazur z kl. 3d technikum rachunkowo\u015bci&nbsp; &#8211; Finalista<\/strong><br><strong>Tomasz Dobosz z kl. 4c technikum ekonomicznego &#8211; Finalista<\/strong><\/p>\n\n\n\n<p>Fina\u0142 olimpiady odby\u0142 w dniach 11-12 grudnia 2025 r. w Poznaniu. Spo\u015br\u00f3d 62 finalist\u00f3w z ca\u0142ej Polski a\u017c 6 reprezentowa\u0142o nasz\u0105 szko\u0142\u0119, co stanowi wyj\u0105tkowe osi\u0105gni\u0119cie. Dodatkowo w kwalifikacji grupowej nasza szko\u0142a zaj\u0119\u0142a II miejsce w kraju.&nbsp;<\/p>\n\n\n\n<p>Do olimpiady uczni\u00f3w przygotowywa\u0142y nauczycielki: Anna Suchi\u0144ska i Katarzyna Romanowska oraz wspomagaj\u0105co, zesz\u0142oroczny absolwent technikum rachunkowo\u015bci &#8211; Laureat III miejsca poprzedniej edycji tej olimpiady, obecnie student pierwszego roku Uniwersytetu Ekonomicznego we Wroc\u0142awiu &#8211; Bartosz Drobisz<\/p>\n\n\n\n<p>Serdecznie gratulujemy wspania\u0142ych wynik\u00f3w oraz \u017cyczymy dalszych sukces\u00f3w!<\/p>\n\n\n\n<figure class=\"wp-block-gallery columns-3 is-cropped\"><ul class=\"blocks-gallery-grid\"><li class=\"blocks-gallery-item\"><figure><a href=\"http:\/\/ekonomik.opole.pl\/eko3\/wp-content\/uploads\/2025\/12\/22b47c76-f863-4164-85b9-0cede8222b33.jpg\"><img loading=\"lazy\" width=\"1024\" height=\"771\" src=\"http:\/\/ekonomik.opole.pl\/eko3\/wp-content\/uploads\/2025\/12\/22b47c76-f863-4164-85b9-0cede8222b33-1024x771.jpg\" alt=\"\" data-id=\"998601\" data-full-url=\"http:\/\/ekonomik.opole.pl\/eko3\/wp-content\/uploads\/2025\/12\/22b47c76-f863-4164-85b9-0cede8222b33.jpg\" data-link=\"https:\/\/ekonomik.opole.pl\/eko3\/wielki-sukces-uczniow-technikum-rachunkowosci-i-technikum-ekonomicznego\/22b47c76-f863-4164-85b9-0cede8222b33\/\" class=\"wp-image-998601\" srcset=\"http:\/\/ekonomik.opole.pl\/eko3\/wp-content\/uploads\/2025\/12\/22b47c76-f863-4164-85b9-0cede8222b33-1024x771.jpg 1024w, http:\/\/ekonomik.opole.pl\/eko3\/wp-content\/uploads\/2025\/12\/22b47c76-f863-4164-85b9-0cede8222b33-300x226.jpg 300w, http:\/\/ekonomik.opole.pl\/eko3\/wp-content\/uploads\/2025\/12\/22b47c76-f863-4164-85b9-0cede8222b33-768x578.jpg 768w, http:\/\/ekonomik.opole.pl\/eko3\/wp-content\/uploads\/2025\/12\/22b47c76-f863-4164-85b9-0cede8222b33-1536x1157.jpg 1536w, http:\/\/ekonomik.opole.pl\/eko3\/wp-content\/uploads\/2025\/12\/22b47c76-f863-4164-85b9-0cede8222b33-1360x1024.jpg 1360w, http:\/\/ekonomik.opole.pl\/eko3\/wp-content\/uploads\/2025\/12\/22b47c76-f863-4164-85b9-0cede8222b33-680x512.jpg 680w, http:\/\/ekonomik.opole.pl\/eko3\/wp-content\/uploads\/2025\/12\/22b47c76-f863-4164-85b9-0cede8222b33.jpg 2040w\" sizes=\"(max-width: 1024px) 100vw, 1024px\" \/><\/a><\/figure><\/li><li class=\"blocks-gallery-item\"><figure><a href=\"http:\/\/ekonomik.opole.pl\/eko3\/wp-content\/uploads\/2025\/12\/1267234c-69d4-4977-b353-eec66e87cd5d.jpg\"><img loading=\"lazy\" width=\"1024\" height=\"820\" src=\"http:\/\/ekonomik.opole.pl\/eko3\/wp-content\/uploads\/2025\/12\/1267234c-69d4-4977-b353-eec66e87cd5d-1024x820.jpg\" alt=\"\" data-id=\"998597\" data-full-url=\"http:\/\/ekonomik.opole.pl\/eko3\/wp-content\/uploads\/2025\/12\/1267234c-69d4-4977-b353-eec66e87cd5d.jpg\" data-link=\"https:\/\/ekonomik.opole.pl\/eko3\/wielki-sukces-uczniow-technikum-rachunkowosci-i-technikum-ekonomicznego\/1267234c-69d4-4977-b353-eec66e87cd5d\/\" class=\"wp-image-998597\" srcset=\"http:\/\/ekonomik.opole.pl\/eko3\/wp-content\/uploads\/2025\/12\/1267234c-69d4-4977-b353-eec66e87cd5d-1024x820.jpg 1024w, http:\/\/ekonomik.opole.pl\/eko3\/wp-content\/uploads\/2025\/12\/1267234c-69d4-4977-b353-eec66e87cd5d-300x240.jpg 300w, http:\/\/ekonomik.opole.pl\/eko3\/wp-content\/uploads\/2025\/12\/1267234c-69d4-4977-b353-eec66e87cd5d-768x615.jpg 768w, http:\/\/ekonomik.opole.pl\/eko3\/wp-content\/uploads\/2025\/12\/1267234c-69d4-4977-b353-eec66e87cd5d-1536x1231.jpg 1536w, http:\/\/ekonomik.opole.pl\/eko3\/wp-content\/uploads\/2025\/12\/1267234c-69d4-4977-b353-eec66e87cd5d-1360x1090.jpg 1360w, http:\/\/ekonomik.opole.pl\/eko3\/wp-content\/uploads\/2025\/12\/1267234c-69d4-4977-b353-eec66e87cd5d-680x545.jpg 680w, http:\/\/ekonomik.opole.pl\/eko3\/wp-content\/uploads\/2025\/12\/1267234c-69d4-4977-b353-eec66e87cd5d.jpg 1599w\" sizes=\"(max-width: 1024px) 100vw, 1024px\" \/><\/a><\/figure><\/li><li class=\"blocks-gallery-item\"><figure><a href=\"http:\/\/ekonomik.opole.pl\/eko3\/wp-content\/uploads\/2025\/12\/WhatsApp-Image-2025-12-16-at-12.33.11.jpeg\"><img loading=\"lazy\" width=\"1024\" height=\"768\" src=\"http:\/\/ekonomik.opole.pl\/eko3\/wp-content\/uploads\/2025\/12\/WhatsApp-Image-2025-12-16-at-12.33.11-1024x768.jpeg\" alt=\"\" data-id=\"998604\" data-full-url=\"http:\/\/ekonomik.opole.pl\/eko3\/wp-content\/uploads\/2025\/12\/WhatsApp-Image-2025-12-16-at-12.33.11.jpeg\" data-link=\"https:\/\/ekonomik.opole.pl\/eko3\/wielki-sukces-uczniow-technikum-rachunkowosci-i-technikum-ekonomicznego\/whatsapp-image-2025-12-16-at-12-33-11\/\" class=\"wp-image-998604\" srcset=\"http:\/\/ekonomik.opole.pl\/eko3\/wp-content\/uploads\/2025\/12\/WhatsApp-Image-2025-12-16-at-12.33.11-1024x768.jpeg 1024w, http:\/\/ekonomik.opole.pl\/eko3\/wp-content\/uploads\/2025\/12\/WhatsApp-Image-2025-12-16-at-12.33.11-300x225.jpeg 300w, http:\/\/ekonomik.opole.pl\/eko3\/wp-content\/uploads\/2025\/12\/WhatsApp-Image-2025-12-16-at-12.33.11-768x576.jpeg 768w, http:\/\/ekonomik.opole.pl\/eko3\/wp-content\/uploads\/2025\/12\/WhatsApp-Image-2025-12-16-at-12.33.11-1536x1152.jpeg 1536w, http:\/\/ekonomik.opole.pl\/eko3\/wp-content\/uploads\/2025\/12\/WhatsApp-Image-2025-12-16-at-12.33.11-1360x1020.jpeg 1360w, http:\/\/ekonomik.opole.pl\/eko3\/wp-content\/uploads\/2025\/12\/WhatsApp-Image-2025-12-16-at-12.33.11-680x510.jpeg 680w, http:\/\/ekonomik.opole.pl\/eko3\/wp-content\/uploads\/2025\/12\/WhatsApp-Image-2025-12-16-at-12.33.11.jpeg 1600w\" sizes=\"(max-width: 1024px) 100vw, 1024px\" \/><\/a><\/figure><\/li><li class=\"blocks-gallery-item\"><figure><a href=\"http:\/\/ekonomik.opole.pl\/eko3\/wp-content\/uploads\/2025\/12\/IMG_4331-scaled.jpg\"><img loading=\"lazy\" width=\"1024\" height=\"768\" src=\"http:\/\/ekonomik.opole.pl\/eko3\/wp-content\/uploads\/2025\/12\/IMG_4331-1024x768.jpg\" alt=\"\" data-id=\"998599\" data-full-url=\"http:\/\/ekonomik.opole.pl\/eko3\/wp-content\/uploads\/2025\/12\/IMG_4331-scaled.jpg\" data-link=\"https:\/\/ekonomik.opole.pl\/eko3\/wielki-sukces-uczniow-technikum-rachunkowosci-i-technikum-ekonomicznego\/img_4331\/\" class=\"wp-image-998599\" srcset=\"http:\/\/ekonomik.opole.pl\/eko3\/wp-content\/uploads\/2025\/12\/IMG_4331-1024x768.jpg 1024w, http:\/\/ekonomik.opole.pl\/eko3\/wp-content\/uploads\/2025\/12\/IMG_4331-300x225.jpg 300w, http:\/\/ekonomik.opole.pl\/eko3\/wp-content\/uploads\/2025\/12\/IMG_4331-768x576.jpg 768w, http:\/\/ekonomik.opole.pl\/eko3\/wp-content\/uploads\/2025\/12\/IMG_4331-1536x1152.jpg 1536w, http:\/\/ekonomik.opole.pl\/eko3\/wp-content\/uploads\/2025\/12\/IMG_4331-2048x1536.jpg 2048w, http:\/\/ekonomik.opole.pl\/eko3\/wp-content\/uploads\/2025\/12\/IMG_4331-1360x1020.jpg 1360w, http:\/\/ekonomik.opole.pl\/eko3\/wp-content\/uploads\/2025\/12\/IMG_4331-680x510.jpg 680w\" sizes=\"(max-width: 1024px) 100vw, 1024px\" \/><\/a><\/figure><\/li><li class=\"blocks-gallery-item\"><figure><a href=\"http:\/\/ekonomik.opole.pl\/eko3\/wp-content\/uploads\/2025\/12\/IMG_4334-scaled.jpg\"><img loading=\"lazy\" width=\"1024\" height=\"768\" src=\"http:\/\/ekonomik.opole.pl\/eko3\/wp-content\/uploads\/2025\/12\/IMG_4334-1024x768.jpg\" alt=\"\" data-id=\"998600\" data-full-url=\"http:\/\/ekonomik.opole.pl\/eko3\/wp-content\/uploads\/2025\/12\/IMG_4334-scaled.jpg\" data-link=\"https:\/\/ekonomik.opole.pl\/eko3\/wielki-sukces-uczniow-technikum-rachunkowosci-i-technikum-ekonomicznego\/img_4334\/\" class=\"wp-image-998600\" srcset=\"http:\/\/ekonomik.opole.pl\/eko3\/wp-content\/uploads\/2025\/12\/IMG_4334-1024x768.jpg 1024w, http:\/\/ekonomik.opole.pl\/eko3\/wp-content\/uploads\/2025\/12\/IMG_4334-300x225.jpg 300w, http:\/\/ekonomik.opole.pl\/eko3\/wp-content\/uploads\/2025\/12\/IMG_4334-768x576.jpg 768w, http:\/\/ekonomik.opole.pl\/eko3\/wp-content\/uploads\/2025\/12\/IMG_4334-1536x1152.jpg 1536w, http:\/\/ekonomik.opole.pl\/eko3\/wp-content\/uploads\/2025\/12\/IMG_4334-2048x1536.jpg 2048w, http:\/\/ekonomik.opole.pl\/eko3\/wp-content\/uploads\/2025\/12\/IMG_4334-1360x1020.jpg 1360w, http:\/\/ekonomik.opole.pl\/eko3\/wp-content\/uploads\/2025\/12\/IMG_4334-680x510.jpg 680w\" sizes=\"(max-width: 1024px) 100vw, 1024px\" \/><\/a><\/figure><\/li><li class=\"blocks-gallery-item\"><figure><a href=\"http:\/\/ekonomik.opole.pl\/eko3\/wp-content\/uploads\/2025\/12\/a417361b-67fb-4c03-a6d2-881886ce3e75.jpg\"><img loading=\"lazy\" width=\"909\" height=\"620\" src=\"http:\/\/ekonomik.opole.pl\/eko3\/wp-content\/uploads\/2025\/12\/a417361b-67fb-4c03-a6d2-881886ce3e75.jpg\" alt=\"\" data-id=\"998598\" data-full-url=\"http:\/\/ekonomik.opole.pl\/eko3\/wp-content\/uploads\/2025\/12\/a417361b-67fb-4c03-a6d2-881886ce3e75.jpg\" data-link=\"https:\/\/ekonomik.opole.pl\/eko3\/wielki-sukces-uczniow-technikum-rachunkowosci-i-technikum-ekonomicznego\/a417361b-67fb-4c03-a6d2-881886ce3e75\/\" class=\"wp-image-998598\" srcset=\"http:\/\/ekonomik.opole.pl\/eko3\/wp-content\/uploads\/2025\/12\/a417361b-67fb-4c03-a6d2-881886ce3e75.jpg 909w, http:\/\/ekonomik.opole.pl\/eko3\/wp-content\/uploads\/2025\/12\/a417361b-67fb-4c03-a6d2-881886ce3e75-300x205.jpg 300w, http:\/\/ekonomik.opole.pl\/eko3\/wp-content\/uploads\/2025\/12\/a417361b-67fb-4c03-a6d2-881886ce3e75-768x524.jpg 768w, http:\/\/ekonomik.opole.pl\/eko3\/wp-content\/uploads\/2025\/12\/a417361b-67fb-4c03-a6d2-881886ce3e75-680x464.jpg 680w\" sizes=\"(max-width: 909px) 100vw, 909px\" \/><\/a><\/figure><\/li><\/ul><\/figure>\n<\/div><!-- .vgblk-rw-wrapper -->","protected":false},"excerpt":{"rendered":"<p>Z ogromn\u0105 dum\u0105 informujemy o znakomitych osi\u0105gni\u0119ciach uczni\u00f3w naszej szko\u0142y w XI Olimpiadzie Wiedzy i Umiej\u0119tno\u015bci Mened\u017cerskich.&nbsp;&nbsp; W gronie laureat\u00f3w i finalist\u00f3w znale\u017ali si\u0119:Kamil Gotwald z kl. 4b technikum rachunkowo\u015bci&nbsp; &#8211; Laureat II miejsca w krajuWiktoria Tischbierek z kl. 4b technikum rachunkowo\u015bci&nbsp; &#8211; FinalistaGrzegorz Przyby\u0142 z kl. 4b technikum rachunkowo\u015bci &#8211; FinalistaPaulina Piwowarczyk z kl&#8230;.<\/p>\n","protected":false},"author":6,"featured_media":998596,"comment_status":"open","ping_status":"open","sticky":false,"template":"","format":"standard","meta":{"inline_featured_image":false},"categories":[186],"tags":[],"_links":{"self":[{"href":"http:\/\/ekonomik.opole.pl\/eko3\/wp-json\/wp\/v2\/posts\/998595"}],"collection":[{"href":"http:\/\/ekonomik.opole.pl\/eko3\/wp-json\/wp\/v2\/posts"}],"about":[{"href":"http:\/\/ekonomik.opole.pl\/eko3\/wp-json\/wp\/v2\/types\/post"}],"author":[{"embeddable":true,"href":"http:\/\/ekonomik.opole.pl\/eko3\/wp-json\/wp\/v2\/users\/6"}],"replies":[{"embeddable":true,"href":"http:\/\/ekonomik.opole.pl\/eko3\/wp-json\/wp\/v2\/comments?post=998595"}],"version-history":[{"count":3,"href":"http:\/\/ekonomik.opole.pl\/eko3\/wp-json\/wp\/v2\/posts\/998595\/revisions"}],"predecessor-version":[{"id":998606,"href":"http:\/\/ekonomik.opole.pl\/eko3\/wp-json\/wp\/v2\/posts\/998595\/revisions\/998606"}],"wp:featuredmedia":[{"embeddable":true,"href":"http:\/\/ekonomik.opole.pl\/eko3\/wp-json\/wp\/v2\/media\/998596"}],"wp:attachment":[{"href":"http:\/\/ekonomik.opole.pl\/eko3\/wp-json\/wp\/v2\/media?parent=998595"}],"wp:term":[{"taxonomy":"category","embeddable":true,"href":"http:\/\/ekonomik.opole.pl\/eko3\/wp-json\/wp\/v2\/categories?post=998595"},{"taxonomy":"post_tag","embeddable":true,"href":"http:\/\/ekonomik.opole.pl\/eko3\/wp-json\/wp\/v2\/tags?post=998595"}],"curies":[{"name":"wp","href":"https:\/\/api.w.org\/{rel}","templated":true}]}}