{"id":998614,"date":"2025-12-29T16:45:00","date_gmt":"2025-12-29T15:45:00","guid":{"rendered":"https:\/\/ekonomik.opole.pl\/eko3\/?p=998614"},"modified":"2025-12-29T21:57:01","modified_gmt":"2025-12-29T20:57:01","slug":"wyniki-egzaminow-zawodowych-za-rok-2025-znaczaco-powyzej-sredniej-krajowej","status":"publish","type":"post","link":"http:\/\/ekonomik.opole.pl\/eko3\/wyniki-egzaminow-zawodowych-za-rok-2025-znaczaco-powyzej-sredniej-krajowej\/","title":{"rendered":"Wyniki egzamin\u00f3w zawodowych za rok 2025 znacz\u0105co powy\u017cej \u015bredniej krajowej!"},"content":{"rendered":"<div class=\"vgblk-rw-wrapper limit-wrapper\">\n<p>Koniec roku to czas na podsumowania. W ubieg\u0142ym roku odby\u0142y si\u0119 dwie du\u017ce sesje egzmainacyjne: stycze\u0144 2025, czerwiec 2025.<br>Po dok\u0142adnym przeanalizowaniu wynik\u00f3w zdawalno\u015bci egzamin\u00f3w zawodowych za rok 2025, mamy powody do du\u017cej satysfakcji i&#8230; co tu du\u017co m\u00f3wi\u0107 \u2013 nasi uczniowie s\u0105 bezkonkurencyjni!<\/p>\n\n\n\n<p><strong>100% ZDAWALNO\u015aCI w a\u017c 11 na 13 kwalifikacji! Oto kwalifikacje, w kt\u00f3rych szko\u0142a osi\u0105gn\u0119\u0142a wynik mia\u017cd\u017c\u0105co lepszy od \u015bredniej og\u00f3lnopolskiej:<\/strong><br>SPL.01 (obs\u0142uga magazyn\u00f3w) &#8211; wynik szko\u0142y jest o 43,11 p.p. wy\u017cszy ni\u017c w kraju.<br>INF.03 (strony internetowe i bazy danych) &#8211; wynik wy\u017cszy o 37,43 p.p.. Warto zauwa\u017cy\u0107, \u017ce szko\u0142a niemal podwoi\u0142a \u015bredni\u0105 krajow\u0105 w tym egzaminie.<br>INF.04 (programowanie i testowanie) &#8211; wynik wy\u017cszy o 37,41 p.p. \u2013 szko\u0142a osi\u0105gn\u0119\u0142a pe\u0142ne 100% przy krajowej \u015bredniej na poziomie zaledwie 62%.<br>AUD.02 (rejestracja obrazu) &#8211; wynik wy\u017cszy o 28,32 p.p. \u2013 uczniowie Ekonomika zdaj\u0105 ten egzamin bezb\u0142\u0119dnie (100%), podczas gdy w kraju co czwarty ucze\u0144 oblewa.<br>PGF.04 (grafika): R\u00f3\u017cnica wynosz\u0105ca ponad 24 punkty procentowe jest bardzo wyra\u017ana.<br>AUD.05 (Projekty multimedialne) &#8211; to blisko 20 p.p. przewagi nad wynikami krajowymi.<br>PGF.08 (Zarz\u0105dzanie kampani\u0105) &#8211; cho\u0107 w kraju zdawalno\u015b\u0107 jest do\u015b\u0107 wysoka (ponad 83%), to uczniowie Ekonomika nie daj\u0105 szans statystykom i zdaj\u0105 ten egzamin bezb\u0142\u0119dnie &#8211; przewaga ponad 16 punkt\u00f3w procentowych!<br>Gratulacje dla wszystkich uczni\u00f3w i nauczycieli!<\/p>\n\n\n\n<figure class=\"wp-block-gallery columns-1 is-cropped\"><ul class=\"blocks-gallery-grid\"><li class=\"blocks-gallery-item\"><figure><a href=\"http:\/\/ekonomik.opole.pl\/eko3\/wp-content\/uploads\/2025\/12\/DSC5289A-scaled.jpg\"><img loading=\"lazy\" width=\"1024\" height=\"683\" src=\"http:\/\/ekonomik.opole.pl\/eko3\/wp-content\/uploads\/2025\/12\/DSC5289A-1024x683.jpg\" alt=\"\" data-id=\"998615\" data-full-url=\"http:\/\/ekonomik.opole.pl\/eko3\/wp-content\/uploads\/2025\/12\/DSC5289A-scaled.jpg\" data-link=\"https:\/\/ekonomik.opole.pl\/eko3\/?attachment_id=998615\" class=\"wp-image-998615\" srcset=\"http:\/\/ekonomik.opole.pl\/eko3\/wp-content\/uploads\/2025\/12\/DSC5289A-1024x683.jpg 1024w, http:\/\/ekonomik.opole.pl\/eko3\/wp-content\/uploads\/2025\/12\/DSC5289A-300x200.jpg 300w, http:\/\/ekonomik.opole.pl\/eko3\/wp-content\/uploads\/2025\/12\/DSC5289A-768x512.jpg 768w, http:\/\/ekonomik.opole.pl\/eko3\/wp-content\/uploads\/2025\/12\/DSC5289A-1536x1024.jpg 1536w, http:\/\/ekonomik.opole.pl\/eko3\/wp-content\/uploads\/2025\/12\/DSC5289A-2048x1365.jpg 2048w, http:\/\/ekonomik.opole.pl\/eko3\/wp-content\/uploads\/2025\/12\/DSC5289A-1360x907.jpg 1360w, http:\/\/ekonomik.opole.pl\/eko3\/wp-content\/uploads\/2025\/12\/DSC5289A-680x453.jpg 680w\" sizes=\"(max-width: 1024px) 100vw, 1024px\" \/><\/a><\/figure><\/li><\/ul><\/figure>\n\n\n\n<p>Fot. Maja Nowicka<br>Na zdj\u0119ciu: Aleksander Kolanowski, Marta Ordon, Igor Kucharski<\/p>\n<\/div><!-- .vgblk-rw-wrapper -->","protected":false},"excerpt":{"rendered":"<p>Koniec roku to czas na podsumowania. W ubieg\u0142ym roku odby\u0142y si\u0119 dwie du\u017ce sesje egzmainacyjne: stycze\u0144 2025, czerwiec 2025.Po dok\u0142adnym przeanalizowaniu wynik\u00f3w zdawalno\u015bci egzamin\u00f3w zawodowych za rok 2025, mamy powody do du\u017cej satysfakcji i&#8230; co tu du\u017co m\u00f3wi\u0107 \u2013 nasi uczniowie s\u0105 bezkonkurencyjni! 100% ZDAWALNO\u015aCI w a\u017c 11 na 13 kwalifikacji! Oto kwalifikacje, w kt\u00f3rych&#8230;<\/p>\n","protected":false},"author":6,"featured_media":998617,"comment_status":"open","ping_status":"open","sticky":false,"template":"","format":"standard","meta":{"inline_featured_image":false},"categories":[325],"tags":[],"_links":{"self":[{"href":"http:\/\/ekonomik.opole.pl\/eko3\/wp-json\/wp\/v2\/posts\/998614"}],"collection":[{"href":"http:\/\/ekonomik.opole.pl\/eko3\/wp-json\/wp\/v2\/posts"}],"about":[{"href":"http:\/\/ekonomik.opole.pl\/eko3\/wp-json\/wp\/v2\/types\/post"}],"author":[{"embeddable":true,"href":"http:\/\/ekonomik.opole.pl\/eko3\/wp-json\/wp\/v2\/users\/6"}],"replies":[{"embeddable":true,"href":"http:\/\/ekonomik.opole.pl\/eko3\/wp-json\/wp\/v2\/comments?post=998614"}],"version-history":[{"count":1,"href":"http:\/\/ekonomik.opole.pl\/eko3\/wp-json\/wp\/v2\/posts\/998614\/revisions"}],"predecessor-version":[{"id":998618,"href":"http:\/\/ekonomik.opole.pl\/eko3\/wp-json\/wp\/v2\/posts\/998614\/revisions\/998618"}],"wp:featuredmedia":[{"embeddable":true,"href":"http:\/\/ekonomik.opole.pl\/eko3\/wp-json\/wp\/v2\/media\/998617"}],"wp:attachment":[{"href":"http:\/\/ekonomik.opole.pl\/eko3\/wp-json\/wp\/v2\/media?parent=998614"}],"wp:term":[{"taxonomy":"category","embeddable":true,"href":"http:\/\/ekonomik.opole.pl\/eko3\/wp-json\/wp\/v2\/categories?post=998614"},{"taxonomy":"post_tag","embeddable":true,"href":"http:\/\/ekonomik.opole.pl\/eko3\/wp-json\/wp\/v2\/tags?post=998614"}],"curies":[{"name":"wp","href":"https:\/\/api.w.org\/{rel}","templated":true}]}}