{"id":998619,"date":"2025-12-30T14:03:35","date_gmt":"2025-12-30T13:03:35","guid":{"rendered":"https:\/\/ekonomik.opole.pl\/eko3\/?p=998619"},"modified":"2025-12-30T14:03:37","modified_gmt":"2025-12-30T13:03:37","slug":"szczesliwego-nowego-roku-dla-calej-spolecznosci-zespolu-szkol-ekonomicznych-w-opolu","status":"publish","type":"post","link":"http:\/\/ekonomik.opole.pl\/eko3\/szczesliwego-nowego-roku-dla-calej-spolecznosci-zespolu-szkol-ekonomicznych-w-opolu\/","title":{"rendered":"Szcz\u0119\u015bliwego Nowego Roku dla ca\u0142ej spo\u0142eczno\u015bci Zespo\u0142u Szk\u00f3\u0142 Ekonomicznych w Opolu!"},"content":{"rendered":"<div class=\"vgblk-rw-wrapper limit-wrapper\">\n<p>19 grudnia w murach naszej szko\u0142y spotka\u0142o si\u0119 wiele pokole\u0144 nauczycieli oraz absolwent\u00f3w Ekonomika. To by\u0142 wyj\u0105tkowy czas pe\u0142en wspomnie\u0144 i wzrusze\u0144. A ju\u017c \ud835\udfed\ud835\udfed \ud835\uddf8\ud835\ude04\ud835\uddf6\ud835\uddf2\ud835\ude01\ud835\uddfb\ud835\uddf6\ud835\uddee \ud835\udfee\ud835\udfec\ud835\udfee\ud835\udff2 \ud835\uddff. zapraszamy na ZJAZD ABSOLWENT\u00d3W z okazji 80-lecia Zespo\u0142u Szk\u00f3\u0142 Ekonomicznych w Opolu.<\/p>\n\n\n\n<p>Wkr\u00f3tce podamy wi\u0119cej szczeg\u00f3\u0142\u00f3w!<br>Fot. Maja Nowicka<\/p>\n<\/div><!-- .vgblk-rw-wrapper -->","protected":false},"excerpt":{"rendered":"<p>19 grudnia w murach naszej szko\u0142y spotka\u0142o si\u0119 wiele pokole\u0144 nauczycieli oraz absolwent\u00f3w Ekonomika. To by\u0142 wyj\u0105tkowy czas pe\u0142en wspomnie\u0144 i wzrusze\u0144. A ju\u017c \ud835\udfed\ud835\udfed \ud835\uddf8\ud835\ude04\ud835\uddf6\ud835\uddf2\ud835\ude01\ud835\uddfb\ud835\uddf6\ud835\uddee \ud835\udfee\ud835\udfec\ud835\udfee\ud835\udff2 \ud835\uddff. zapraszamy na ZJAZD ABSOLWENT\u00d3W z okazji 80-lecia Zespo\u0142u Szk\u00f3\u0142 Ekonomicznych w Opolu. Wkr\u00f3tce podamy wi\u0119cej szczeg\u00f3\u0142\u00f3w!Fot. Maja Nowicka<\/p>\n","protected":false},"author":6,"featured_media":998620,"comment_status":"open","ping_status":"open","sticky":false,"template":"","format":"standard","meta":{"inline_featured_image":false},"categories":[322],"tags":[],"_links":{"self":[{"href":"http:\/\/ekonomik.opole.pl\/eko3\/wp-json\/wp\/v2\/posts\/998619"}],"collection":[{"href":"http:\/\/ekonomik.opole.pl\/eko3\/wp-json\/wp\/v2\/posts"}],"about":[{"href":"http:\/\/ekonomik.opole.pl\/eko3\/wp-json\/wp\/v2\/types\/post"}],"author":[{"embeddable":true,"href":"http:\/\/ekonomik.opole.pl\/eko3\/wp-json\/wp\/v2\/users\/6"}],"replies":[{"embeddable":true,"href":"http:\/\/ekonomik.opole.pl\/eko3\/wp-json\/wp\/v2\/comments?post=998619"}],"version-history":[{"count":1,"href":"http:\/\/ekonomik.opole.pl\/eko3\/wp-json\/wp\/v2\/posts\/998619\/revisions"}],"predecessor-version":[{"id":998621,"href":"http:\/\/ekonomik.opole.pl\/eko3\/wp-json\/wp\/v2\/posts\/998619\/revisions\/998621"}],"wp:featuredmedia":[{"embeddable":true,"href":"http:\/\/ekonomik.opole.pl\/eko3\/wp-json\/wp\/v2\/media\/998620"}],"wp:attachment":[{"href":"http:\/\/ekonomik.opole.pl\/eko3\/wp-json\/wp\/v2\/media?parent=998619"}],"wp:term":[{"taxonomy":"category","embeddable":true,"href":"http:\/\/ekonomik.opole.pl\/eko3\/wp-json\/wp\/v2\/categories?post=998619"},{"taxonomy":"post_tag","embeddable":true,"href":"http:\/\/ekonomik.opole.pl\/eko3\/wp-json\/wp\/v2\/tags?post=998619"}],"curies":[{"name":"wp","href":"https:\/\/api.w.org\/{rel}","templated":true}]}}