{"id":998622,"date":"2025-12-19T16:45:00","date_gmt":"2025-12-19T15:45:00","guid":{"rendered":"https:\/\/ekonomik.opole.pl\/eko3\/?p=998622"},"modified":"2025-12-30T14:19:55","modified_gmt":"2025-12-30T13:19:55","slug":"iii-miejsce-w-ogolnopolskim-konkursie-cyberwzmacniacz","status":"publish","type":"post","link":"http:\/\/ekonomik.opole.pl\/eko3\/iii-miejsce-w-ogolnopolskim-konkursie-cyberwzmacniacz\/","title":{"rendered":"III miejsce w og\u00f3lnopolskim konkursie #CyberWzmacniacz!"},"content":{"rendered":"<div class=\"vgblk-rw-wrapper limit-wrapper\">\n<p>Gratulacje dla&nbsp;<strong>Remigiusza i Bartosza \u0141ukasika<\/strong>&nbsp;z klasy 4A (technik programista) , kt\u00f3rzy zaj\u0119li&nbsp;<strong>III miejsce<\/strong>w og\u00f3lnopolskim konkursie edukacyjnym Fundacji Komputronik! <br>#CyberWzmacniacz to projekt dla uczni\u00f3w z ca\u0142ej Polski, promuj\u0105cy cyberbezpiecze\u0144stwo, radzenie sobie z hejtem i \u015bwiadome korzystanie z sieci.&nbsp;<a rel=\"noreferrer noopener\" href=\"https:\/\/fundacjakomputronik.pl\/konkurs-cyberwzmacniacz\/?utm_source=chatgpt.com\" target=\"_blank\">Fundacja Komputronik<\/a><\/p>\n\n\n\n<p><strong>Nagrody:<\/strong><br>\u2022 200 z\u0142 dla ka\u017cdego uczestnika<br>\u2022 5000 z\u0142 sprz\u0119tu dla szko\u0142y<\/p>\n\n\n\n<p><strong>Opiekun merytoryczny:<\/strong>&nbsp;dr in\u017c. Piotr Dzierwa<\/p>\n\n\n\n<p>Brawo Panowie \u2013 \u015bwietna robota i inspiruj\u0105cy przekaz! <\/p>\n\n\n\n<p>Sukces uczni\u00f3w ZSE w Opolu potwierdza ich rosn\u0105ce kompetencje w obszarze nowych technologii i umiej\u0119tno\u015b\u0107 \u015bwiadomego poruszania si\u0119 w \u015bwiecie cyfrowym, a tak\u017ce po raz kolejny pokazuje wysok\u0105 jako\u015b\u0107 kszta\u0142cenia w obszarze informatyki w naszej szkole.<\/p>\n\n\n\n<figure class=\"wp-block-embed is-type-wp-embed is-provider-fundacja-komputronik wp-block-embed-fundacja-komputronik\"><div class=\"wp-block-embed__wrapper\">\n<blockquote class=\"wp-embedded-content\" data-secret=\"k2unFOAoIC\"><a href=\"https:\/\/fundacjakomputronik.pl\/konkurs-cyberwzmacniacz\/\">Konkurs CyberWzmacniacz<\/a><\/blockquote><iframe class=\"wp-embedded-content\" sandbox=\"allow-scripts\" security=\"restricted\" style=\"position: absolute; clip: rect(1px, 1px, 1px, 1px);\" title=\"&#8222;Konkurs CyberWzmacniacz&#8221; &#8212; Fundacja Komputronik\" src=\"https:\/\/fundacjakomputronik.pl\/konkurs-cyberwzmacniacz\/embed\/#?secret=uE0UEBrFxC#?secret=k2unFOAoIC\" data-secret=\"k2unFOAoIC\" width=\"600\" height=\"338\" frameborder=\"0\" marginwidth=\"0\" marginheight=\"0\" scrolling=\"no\"><\/iframe>\n<\/div><\/figure>\n\n\n\n<p>Poznaj zwyci\u0119zc\u00f3w: <\/p>\n\n\n\n<figure class=\"wp-block-embed is-type-video is-provider-youtube wp-block-embed-youtube wp-embed-aspect-16-9 wp-has-aspect-ratio\"><div class=\"wp-block-embed__wrapper\">\n<iframe loading=\"lazy\" title=\"Fundacja Komputronik - konkurs #CyberWzmacniacz - poznaj zwyci\u0119zc\u00f3w\" width=\"1360\" height=\"765\" src=\"https:\/\/www.youtube.com\/embed\/mooWJKY8DSE?feature=oembed\" frameborder=\"0\" allow=\"accelerometer; autoplay; clipboard-write; encrypted-media; gyroscope; picture-in-picture; web-share\" referrerpolicy=\"strict-origin-when-cross-origin\" allowfullscreen><\/iframe>\n<\/div><\/figure>\n<\/div><!-- .vgblk-rw-wrapper -->","protected":false},"excerpt":{"rendered":"<p>Gratulacje dla&nbsp;Remigiusza i Bartosza \u0141ukasika&nbsp;z klasy 4A (technik programista) , kt\u00f3rzy zaj\u0119li&nbsp;III miejscew og\u00f3lnopolskim konkursie edukacyjnym Fundacji Komputronik! #CyberWzmacniacz to projekt dla uczni\u00f3w z ca\u0142ej Polski, promuj\u0105cy cyberbezpiecze\u0144stwo, radzenie sobie z hejtem i \u015bwiadome korzystanie z sieci.&nbsp;Fundacja Komputronik Nagrody:\u2022 200 z\u0142 dla ka\u017cdego uczestnika\u2022 5000 z\u0142 sprz\u0119tu dla szko\u0142y Opiekun merytoryczny:&nbsp;dr in\u017c. Piotr Dzierwa Brawo&#8230;<\/p>\n","protected":false},"author":6,"featured_media":998623,"comment_status":"open","ping_status":"open","sticky":false,"template":"","format":"standard","meta":{"inline_featured_image":false},"categories":[186],"tags":[],"_links":{"self":[{"href":"http:\/\/ekonomik.opole.pl\/eko3\/wp-json\/wp\/v2\/posts\/998622"}],"collection":[{"href":"http:\/\/ekonomik.opole.pl\/eko3\/wp-json\/wp\/v2\/posts"}],"about":[{"href":"http:\/\/ekonomik.opole.pl\/eko3\/wp-json\/wp\/v2\/types\/post"}],"author":[{"embeddable":true,"href":"http:\/\/ekonomik.opole.pl\/eko3\/wp-json\/wp\/v2\/users\/6"}],"replies":[{"embeddable":true,"href":"http:\/\/ekonomik.opole.pl\/eko3\/wp-json\/wp\/v2\/comments?post=998622"}],"version-history":[{"count":3,"href":"http:\/\/ekonomik.opole.pl\/eko3\/wp-json\/wp\/v2\/posts\/998622\/revisions"}],"predecessor-version":[{"id":998626,"href":"http:\/\/ekonomik.opole.pl\/eko3\/wp-json\/wp\/v2\/posts\/998622\/revisions\/998626"}],"wp:featuredmedia":[{"embeddable":true,"href":"http:\/\/ekonomik.opole.pl\/eko3\/wp-json\/wp\/v2\/media\/998623"}],"wp:attachment":[{"href":"http:\/\/ekonomik.opole.pl\/eko3\/wp-json\/wp\/v2\/media?parent=998622"}],"wp:term":[{"taxonomy":"category","embeddable":true,"href":"http:\/\/ekonomik.opole.pl\/eko3\/wp-json\/wp\/v2\/categories?post=998622"},{"taxonomy":"post_tag","embeddable":true,"href":"http:\/\/ekonomik.opole.pl\/eko3\/wp-json\/wp\/v2\/tags?post=998622"}],"curies":[{"name":"wp","href":"https:\/\/api.w.org\/{rel}","templated":true}]}}