{"id":998644,"date":"2025-12-30T17:12:42","date_gmt":"2025-12-30T16:12:42","guid":{"rendered":"https:\/\/ekonomik.opole.pl\/eko3\/?p=998644"},"modified":"2025-12-30T17:12:44","modified_gmt":"2025-12-30T16:12:44","slug":"godziny-pracy-sekretariatu-w-dniu-31-grudnia","status":"publish","type":"post","link":"http:\/\/ekonomik.opole.pl\/eko3\/godziny-pracy-sekretariatu-w-dniu-31-grudnia\/","title":{"rendered":"Godziny pracy sekretariatu w dniu 31 grudnia"},"content":{"rendered":"<div class=\"vgblk-rw-wrapper limit-wrapper\">\n<p> Informujemy, \u017ce w dniu 31 grudnia (\u015broda) Sekretariat Zespo\u0142u Szk\u00f3\u0142 Ekonomicznych im. gen. Stefana Roweckiego &#8222;Grota&#8221; b\u0119dzie czynny do <strong>godziny 14.00.<\/strong> <\/p>\n<\/div><!-- .vgblk-rw-wrapper -->","protected":false},"excerpt":{"rendered":"<p>Informujemy, \u017ce w dniu 31 grudnia (\u015broda) Sekretariat Zespo\u0142u Szk\u00f3\u0142 Ekonomicznych im. gen. Stefana Roweckiego &#8222;Grota&#8221; b\u0119dzie czynny do godziny 14.00.<\/p>\n","protected":false},"author":6,"featured_media":988940,"comment_status":"open","ping_status":"open","sticky":false,"template":"","format":"standard","meta":{"inline_featured_image":false},"categories":[322],"tags":[],"_links":{"self":[{"href":"http:\/\/ekonomik.opole.pl\/eko3\/wp-json\/wp\/v2\/posts\/998644"}],"collection":[{"href":"http:\/\/ekonomik.opole.pl\/eko3\/wp-json\/wp\/v2\/posts"}],"about":[{"href":"http:\/\/ekonomik.opole.pl\/eko3\/wp-json\/wp\/v2\/types\/post"}],"author":[{"embeddable":true,"href":"http:\/\/ekonomik.opole.pl\/eko3\/wp-json\/wp\/v2\/users\/6"}],"replies":[{"embeddable":true,"href":"http:\/\/ekonomik.opole.pl\/eko3\/wp-json\/wp\/v2\/comments?post=998644"}],"version-history":[{"count":1,"href":"http:\/\/ekonomik.opole.pl\/eko3\/wp-json\/wp\/v2\/posts\/998644\/revisions"}],"predecessor-version":[{"id":998645,"href":"http:\/\/ekonomik.opole.pl\/eko3\/wp-json\/wp\/v2\/posts\/998644\/revisions\/998645"}],"wp:featuredmedia":[{"embeddable":true,"href":"http:\/\/ekonomik.opole.pl\/eko3\/wp-json\/wp\/v2\/media\/988940"}],"wp:attachment":[{"href":"http:\/\/ekonomik.opole.pl\/eko3\/wp-json\/wp\/v2\/media?parent=998644"}],"wp:term":[{"taxonomy":"category","embeddable":true,"href":"http:\/\/ekonomik.opole.pl\/eko3\/wp-json\/wp\/v2\/categories?post=998644"},{"taxonomy":"post_tag","embeddable":true,"href":"http:\/\/ekonomik.opole.pl\/eko3\/wp-json\/wp\/v2\/tags?post=998644"}],"curies":[{"name":"wp","href":"https:\/\/api.w.org\/{rel}","templated":true}]}}