{"id":998654,"date":"2026-01-09T01:38:36","date_gmt":"2026-01-09T00:38:36","guid":{"rendered":"https:\/\/ekonomik.opole.pl\/eko3\/?p=998654"},"modified":"2026-01-09T01:41:41","modified_gmt":"2026-01-09T00:41:41","slug":"projekt-edukacyjny-dla-maturzystow-oswajamy-matematyke","status":"publish","type":"post","link":"http:\/\/ekonomik.opole.pl\/eko3\/projekt-edukacyjny-dla-maturzystow-oswajamy-matematyke\/","title":{"rendered":"Projekt edukacyjny dla maturzyst\u00f3w &#8222;Oswajamy Matematyk\u0119&#8221;"},"content":{"rendered":"<div class=\"vgblk-rw-wrapper limit-wrapper\">\n<h3>Projekt edukacyjny \u201eOSWAJAMY MATEMATYK\u0118. Zaj\u0119cia przygotowuj\u0105ce do egzaminu maturalnego z matematyki na poziomie podstawowym i rozszerzonym\u201d dla uczni\u00f3w najstarszych klas szk\u00f3\u0142 ponadpodstawowych (licea og\u00f3lnokszta\u0142c\u0105ce i technika)<\/h3>\n\n\n\n<p>Uprzejmie informujemy, \u017ce Wydzia\u0142 O\u015bwiaty, we wsp\u00f3\u0142pracy z Uniwersytetem WSB Merito Opole, M\u0142odzie\u017cowym Domem Kultury w Opolu i nauczycielami matematyki ze szk\u00f3\u0142 ponadpodstawowych, zorganizowa\u0142 po raz dwunasty dla tegorocznych maturzyst\u00f3w cykl zaj\u0119\u0107 przygotowuj\u0105cych do egzamin\u00f3w maturalnych z matematyki.<br><\/p>\n\n\n\n<p>Zaj\u0119cia rozpoczn\u0105 si\u0119 w dniu <strong>19.01.2026 r. (poniedzia\u0142ek) i b\u0119d\u0105 prowadzone do kwietnia 2026 r. (ostatnie zaj\u0119cia w pi\u0105tek 17.04.2026 r.).<\/strong> B\u0119d\u0105 si\u0119 one odbywa\u0107 stacjonarnie <strong>w aulach Uniwersytetu WSB przy ul. Ko\u015bnego 72<\/strong>, w nast\u0119puj\u0105ce dni:<br>&#8211; poniedzia\u0142ek \u2013 15.00-16.30 (poziom podstawowy)<br><\/p>\n\n\n\n<ul><li>poniedzia\u0142ek \u2013 15.00-16.30 (poziom podstawowy) \u2013 p. Bernarda Zarzycka, sala 406<br>                            15.00-16.30 (poziom rozszerzony) \u2013 p. Maria Romanowska, aula<\/li><li>wtorek \u2013 15.30-17.00 (poziom rozszerzony) \u2013 p. Krzysztof Sobk\u00f3w, aula<\/li><li>czwartek \u2013 15.00-16.30 (poziom podstawowy) \u2013 p. Beata Wi\u015bniewska, sala 402<br>                     15.30-17.00 (poziom rozszerzony) \u2013 p. Krzysztof Kowalczyk, aula<\/li><li>pi\u0105tek \u2013 14.00-15.30 (poziom podstawowy) \u2013 p. Dariusz Doma\u0144ski, aula<br>                15.00-16.30 (poziom podstawowy) \u2013 p. Pawe\u0142 S\u0142aby, sala 402<\/li><\/ul>\n\n\n\n<p>UWAGA !!!<br><strong>Zaj\u0119cia z p. Paw\u0142em S\u0142abym w pi\u0105tek, 13 marca 2026 r., rozpoczn\u0105 si\u0119 wyj\u0105tkowo o godz.<br>15.40 w auli.<\/strong><\/p>\n\n\n\n<p>Zaj\u0119cia b\u0119d\u0105 prowadzone na dw\u00f3ch poziomach (podstawowym i rozszerzonym). Zamierzeniem organizator\u00f3w zaj\u0119\u0107 jest powt\u00f3rzenie ca\u0142ego materia\u0142u z matematyki w 10 tygodni.<br><\/p>\n\n\n\n<p>W tym roku zaj\u0119cia z matematyki b\u0119d\u0105 prowadzone przez nast\u0119puj\u0105cych nauczycieli:<br><strong>&#8211; matematyka na poziomie podstawowym:<\/strong><br>Beata Wi\u015bniewska \u2013 Zesp\u00f3\u0142 Szk\u00f3\u0142 Ekonomicznych, Bernarda Zarzycka \u2013 PLO nr I, Dariusz Doma\u0144ski \u2013 PLO nr VI, Pawe\u0142 S\u0142aby \u2013 PLO nr I;<br><strong>&#8211; matematyka na poziomie rozszerzonym:<\/strong><br>Maria Romanowska \u2013 PLO nr II, Krzysztof Kowalczyk \u2013 PLO nr III, Krzysztof Sobk\u00f3w \u2013 PLO nr II.<br><\/p>\n\n\n\n<p>Zaj\u0119cia b\u0119d\u0105 si\u0119 odbywa\u0107 niezale\u017cnie od siebie. Ka\u017cdy ucze\u0144 mo\u017ce uczestniczy\u0107 w nich od jednego do czterech razy w tygodniu.<br><\/p>\n\n\n\n<p>Zapisy na pierwszych zaj\u0119ciach w styczniu bezpo\u015brednio u prowadz\u0105cych.<br><\/p>\n\n\n\n<p>Wszystkie dodatkowe informacje, w tym harmonogram, tematyka, deklaracja udzia\u0142u w zaj\u0119ciach b\u0119d\u0105 dost\u0119pne na stronie M\u0142odzie\u017cowego Domu Kultury w zak\u0142adce Projekty: Oswajamy Matematyk\u0119. <\/p>\n\n\n\n<p>Deklaracj\u0119 wraz z regulaminem nale\u017cy wydrukowa\u0107, podpisa\u0107 i przynie\u015b\u0107 ze sob\u0105 na pierwsze zaj\u0119cia. Pytania mo\u017cna kierowa\u0107 na adres: <strong>uczen.zdolny@mdk.opole.pl<\/strong><\/p>\n\n\n\n<p><\/p>\n\n\n\n<p>PLIKI DO POBRANIA:<\/p>\n\n\n\n<div class=\"wp-block-columns\"><div class=\"vgblk-rw-wrapper limit-wrapper\">\n<div class=\"wp-block-column\" style=\"flex-basis:100%\"><div class=\"vgblk-rw-wrapper limit-wrapper\">\n<div class=\"wp-block-columns\"><div class=\"vgblk-rw-wrapper limit-wrapper\">\n<div class=\"wp-block-column is-vertically-aligned-center\"><div class=\"vgblk-rw-wrapper limit-wrapper\">\n<div class=\"wp-block-group\"><div class=\"wp-block-group__inner-container\"><div class=\"vgblk-rw-wrapper limit-wrapper\">\n<div class=\"wp-block-buttons is-content-justification-left\"><div class=\"vgblk-rw-wrapper limit-wrapper\">\n<div class=\"wp-block-button\"><a class=\"wp-block-button__link has-white-color has-black-background-color has-text-color has-background\" href=\"\/dokumenty\/dydaktyka\/om\/deklaracja-uczestnika-.pdf\" target=\"_blank\" rel=\"noreferrer noopener\">DEKLARACJA UCZESTNIKA<\/a><\/div>\n<\/div><!-- .vgblk-rw-wrapper --><\/div>\n<\/div><!-- .vgblk-rw-wrapper -->\n\n<div class=\"vgblk-rw-wrapper limit-wrapper\">\n<div style=\"height:14px\" aria-hidden=\"true\" class=\"wp-block-spacer\"><\/div>\n<\/div><!-- .vgblk-rw-wrapper -->\n\n<div class=\"vgblk-rw-wrapper limit-wrapper\">\n<div class=\"wp-block-buttons is-content-justification-left\"><div class=\"vgblk-rw-wrapper limit-wrapper\">\n<div class=\"wp-block-button\"><a class=\"wp-block-button__link has-white-color has-black-background-color has-text-color has-background\" href=\"\/dokumenty\/dydaktyka\/om\/harmonogram-zakres-podstawowy.pdf\" target=\"_blank\" rel=\"noreferrer noopener\">HARMONOGRAM (P.PODSTAWOWY)<\/a><\/div>\n<\/div><!-- .vgblk-rw-wrapper --><\/div>\n<\/div><!-- .vgblk-rw-wrapper -->\n\n<div class=\"vgblk-rw-wrapper limit-wrapper\">\n<div style=\"height:14px\" aria-hidden=\"true\" class=\"wp-block-spacer\"><\/div>\n<\/div><!-- .vgblk-rw-wrapper -->\n\n<div class=\"vgblk-rw-wrapper limit-wrapper\">\n<div class=\"wp-block-buttons is-content-justification-left\"><div class=\"vgblk-rw-wrapper limit-wrapper\">\n<div class=\"wp-block-button\"><a class=\"wp-block-button__link has-white-color has-black-background-color has-text-color has-background\" href=\"\/dokumenty\/dydaktyka\/om\/harmonogram-zakres-rozszerzony.pdf\" target=\"_blank\" rel=\"noreferrer noopener\">HARMONOGRAM (P.ROZSZERZONY)<\/a><\/div>\n<\/div><!-- .vgblk-rw-wrapper --><\/div>\n<\/div><!-- .vgblk-rw-wrapper --><\/div><\/div>\n<\/div><!-- .vgblk-rw-wrapper --><\/div>\n<\/div><!-- .vgblk-rw-wrapper --><\/div>\n<\/div><!-- .vgblk-rw-wrapper --><\/div>\n<\/div><!-- .vgblk-rw-wrapper --><\/div>\n\n\n\n<p><\/p>\n<\/div><!-- .vgblk-rw-wrapper -->","protected":false},"excerpt":{"rendered":"<p>Projekt edukacyjny \u201eOSWAJAMY MATEMATYK\u0118. Zaj\u0119cia przygotowuj\u0105ce do egzaminu maturalnego z matematyki na poziomie podstawowym i rozszerzonym\u201d dla uczni\u00f3w najstarszych klas szk\u00f3\u0142 ponadpodstawowych (licea og\u00f3lnokszta\u0142c\u0105ce i technika) Uprzejmie informujemy, \u017ce Wydzia\u0142 O\u015bwiaty, we wsp\u00f3\u0142pracy z Uniwersytetem WSB Merito Opole, M\u0142odzie\u017cowym Domem Kultury w Opolu i nauczycielami matematyki ze szk\u00f3\u0142 ponadpodstawowych, zorganizowa\u0142 po raz dwunasty dla tegorocznych&#8230;<\/p>\n","protected":false},"author":6,"featured_media":998655,"comment_status":"open","ping_status":"open","sticky":false,"template":"","format":"standard","meta":{"inline_featured_image":false},"categories":[132],"tags":[],"_links":{"self":[{"href":"http:\/\/ekonomik.opole.pl\/eko3\/wp-json\/wp\/v2\/posts\/998654"}],"collection":[{"href":"http:\/\/ekonomik.opole.pl\/eko3\/wp-json\/wp\/v2\/posts"}],"about":[{"href":"http:\/\/ekonomik.opole.pl\/eko3\/wp-json\/wp\/v2\/types\/post"}],"author":[{"embeddable":true,"href":"http:\/\/ekonomik.opole.pl\/eko3\/wp-json\/wp\/v2\/users\/6"}],"replies":[{"embeddable":true,"href":"http:\/\/ekonomik.opole.pl\/eko3\/wp-json\/wp\/v2\/comments?post=998654"}],"version-history":[{"count":5,"href":"http:\/\/ekonomik.opole.pl\/eko3\/wp-json\/wp\/v2\/posts\/998654\/revisions"}],"predecessor-version":[{"id":998662,"href":"http:\/\/ekonomik.opole.pl\/eko3\/wp-json\/wp\/v2\/posts\/998654\/revisions\/998662"}],"wp:featuredmedia":[{"embeddable":true,"href":"http:\/\/ekonomik.opole.pl\/eko3\/wp-json\/wp\/v2\/media\/998655"}],"wp:attachment":[{"href":"http:\/\/ekonomik.opole.pl\/eko3\/wp-json\/wp\/v2\/media?parent=998654"}],"wp:term":[{"taxonomy":"category","embeddable":true,"href":"http:\/\/ekonomik.opole.pl\/eko3\/wp-json\/wp\/v2\/categories?post=998654"},{"taxonomy":"post_tag","embeddable":true,"href":"http:\/\/ekonomik.opole.pl\/eko3\/wp-json\/wp\/v2\/tags?post=998654"}],"curies":[{"name":"wp","href":"https:\/\/api.w.org\/{rel}","templated":true}]}}