{"id":998673,"date":"2026-01-13T01:31:50","date_gmt":"2026-01-13T00:31:50","guid":{"rendered":"https:\/\/ekonomik.opole.pl\/eko3\/?p=998673"},"modified":"2026-01-13T01:33:24","modified_gmt":"2026-01-13T00:33:24","slug":"szkolny-budzet-uczniowski-2026","status":"publish","type":"post","link":"http:\/\/ekonomik.opole.pl\/eko3\/szkolny-budzet-uczniowski-2026\/","title":{"rendered":"Szkolny Bud\u017cet Uczniowski 2026"},"content":{"rendered":"<div class=\"vgblk-rw-wrapper limit-wrapper\">\n<p>rusza kolejna edycja &#8222;Szkolnego Bud\u017cetu Uczniowskiego&#8221;!<\/p>\n\n\n\n<p>Szkolny Bud\u017cet Uczniowski to program przygotowuj\u0105cy uczni\u00f3w do aktywnego uczestnictwa w \u017cyciu spo\u0142ecznym. Ma on walor edukacyjny, poniewa\u017c uczy Was postaw obywatelskich poprzez poznawanie i zrozumienie mechanizm\u00f3w partycypacji spo\u0142ecznej. Ma tak\u017ce walor aktywizuj\u0105cy, poniewa\u017c mobilizuje uczni\u00f3w do diagnozy potrzeb \u015brodowiska szkolnego i reagowania na te potrzeby w drodze zg\u0142aszania pomys\u0142\u00f3w, wp\u0142ywaj\u0105cych na rozw\u00f3j Szko\u0142y, w kt\u00f3rej&nbsp; funkcjonujecie oraz nabywacie umiej\u0119tno\u015bci i kompetencji, potrzebnych w \u017cyciu doros\u0142ym.<\/p>\n\n\n\n<p>Wysoko\u015b\u0107 \u015brodk\u00f3w przeznaczonych na projekt to <strong>12000 z\u0142.<\/strong><\/p>\n\n\n\n<p>Uczniowie mog\u0105 zg\u0142asza\u0107 Projekty (formularz do pobrania w sekretariacie szko\u0142y lub ze strony internetowej) do 20 lutego 2026 r.<\/p>\n\n\n\n<p>Ka\u017cdy projekt wymaga pisemnego poparcia co najmniej 15 uczni\u00f3w.<\/p>\n\n\n\n<p>Ka\u017cdy ucze\u0144 mo\u017ce poprze\u0107 dowoln\u0105 liczb\u0119 projekt\u00f3w.<\/p>\n\n\n\n<p><strong>Harmonogram programu:<\/strong><\/p>\n\n\n\n<p>1) zaj\u0119cia edukacyjne dotycz\u0105ce programu \u2013 do 14 stycznia 2026 r..<\/p>\n\n\n\n<p>2) zg\u0142aszanie projekt\u00f3w przez uczni\u00f3w &#8211; do 20 lutego 2026 r.<\/p>\n\n\n\n<p>3) ocena projekt\u00f3w przez Szkoln\u0105 Komisj\u0119 &#8211; do 25 lutego 2026 r.<\/p>\n\n\n\n<p>4) g\u0142osowanie uczni\u00f3w na dany Projekt odb\u0119dzie si\u0119 w dniach 26 lutego do 03 marca 2026 r..<\/p>\n\n\n\n<p>5) zwyci\u0119skie projekty\/projekt b\u0119d\u0105 realizowane w dniach &nbsp;09 marca do 31 sierpnia 2026 r.<\/p>\n\n\n\n<div style=\"height:40px\" aria-hidden=\"true\" class=\"wp-block-spacer\"><\/div>\n\n\n\n<p><strong>ZA\u0141\u0104CZNIKI:<\/strong><\/p>\n\n\n\n<div class=\"wp-block-buttons\"><div class=\"vgblk-rw-wrapper limit-wrapper\">\n<div class=\"wp-block-button\"><a class=\"wp-block-button__link has-white-color has-black-background-color has-text-color has-background\" href=\"https:\/\/ekonomik.opole.pl\/dokumenty\/sbu\/zal_nr_1_formularz_projektu.docx\" target=\"_blank\" rel=\"noreferrer noopener\">POBIERZ FORMULARZ PROJEKTU<\/a><\/div>\n<\/div><!-- .vgblk-rw-wrapper --><\/div>\n<\/div><!-- .vgblk-rw-wrapper -->","protected":false},"excerpt":{"rendered":"<p>rusza kolejna edycja &#8222;Szkolnego Bud\u017cetu Uczniowskiego&#8221;! Szkolny Bud\u017cet Uczniowski to program przygotowuj\u0105cy uczni\u00f3w do aktywnego uczestnictwa w \u017cyciu spo\u0142ecznym. Ma on walor edukacyjny, poniewa\u017c uczy Was postaw obywatelskich poprzez poznawanie i zrozumienie mechanizm\u00f3w partycypacji spo\u0142ecznej. Ma tak\u017ce walor aktywizuj\u0105cy, poniewa\u017c mobilizuje uczni\u00f3w do diagnozy potrzeb \u015brodowiska szkolnego i reagowania na te potrzeby w drodze zg\u0142aszania&#8230;<\/p>\n","protected":false},"author":6,"featured_media":998674,"comment_status":"open","ping_status":"open","sticky":false,"template":"","format":"standard","meta":{"inline_featured_image":false},"categories":[208],"tags":[],"_links":{"self":[{"href":"http:\/\/ekonomik.opole.pl\/eko3\/wp-json\/wp\/v2\/posts\/998673"}],"collection":[{"href":"http:\/\/ekonomik.opole.pl\/eko3\/wp-json\/wp\/v2\/posts"}],"about":[{"href":"http:\/\/ekonomik.opole.pl\/eko3\/wp-json\/wp\/v2\/types\/post"}],"author":[{"embeddable":true,"href":"http:\/\/ekonomik.opole.pl\/eko3\/wp-json\/wp\/v2\/users\/6"}],"replies":[{"embeddable":true,"href":"http:\/\/ekonomik.opole.pl\/eko3\/wp-json\/wp\/v2\/comments?post=998673"}],"version-history":[{"count":3,"href":"http:\/\/ekonomik.opole.pl\/eko3\/wp-json\/wp\/v2\/posts\/998673\/revisions"}],"predecessor-version":[{"id":998677,"href":"http:\/\/ekonomik.opole.pl\/eko3\/wp-json\/wp\/v2\/posts\/998673\/revisions\/998677"}],"wp:featuredmedia":[{"embeddable":true,"href":"http:\/\/ekonomik.opole.pl\/eko3\/wp-json\/wp\/v2\/media\/998674"}],"wp:attachment":[{"href":"http:\/\/ekonomik.opole.pl\/eko3\/wp-json\/wp\/v2\/media?parent=998673"}],"wp:term":[{"taxonomy":"category","embeddable":true,"href":"http:\/\/ekonomik.opole.pl\/eko3\/wp-json\/wp\/v2\/categories?post=998673"},{"taxonomy":"post_tag","embeddable":true,"href":"http:\/\/ekonomik.opole.pl\/eko3\/wp-json\/wp\/v2\/tags?post=998673"}],"curies":[{"name":"wp","href":"https:\/\/api.w.org\/{rel}","templated":true}]}}