{"id":998678,"date":"2026-01-14T10:50:07","date_gmt":"2026-01-14T09:50:07","guid":{"rendered":"https:\/\/ekonomik.opole.pl\/eko3\/?p=998678"},"modified":"2026-01-14T20:37:58","modified_gmt":"2026-01-14T19:37:58","slug":"ekonomik-pierwszy-w-wojewodztwie-w-rankingu-perspektyw","status":"publish","type":"post","link":"http:\/\/ekonomik.opole.pl\/eko3\/ekonomik-pierwszy-w-wojewodztwie-w-rankingu-perspektyw\/","title":{"rendered":"Ekonomik pierwszy w wojew\u00f3dztwie w Rankingu Perspektyw"},"content":{"rendered":"<div class=\"vgblk-rw-wrapper limit-wrapper\">\n<p>NAJLEPSZE TCHNIKUM W WOJEW\u00d3DZTWIE OPOLSKIM &#8211; wracamy na pozycj\u0119 lidera edukacji zawodowej! <\/p>\n\n\n\n<p>1. miejsce w wojew\u00f3dztwie opolskim<br>17. miejsce w Polsce!!!<\/p>\n\n\n\n<p>W rzeczywisto\u015bci, w kt\u00f3rej edukacja zawodowa staje si\u0119 kluczowym elementem wsp\u00f3\u0142czesnego rynku pracy, nasze technikum ponownie potwierdza swoj\u0105 wyj\u0105tkow\u0105 pozycj\u0119. <\/p>\n\n\n\n<p>Wracamy na \ud835\udfed. \ud835\uddfa\ud835\uddf6\ud835\uddf2\ud835\uddf7\ud835\ude00\ud835\uddf0\ud835\uddf2 w wojew\u00f3dztwie w Og\u00f3lnopolskim \ud835\udde5\ud835\uddee\ud835\uddfb\ud835\uddf8\ud835\uddf6\ud835\uddfb\ud835\uddf4\ud835\ude02 \ud835\udde3\ud835\uddf2\ud835\uddff\ud835\ude00\ud835\uddfd\ud835\uddf2\ud835\uddf8\ud835\ude01\ud835\ude06\ud835\ude04\ud835\ude06 \ud835\udfee\ud835\udfec\ud835\udfee\ud835\udff2, umacniaj\u0105c status instytucji, kt\u00f3ra \u0142\u0105czy nowoczesno\u015b\u0107 z ponadczasow\u0105 edukacj\u0105!  To nie chwilowy trend, tylko \u015bwiadoma, konsekwentna droga, dzi\u0119ki kt\u00f3rej kszta\u0142cimy specjalist\u00f3w gotowych na wyzwania.<\/p>\n\n\n\n<p>\ud835\ude3f\ud835\ude6f\ud835\ude5e\ud835\ude5a\u0328\ud835\ude60\ud835\ude6a\ud835\ude5f\ud835\ude5a\ud835\ude62\ud835\ude6e \ud835\ude6c\ud835\ude68\ud835\ude6f\ud835\ude6e\ud835\ude68\ud835\ude69\ud835\ude60\ud835\ude5e\ud835\ude62, \ud835\ude60\ud835\ude69\ud835\ude64\u0301\ud835\ude67\ud835\ude6f\ud835\ude6e \ud835\ude69\ud835\ude6c\ud835\ude64\ud835\ude67\ud835\ude6f\ud835\ude56\u0328 \ud835\ude40\ud835\ude60\ud835\ude64\ud835\ude63\ud835\ude64\ud835\ude62\ud835\ude5e\ud835\ude60. \ud835\ude4d\ud835\ude56\ud835\ude6f\ud835\ude5a\ud835\ude62 \ud835\ude6a\ud835\ude59\ud835\ude64\ud835\ude6c\ud835\ude56\ud835\ude59\ud835\ude63\ud835\ude5e\ud835\ude56\ud835\ude62\ud835\ude6e, \ud835\ude6f\u0307\ud835\ude5a \ud835\ude4a\ud835\ude65\ud835\ude64\ud835\ude61\ud835\ude68\ud835\ude6f\ud835\ude58\ud835\ude6f\ud835\ude6e\ud835\ude6f\ud835\ude63\ud835\ude56 \ud835\ude62\ud835\ude56 \ud835\ude68\ud835\ude6c\ud835\ude64\ud835\ude5f\ud835\ude5a \ud835\ude62\ud835\ude5e\ud835\ude5a\ud835\ude5f\ud835\ude68\ud835\ude58\ud835\ude5a \ud835\ude63\ud835\ude56 \ud835\ude62\ud835\ude56\ud835\ude65\ud835\ude5e\ud835\ude5a \ud835\ude63\ud835\ude56\ud835\ude5f\ud835\ude61\ud835\ude5a\ud835\ude65\ud835\ude68\ud835\ude6f\ud835\ude6e\ud835\ude58\ud835\ude5d \ud835\ude69\ud835\ude5a\ud835\ude58\ud835\ude5d\ud835\ude63\ud835\ude5e\ud835\ude60\ud835\ude64\u0301\ud835\ude6c \ud835\ude6c \ud835\ude4b\ud835\ude64\ud835\ude61\ud835\ude68\ud835\ude58\ud835\ude5a.<\/p>\n\n\n\n<p> GRATULACJE dla uczni\u00f3w, absolwent\u00f3w, nauczycieli, wspieraj\u0105cych rodzic\u00f3w i wszystkich pracownik\u00f3w Ekonomika! <\/p>\n\n\n\n<p>Fot. Maja Nowicka | Na zdj\u0119ciu Hania, Wiktoria i Maciej &#8211; agencja TIMELESS<\/p>\n<\/div><!-- .vgblk-rw-wrapper -->","protected":false},"excerpt":{"rendered":"<p>NAJLEPSZE TCHNIKUM W WOJEW\u00d3DZTWIE OPOLSKIM &#8211; wracamy na pozycj\u0119 lidera edukacji zawodowej! 1. miejsce w wojew\u00f3dztwie opolskim17. miejsce w Polsce!!! W rzeczywisto\u015bci, w kt\u00f3rej edukacja zawodowa staje si\u0119 kluczowym elementem wsp\u00f3\u0142czesnego rynku pracy, nasze technikum ponownie potwierdza swoj\u0105 wyj\u0105tkow\u0105 pozycj\u0119. Wracamy na \ud835\udfed. \ud835\uddfa\ud835\uddf6\ud835\uddf2\ud835\uddf7\ud835\ude00\ud835\uddf0\ud835\uddf2 w wojew\u00f3dztwie w Og\u00f3lnopolskim \ud835\udde5\ud835\uddee\ud835\uddfb\ud835\uddf8\ud835\uddf6\ud835\uddfb\ud835\uddf4\ud835\ude02 \ud835\udde3\ud835\uddf2\ud835\uddff\ud835\ude00\ud835\uddfd\ud835\uddf2\ud835\uddf8\ud835\ude01\ud835\ude06\ud835\ude04\ud835\ude06 \ud835\udfee\ud835\udfec\ud835\udfee\ud835\udff2, umacniaj\u0105c status instytucji, kt\u00f3ra&#8230;<\/p>\n","protected":false},"author":6,"featured_media":998679,"comment_status":"open","ping_status":"open","sticky":false,"template":"","format":"standard","meta":{"inline_featured_image":false},"categories":[98],"tags":[],"_links":{"self":[{"href":"http:\/\/ekonomik.opole.pl\/eko3\/wp-json\/wp\/v2\/posts\/998678"}],"collection":[{"href":"http:\/\/ekonomik.opole.pl\/eko3\/wp-json\/wp\/v2\/posts"}],"about":[{"href":"http:\/\/ekonomik.opole.pl\/eko3\/wp-json\/wp\/v2\/types\/post"}],"author":[{"embeddable":true,"href":"http:\/\/ekonomik.opole.pl\/eko3\/wp-json\/wp\/v2\/users\/6"}],"replies":[{"embeddable":true,"href":"http:\/\/ekonomik.opole.pl\/eko3\/wp-json\/wp\/v2\/comments?post=998678"}],"version-history":[{"count":3,"href":"http:\/\/ekonomik.opole.pl\/eko3\/wp-json\/wp\/v2\/posts\/998678\/revisions"}],"predecessor-version":[{"id":998682,"href":"http:\/\/ekonomik.opole.pl\/eko3\/wp-json\/wp\/v2\/posts\/998678\/revisions\/998682"}],"wp:featuredmedia":[{"embeddable":true,"href":"http:\/\/ekonomik.opole.pl\/eko3\/wp-json\/wp\/v2\/media\/998679"}],"wp:attachment":[{"href":"http:\/\/ekonomik.opole.pl\/eko3\/wp-json\/wp\/v2\/media?parent=998678"}],"wp:term":[{"taxonomy":"category","embeddable":true,"href":"http:\/\/ekonomik.opole.pl\/eko3\/wp-json\/wp\/v2\/categories?post=998678"},{"taxonomy":"post_tag","embeddable":true,"href":"http:\/\/ekonomik.opole.pl\/eko3\/wp-json\/wp\/v2\/tags?post=998678"}],"curies":[{"name":"wp","href":"https:\/\/api.w.org\/{rel}","templated":true}]}}