{"id":998689,"date":"2026-01-30T16:53:00","date_gmt":"2026-01-30T15:53:00","guid":{"rendered":"https:\/\/ekonomik.opole.pl\/eko3\/?p=998689"},"modified":"2026-02-03T16:55:37","modified_gmt":"2026-02-03T15:55:37","slug":"awans-do-kolejnego-etapu-tour-de-app","status":"publish","type":"post","link":"http:\/\/ekonomik.opole.pl\/eko3\/awans-do-kolejnego-etapu-tour-de-app\/","title":{"rendered":"Awans do kolejnego etapu Tour de App!"},"content":{"rendered":"<div class=\"vgblk-rw-wrapper limit-wrapper\">\n<p>Informujemy, \u017ce\u00a0<strong>Bruno Szewczyk<\/strong>\u00a0i\u00a0<strong>Sebastian Kuli\u0144ski z klasy 3B<\/strong>\u00a0<strong>zakwalifikowali si\u0119 do rundy konkursowej\u00a0mi\u0119dzynarodowego konkursu<\/strong>\u00a0<strong>Tour de App<\/strong>.<\/p>\n\n\n\n<p>Ze 144 dru\u017cyn bior\u0105cych udzia\u0142 w Rundzie kwalifikacyjnej, zakwalifikowa\u0142o si\u0119 do rundy konkursowej jedynie 40 dru\u017cyn!<\/p>\n\n\n\n<p>Za nimi etap nominacyjny, przed nimi prawdziwe wyzwanie:<br>&#8211; praca zespo\u0142owa nad aplikacj\u0105 webow\u0105<br>&#8211; kontakt z \u201eklientem\u201d i zbieranie wymaga\u0144<br>&#8211; realne do\u015bwiadczenie projektowe (frontend, backend, Git, Docker)<\/p>\n\n\n\n<p>To konkurs, kt\u00f3ry uczy&nbsp;<strong>jak wygl\u0105da prawdziwa praca w IT<\/strong>&nbsp;\u2013 bez teorii, za to z komunikacj\u0105, decyzjami i odpowiedzialno\u015bci\u0105 za projekt.<\/p>\n\n\n\n<p>Trzymamy kciuki za kolejne etapy i rozw\u00f3j projektu!<br>O dalszych post\u0119pach b\u0119dziemy informowa\u0107.<\/p>\n\n\n\n<p>Opiekun merytoryczny: dr in\u017c. Piotr Dzierwa<\/p>\n<\/div><!-- .vgblk-rw-wrapper -->","protected":false},"excerpt":{"rendered":"<p>Informujemy, \u017ce\u00a0Bruno Szewczyk\u00a0i\u00a0Sebastian Kuli\u0144ski z klasy 3B\u00a0zakwalifikowali si\u0119 do rundy konkursowej\u00a0mi\u0119dzynarodowego konkursu\u00a0Tour de App. Ze 144 dru\u017cyn bior\u0105cych udzia\u0142 w Rundzie kwalifikacyjnej, zakwalifikowa\u0142o si\u0119 do rundy konkursowej jedynie 40 dru\u017cyn! Za nimi etap nominacyjny, przed nimi prawdziwe wyzwanie:&#8211; praca zespo\u0142owa nad aplikacj\u0105 webow\u0105&#8211; kontakt z \u201eklientem\u201d i zbieranie wymaga\u0144&#8211; realne do\u015bwiadczenie projektowe (frontend, backend, Git,&#8230;<\/p>\n","protected":false},"author":6,"featured_media":998690,"comment_status":"open","ping_status":"open","sticky":false,"template":"","format":"standard","meta":{"inline_featured_image":false},"categories":[186,90],"tags":[],"_links":{"self":[{"href":"http:\/\/ekonomik.opole.pl\/eko3\/wp-json\/wp\/v2\/posts\/998689"}],"collection":[{"href":"http:\/\/ekonomik.opole.pl\/eko3\/wp-json\/wp\/v2\/posts"}],"about":[{"href":"http:\/\/ekonomik.opole.pl\/eko3\/wp-json\/wp\/v2\/types\/post"}],"author":[{"embeddable":true,"href":"http:\/\/ekonomik.opole.pl\/eko3\/wp-json\/wp\/v2\/users\/6"}],"replies":[{"embeddable":true,"href":"http:\/\/ekonomik.opole.pl\/eko3\/wp-json\/wp\/v2\/comments?post=998689"}],"version-history":[{"count":1,"href":"http:\/\/ekonomik.opole.pl\/eko3\/wp-json\/wp\/v2\/posts\/998689\/revisions"}],"predecessor-version":[{"id":998691,"href":"http:\/\/ekonomik.opole.pl\/eko3\/wp-json\/wp\/v2\/posts\/998689\/revisions\/998691"}],"wp:featuredmedia":[{"embeddable":true,"href":"http:\/\/ekonomik.opole.pl\/eko3\/wp-json\/wp\/v2\/media\/998690"}],"wp:attachment":[{"href":"http:\/\/ekonomik.opole.pl\/eko3\/wp-json\/wp\/v2\/media?parent=998689"}],"wp:term":[{"taxonomy":"category","embeddable":true,"href":"http:\/\/ekonomik.opole.pl\/eko3\/wp-json\/wp\/v2\/categories?post=998689"},{"taxonomy":"post_tag","embeddable":true,"href":"http:\/\/ekonomik.opole.pl\/eko3\/wp-json\/wp\/v2\/tags?post=998689"}],"curies":[{"name":"wp","href":"https:\/\/api.w.org\/{rel}","templated":true}]}}